{"id":12975,"date":"2022-01-18T14:15:09","date_gmt":"2022-01-18T17:15:09","guid":{"rendered":"https:\/\/radiorevelacionfm.cl\/?p=12975"},"modified":"2022-01-18T14:15:09","modified_gmt":"2022-01-18T17:15:09","slug":"alcalde-y-concejales-de-aysen-pediran-al-gore-no-disminuir-recursos-fril-para-la-comuna","status":"publish","type":"post","link":"https:\/\/radiorevelacionfm.cl\/?p=12975","title":{"rendered":"Alcalde y Concejales de Ays\u00e9n pedir\u00e1n al GORE no disminuir recursos FRIL para la comuna"},"content":{"rendered":"<div class=\"flex_column av_one_full  flex_column_div av-zero-column-padding first  avia-builder-el-0  el_before_av_one_full  avia-builder-el-first  \" style='border-radius:0px; '><div  class='avia-image-container  av-styling-    avia-builder-el-1  avia-builder-el-no-sibling  avia-align-center '  itemprop=\"image\" itemscope=\"itemscope\" itemtype=\"https:\/\/schema.org\/ImageObject\"  ><div class='avia-image-container-inner'><div class='avia-image-overlay-wrap'><img decoding=\"async\" class='wp-image-12976 avia-img-lazy-loading-not-12976 avia_image' src=\"https:\/\/radiorevelacionfm.cl\/wp-content\/uploads\/2022\/01\/alcalde-aysen-1_optimized.jpg\" alt='' title='alcalde-aysen-(1)_optimized' height=\"600\" width=\"1067\"  itemprop=\"thumbnailUrl\" srcset=\"https:\/\/radiorevelacionfm.cl\/wp-content\/uploads\/2022\/01\/alcalde-aysen-1_optimized.jpg 1067w, https:\/\/radiorevelacionfm.cl\/wp-content\/uploads\/2022\/01\/alcalde-aysen-1_optimized-300x169.jpg 300w, https:\/\/radiorevelacionfm.cl\/wp-content\/uploads\/2022\/01\/alcalde-aysen-1_optimized-1030x579.jpg 1030w, https:\/\/radiorevelacionfm.cl\/wp-content\/uploads\/2022\/01\/alcalde-aysen-1_optimized-768x432.jpg 768w, https:\/\/radiorevelacionfm.cl\/wp-content\/uploads\/2022\/01\/alcalde-aysen-1_optimized-705x396.jpg 705w, https:\/\/radiorevelacionfm.cl\/wp-content\/uploads\/2022\/01\/alcalde-aysen-1_optimized-600x337.jpg 600w\" sizes=\"(max-width: 1067px) 100vw, 1067px\" \/><\/div><\/div><\/div><\/div><div class=\"flex_column av_one_full  flex_column_div av-zero-column-padding first  avia-builder-el-2  el_after_av_one_full  el_before_av_one_full  column-top-margin\" style='border-radius:0px; '><section class=\"av_textblock_section \"  itemscope=\"itemscope\" itemtype=\"https:\/\/schema.org\/BlogPosting\" itemprop=\"blogPost\" ><div class='avia_textblock  '   itemprop=\"text\" ><p style=\"text-align: center;\"><strong><span style=\"font-size: 18pt;\">Alcalde y Concejales de Ays\u00e9n pedir\u00e1n al GORE no disminuir recursos FRIL para la comuna<\/span><\/strong><\/p>\n<div id=\"gtx-trans\" style=\"position: absolute; left: -50px; top: 4.31534px;\">\n<div class=\"gtx-trans-icon\"><\/div>\n<\/div>\n<\/div><\/section><\/div><div class=\"flex_column av_one_full  flex_column_div av-zero-column-padding first  avia-builder-el-4  el_after_av_one_full  el_before_av_hr  column-top-margin\" style='border-radius:0px; '><section class=\"av_textblock_section \"  itemscope=\"itemscope\" itemtype=\"https:\/\/schema.org\/BlogPosting\" itemprop=\"blogPost\" ><div class='avia_textblock  '   itemprop=\"text\" ><p style=\"text-align: justify;\">Una disminuci\u00f3n considerable en el presupuesto para los proyectos FRIL tambi\u00e9n afectar\u00e1 a la comuna de Coyhaique, por ello, el Alcalde de Ays\u00e9n, Julio Uribe, llam\u00f3 a su par de la capital regional a sumarse a este planteamiento ante el CORE, con el fin de que se reeval\u00fae el tema.<\/p>\n<p style=\"text-align: justify;\">La tarde de este martes, en el plenario del Consejo Regional de Ays\u00e9n se votar\u00e1 el marco FRIL para todo el territorio y que se divide por comuna, en el caso de la comuna de Ays\u00e9n, existir\u00eda una disminuci\u00f3n en el presupuesto que superar\u00eda los 300 millones de pesos.<\/p>\n<p style=\"text-align: justify;\">Esta es una situaci\u00f3n que preocupa a todo el Concejo Municipal porte\u00f1o, liderado por el Alcalde, Julio Uribe.<\/p>\n<p style=\"text-align: justify;\">\u201cEstamos muy preocupados porque se va a desarrollar una votaci\u00f3n en el Consejo Regional, donde se est\u00e1 haciendo la distribuci\u00f3n del marco FRIL y en esta oportunidad nos hemos visto perjudicados respecto al marco FRIL 2021, donde el Municipio ten\u00eda un presupuesto por sobre los 1.400 millones de pesos y hoy se nos est\u00e1 disminuyendo en 320 millones de pesos. Esto nos afecta para la cantidad de proyectos, as\u00ed es que, yo demuestro la preocupaci\u00f3n, porque no puedo quedarme callado ante una injusticia como esta\u201d.<\/p>\n<p style=\"text-align: justify;\">El Alcalde de la comuna de Ays\u00e9n, Julio Uribe, cree que la disminuci\u00f3n en recursos para proyectos FRIL es algo realmente inquietante, debido a que las circunstancias en el tema laboral pueden cambiar este a\u00f1o y ya no existen los bonos que entregaba el Gobierno.<\/p>\n<p style=\"text-align: justify;\">\u201cEste a\u00f1o se estima que van a existir m\u00e1s dificultades, ya no va haber IFE y estos bonos que entrega el Gobierno, tambi\u00e9n hay que considerar la posible alza del sueldo m\u00ednimo que indicaba el Presidente electo, eso tambi\u00e9n va a modificar nuestro presupuesto para poder dar trabajo a las personas que por a\u00f1os han estado embelleciendo nuestra comuna. Hoy vamos al Gobierno Regional junto a todo el cuerpo de Concejales, a demostrar la preocupaci\u00f3n, tratar de revertir la situaci\u00f3n y que puedan reevaluar\u201d.<\/p>\n<p style=\"text-align: justify;\">Una disminuci\u00f3n considerable en el presupuesto para los proyectos FRIL tambi\u00e9n afectar\u00e1 a la comuna de Coyhaique, por ello, el Alcalde de Ays\u00e9n, Julio Uribe, llam\u00f3 a su par de la capital regional a sumarse a este planteamiento ante el CORE, con el fin de que se reeval\u00fae el tema.<\/p>\n<\/div><\/section><\/div><div  style='height:50px' class='hr hr-invisible   avia-builder-el-6  el_after_av_one_full  el_before_av_social_share '><span class='hr-inner ' ><span class='hr-inner-style'><\/span><\/span><\/div><\/p>\n<div  class='av-social-sharing-box  avia-builder-el-7  el_after_av_hr  el_before_av_hr  '><div class='av-share-box'><h5 class='av-share-link-description av-no-toc '>Compartir esta noticia<\/h5><ul class='av-share-box-list noLightbox'><li class='av-share-link av-social-link-facebook' ><a target=\"_blank\" aria-label=\"Compartir en Facebook\" href='https:\/\/www.facebook.com\/sharer.php?u=https:\/\/radiorevelacionfm.cl\/?p=12975&#038;t=Alcalde%20y%20Concejales%20de%20Ays%C3%A9n%20pedir%C3%A1n%20al%20GORE%20no%20disminuir%20recursos%20FRIL%20para%20la%20comuna' aria-hidden='false' data-av_icon='\ue8f3' data-av_iconfont='entypo-fontello' title='' data-avia-related-tooltip='Compartir en Facebook' rel=\"noopener\"><span class='avia_hidden_link_text'>Compartir en Facebook<\/span><\/a><\/li><li class='av-share-link av-social-link-twitter' ><a target=\"_blank\" aria-label=\"Compartir en Twitter\" href='https:\/\/twitter.com\/share?text=Alcalde%20y%20Concejales%20de%20Ays%C3%A9n%20pedir%C3%A1n%20al%20GORE%20no%20disminuir%20recursos%20FRIL%20para%20la%20comuna&#038;url=https:\/\/radiorevelacionfm.cl\/?p=12975' aria-hidden='false' data-av_icon='\ue8f1' data-av_iconfont='entypo-fontello' title='' data-avia-related-tooltip='Compartir en Twitter' rel=\"noopener\"><span class='avia_hidden_link_text'>Compartir en Twitter<\/span><\/a><\/li><li class='av-share-link av-social-link-whatsapp' ><a target=\"_blank\" aria-label=\"Compartir en Whatsapp\" href='https:\/\/api.whatsapp.com\/send?text=https:\/\/radiorevelacionfm.cl\/?p=12975' aria-hidden='false' data-av_icon='\uf232' data-av_iconfont='entypo-fontello' title='' data-avia-related-tooltip='Compartir en Whatsapp' rel=\"noopener\"><span class='avia_hidden_link_text'>Compartir en Whatsapp<\/span><\/a><\/li><li class='av-share-link av-social-link-linkedin' ><a target=\"_blank\" aria-label=\"Compartir en LinkedIn\" href='https:\/\/linkedin.com\/shareArticle?mini=true&#038;title=Alcalde%20y%20Concejales%20de%20Ays%C3%A9n%20pedir%C3%A1n%20al%20GORE%20no%20disminuir%20recursos%20FRIL%20para%20la%20comuna&#038;url=https:\/\/radiorevelacionfm.cl\/?p=12975' aria-hidden='false' data-av_icon='\ue8fc' data-av_iconfont='entypo-fontello' title='' data-avia-related-tooltip='Compartir en LinkedIn' rel=\"noopener\"><span class='avia_hidden_link_text'>Compartir en LinkedIn<\/span><\/a><\/li><li class='av-share-link av-social-link-mail' ><a  aria-label=\"Compartir por correo\" href='mailto:?subject=Alcalde%20y%20Concejales%20de%20Ays%C3%A9n%20pedir%C3%A1n%20al%20GORE%20no%20disminuir%20recursos%20FRIL%20para%20la%20comuna&#038;body=https:\/\/radiorevelacionfm.cl\/?p=12975' aria-hidden='false' data-av_icon='\ue805' data-av_iconfont='entypo-fontello' title='' data-avia-related-tooltip='Compartir por correo'><span class='avia_hidden_link_text'>Compartir por correo<\/span><\/a><\/li><\/ul><\/div><\/div>\n<div  style='height:50px' class='hr hr-invisible   avia-builder-el-8  el_after_av_social_share  el_before_av_comments_list '><span class='hr-inner ' ><span class='hr-inner-style'><\/span><\/span><\/div>\n<div  class='av-buildercomment  av-blog-meta-html-info-disabled av-blog-meta-tag-disabled  '><\/div>\n","protected":false},"excerpt":{"rendered":"","protected":false},"author":1,"featured_media":12976,"comment_status":"open","ping_status":"open","sticky":false,"template":"","format":"standard","meta":{"footnotes":""},"categories":[38],"tags":[],"class_list":["post-12975","post","type-post","status-publish","format-standard","has-post-thumbnail","hentry","category-regional"],"jetpack_featured_media_url":"https:\/\/radiorevelacionfm.cl\/wp-content\/uploads\/2022\/01\/alcalde-aysen-1_optimized.jpg","_links":{"self":[{"href":"https:\/\/radiorevelacionfm.cl\/index.php?rest_route=\/wp\/v2\/posts\/12975","targetHints":{"allow":["GET"]}}],"collection":[{"href":"https:\/\/radiorevelacionfm.cl\/index.php?rest_route=\/wp\/v2\/posts"}],"about":[{"href":"https:\/\/radiorevelacionfm.cl\/index.php?rest_route=\/wp\/v2\/types\/post"}],"author":[{"embeddable":true,"href":"https:\/\/radiorevelacionfm.cl\/index.php?rest_route=\/wp\/v2\/users\/1"}],"replies":[{"embeddable":true,"href":"https:\/\/radiorevelacionfm.cl\/index.php?rest_route=%2Fwp%2Fv2%2Fcomments&post=12975"}],"version-history":[{"count":2,"href":"https:\/\/radiorevelacionfm.cl\/index.php?rest_route=\/wp\/v2\/posts\/12975\/revisions"}],"predecessor-version":[{"id":12978,"href":"https:\/\/radiorevelacionfm.cl\/index.php?rest_route=\/wp\/v2\/posts\/12975\/revisions\/12978"}],"wp:featuredmedia":[{"embeddable":true,"href":"https:\/\/radiorevelacionfm.cl\/index.php?rest_route=\/wp\/v2\/media\/12976"}],"wp:attachment":[{"href":"https:\/\/radiorevelacionfm.cl\/index.php?rest_route=%2Fwp%2Fv2%2Fmedia&parent=12975"}],"wp:term":[{"taxonomy":"category","embeddable":true,"href":"https:\/\/radiorevelacionfm.cl\/index.php?rest_route=%2Fwp%2Fv2%2Fcategories&post=12975"},{"taxonomy":"post_tag","embeddable":true,"href":"https:\/\/radiorevelacionfm.cl\/index.php?rest_route=%2Fwp%2Fv2%2Ftags&post=12975"}],"curies":[{"name":"wp","href":"https:\/\/api.w.org\/{rel}","templated":true}]}}