{"id":12956,"date":"2022-01-18T12:54:00","date_gmt":"2022-01-18T15:54:00","guid":{"rendered":"https:\/\/radiorevelacionfm.cl\/?p=12956"},"modified":"2022-01-18T12:54:00","modified_gmt":"2022-01-18T15:54:00","slug":"injuv-se-suma-a-iniciativa-popular-para-reconocer-el-voluntariado-en-la-nueva-constitucion","status":"publish","type":"post","link":"https:\/\/radiorevelacionfm.cl\/?p=12956","title":{"rendered":"INJUV se suma a iniciativa popular para reconocer el voluntariado en la nueva Constituci\u00f3n"},"content":{"rendered":"<div class=\"flex_column av_one_full  flex_column_div av-zero-column-padding first  avia-builder-el-0  el_before_av_one_full  avia-builder-el-first  \" style='border-radius:0px; '><div  class='avia-image-container  av-styling-    avia-builder-el-1  avia-builder-el-no-sibling  avia-align-center '  itemprop=\"image\" itemscope=\"itemscope\" itemtype=\"https:\/\/schema.org\/ImageObject\"  ><div class='avia-image-container-inner'><div class='avia-image-overlay-wrap'><img decoding=\"async\" class='wp-image-12958 avia-img-lazy-loading-not-12958 avia_image' src=\"https:\/\/radiorevelacionfm.cl\/wp-content\/uploads\/2022\/01\/Grafica-Iniciativa-voluntariado-1-1.jpg\" alt='' title='Gr\u00e1fica Iniciativa voluntariado (1) (1)' height=\"600\" width=\"479\"  itemprop=\"thumbnailUrl\" srcset=\"https:\/\/radiorevelacionfm.cl\/wp-content\/uploads\/2022\/01\/Grafica-Iniciativa-voluntariado-1-1.jpg 479w, https:\/\/radiorevelacionfm.cl\/wp-content\/uploads\/2022\/01\/Grafica-Iniciativa-voluntariado-1-1-240x300.jpg 240w\" sizes=\"(max-width: 479px) 100vw, 479px\" \/><\/div><\/div><\/div><\/div><div class=\"flex_column av_one_full  flex_column_div av-zero-column-padding first  avia-builder-el-2  el_after_av_one_full  el_before_av_one_full  column-top-margin\" style='border-radius:0px; '><section class=\"av_textblock_section \"  itemscope=\"itemscope\" itemtype=\"https:\/\/schema.org\/BlogPosting\" itemprop=\"blogPost\" ><div class='avia_textblock  '   itemprop=\"text\" ><p style=\"text-align: center;\"><span style=\"font-size: 18pt;\"><strong>INJUV se suma a iniciativa popular para reconocer el voluntariado en la nueva Constituci\u00f3n<\/strong><\/span><\/p>\n<div id=\"gtx-trans\" style=\"position: absolute; left: -50px; top: 4.31534px;\">\n<div class=\"gtx-trans-icon\"><\/div>\n<\/div>\n<\/div><\/section><\/div><div class=\"flex_column av_one_full  flex_column_div av-zero-column-padding first  avia-builder-el-4  el_after_av_one_full  el_before_av_hr  column-top-margin\" style='border-radius:0px; '><section class=\"av_textblock_section \"  itemscope=\"itemscope\" itemtype=\"https:\/\/schema.org\/BlogPosting\" itemprop=\"blogPost\" ><div class='avia_textblock  '   itemprop=\"text\" ><p style=\"text-align: justify;\">El Instituto Nacional de la Juventud (Injuv) reconoce la importancia del voluntariado en la sociedad y es por eso que se suma a la campa\u00f1a de la Red Voluntarios de Chile para conseguir firmas y poder llevar el tema a la Convenci\u00f3n Constitucional.<\/p>\n<p style=\"text-align: justify;\">De acuerdo a estudios realizados por la instituci\u00f3n, un 77% de las y los j\u00f3venes entre 15 a 29 a\u00f1os declara tener un alto inter\u00e9s por realizar una acci\u00f3n voluntaria, y el \u00e9xito de las convocatorias realizadas por Injuv a trav\u00e9s del programa Transforma Pa\u00eds dan prueba de aquello.<\/p>\n<p style=\"text-align: justify;\">A trav\u00e9s de este programa, los voluntarios de Injuv han estado presentes en distintas \u00e1reas de acci\u00f3n ayudando a sus comunidades, especialmente detectando problemas que las aquejan y buscando soluciones.<\/p>\n<p style=\"text-align: justify;\">Un \u00e1rea relevante tambi\u00e9n ha sido la preparaci\u00f3n de voluntariado en cat\u00e1strofes, donde se destaca el trabajo que frecuentemente se realiza con Onemi y Conaf, por mencionar algunas.<\/p>\n<p style=\"text-align: justify;\">\u201cEl voluntariado es clave para que las juventudes puedan articularse en torno a causas comunes, generen redes de contacto, fortalezcan los cambios que est\u00e1n impulsando en su entorno y potencien su camino vocacional adquiriendo habilidades que lo permitan. Por eso, desde Injuv nos sumamos a esta iniciativa\u201d, explica la directora nacional de Injuv, Renata Santander.<\/p>\n<p style=\"text-align: justify;\">La iniciativa popular de norma impulsada por la Red de Voluntarios de Chile busca el reconocimiento a nivel constitucional del voluntariado y los incentivos que se puedan establecer en una posterior ley que lo regule adem\u00e1s de la generaci\u00f3n de un \u00f3rgano estatal que promueva y articule el mismo.<\/p>\n<p style=\"text-align: justify;\">Seg\u00fan esta iniciativa, el Estado promover\u00e1 la vinculaci\u00f3n del voluntariado con la ciencia y tecnolog\u00eda, la educaci\u00f3n, y la protecci\u00f3n e incremento del patrimonio social, cultural y ambiental, entre otros, propendiendo a su fomento desde la juventud, as\u00ed como en las siguientes etapas de la vida.<\/p>\n<p style=\"text-align: justify;\">\u201cQueremos so\u00f1ar con un Chile donde el voluntariado sea reconocido a nivel constitucional y promovido por un \u00f3rgano estatal, que a su vez venga acompa\u00f1ado con una ley en donde se pueda regular los distintos derechos y deberes de las personas voluntarias y las organizaciones que trabajan con \u00e9stas\u201d, destaca Sebasti\u00e1n Ch\u00e1vez, director ejecutivo de la Red de Voluntarios de Chile.<\/p>\n<p style=\"text-align: justify;\">La iniciativa popular para reconocer el voluntariado en la nueva constituci\u00f3n, necesita recolectar 15 mil firmas antes del 1 de febrero de 2022. Quienes quieran apoyar esta iniciativa pueden hacerlo en <a href=\"https:\/\/plataforma.chileconvencion.cl\/m\/iniciativa_popular\/detalle?id=18866\">https:\/\/plataforma.chileconvencion.cl\/m\/iniciativa_popular\/detalle?id=18866<\/a>.<\/p>\n<\/div><\/section><\/div><div  style='height:50px' class='hr hr-invisible   avia-builder-el-6  el_after_av_one_full  el_before_av_social_share '><span class='hr-inner ' ><span class='hr-inner-style'><\/span><\/span><\/div><\/p>\n<div  class='av-social-sharing-box  avia-builder-el-7  el_after_av_hr  el_before_av_hr  '><div class='av-share-box'><h5 class='av-share-link-description av-no-toc '>Compartir esta noticia<\/h5><ul class='av-share-box-list noLightbox'><li class='av-share-link av-social-link-facebook' ><a target=\"_blank\" aria-label=\"Compartir en Facebook\" href='https:\/\/www.facebook.com\/sharer.php?u=https:\/\/radiorevelacionfm.cl\/?p=12956&#038;t=INJUV%20se%20suma%20a%20iniciativa%20popular%20para%20reconocer%20el%20voluntariado%20en%20la%20nueva%20Constituci%C3%B3n' aria-hidden='false' data-av_icon='\ue8f3' data-av_iconfont='entypo-fontello' title='' data-avia-related-tooltip='Compartir en Facebook' rel=\"noopener\"><span class='avia_hidden_link_text'>Compartir en Facebook<\/span><\/a><\/li><li class='av-share-link av-social-link-twitter' ><a target=\"_blank\" aria-label=\"Compartir en Twitter\" href='https:\/\/twitter.com\/share?text=INJUV%20se%20suma%20a%20iniciativa%20popular%20para%20reconocer%20el%20voluntariado%20en%20la%20nueva%20Constituci%C3%B3n&#038;url=https:\/\/radiorevelacionfm.cl\/?p=12956' aria-hidden='false' data-av_icon='\ue8f1' data-av_iconfont='entypo-fontello' title='' data-avia-related-tooltip='Compartir en Twitter' rel=\"noopener\"><span class='avia_hidden_link_text'>Compartir en Twitter<\/span><\/a><\/li><li class='av-share-link av-social-link-whatsapp' ><a target=\"_blank\" aria-label=\"Compartir en Whatsapp\" href='https:\/\/api.whatsapp.com\/send?text=https:\/\/radiorevelacionfm.cl\/?p=12956' aria-hidden='false' data-av_icon='\uf232' data-av_iconfont='entypo-fontello' title='' data-avia-related-tooltip='Compartir en Whatsapp' rel=\"noopener\"><span class='avia_hidden_link_text'>Compartir en Whatsapp<\/span><\/a><\/li><li class='av-share-link av-social-link-linkedin' ><a target=\"_blank\" aria-label=\"Compartir en LinkedIn\" href='https:\/\/linkedin.com\/shareArticle?mini=true&#038;title=INJUV%20se%20suma%20a%20iniciativa%20popular%20para%20reconocer%20el%20voluntariado%20en%20la%20nueva%20Constituci%C3%B3n&#038;url=https:\/\/radiorevelacionfm.cl\/?p=12956' aria-hidden='false' data-av_icon='\ue8fc' data-av_iconfont='entypo-fontello' title='' data-avia-related-tooltip='Compartir en LinkedIn' rel=\"noopener\"><span class='avia_hidden_link_text'>Compartir en LinkedIn<\/span><\/a><\/li><li class='av-share-link av-social-link-mail' ><a  aria-label=\"Compartir por correo\" href='mailto:?subject=INJUV%20se%20suma%20a%20iniciativa%20popular%20para%20reconocer%20el%20voluntariado%20en%20la%20nueva%20Constituci%C3%B3n&#038;body=https:\/\/radiorevelacionfm.cl\/?p=12956' aria-hidden='false' data-av_icon='\ue805' data-av_iconfont='entypo-fontello' title='' data-avia-related-tooltip='Compartir por correo'><span class='avia_hidden_link_text'>Compartir por correo<\/span><\/a><\/li><\/ul><\/div><\/div>\n<div  style='height:50px' class='hr hr-invisible   avia-builder-el-8  el_after_av_social_share  el_before_av_comments_list '><span class='hr-inner ' ><span class='hr-inner-style'><\/span><\/span><\/div>\n<div  class='av-buildercomment  av-blog-meta-html-info-disabled av-blog-meta-tag-disabled  '><\/div>\n","protected":false},"excerpt":{"rendered":"","protected":false},"author":1,"featured_media":12957,"comment_status":"open","ping_status":"open","sticky":false,"template":"","format":"standard","meta":{"footnotes":""},"categories":[38],"tags":[],"class_list":["post-12956","post","type-post","status-publish","format-standard","has-post-thumbnail","hentry","category-regional"],"jetpack_featured_media_url":"https:\/\/radiorevelacionfm.cl\/wp-content\/uploads\/2022\/01\/image-4_optimized.jpg","_links":{"self":[{"href":"https:\/\/radiorevelacionfm.cl\/index.php?rest_route=\/wp\/v2\/posts\/12956","targetHints":{"allow":["GET"]}}],"collection":[{"href":"https:\/\/radiorevelacionfm.cl\/index.php?rest_route=\/wp\/v2\/posts"}],"about":[{"href":"https:\/\/radiorevelacionfm.cl\/index.php?rest_route=\/wp\/v2\/types\/post"}],"author":[{"embeddable":true,"href":"https:\/\/radiorevelacionfm.cl\/index.php?rest_route=\/wp\/v2\/users\/1"}],"replies":[{"embeddable":true,"href":"https:\/\/radiorevelacionfm.cl\/index.php?rest_route=%2Fwp%2Fv2%2Fcomments&post=12956"}],"version-history":[{"count":2,"href":"https:\/\/radiorevelacionfm.cl\/index.php?rest_route=\/wp\/v2\/posts\/12956\/revisions"}],"predecessor-version":[{"id":12971,"href":"https:\/\/radiorevelacionfm.cl\/index.php?rest_route=\/wp\/v2\/posts\/12956\/revisions\/12971"}],"wp:featuredmedia":[{"embeddable":true,"href":"https:\/\/radiorevelacionfm.cl\/index.php?rest_route=\/wp\/v2\/media\/12957"}],"wp:attachment":[{"href":"https:\/\/radiorevelacionfm.cl\/index.php?rest_route=%2Fwp%2Fv2%2Fmedia&parent=12956"}],"wp:term":[{"taxonomy":"category","embeddable":true,"href":"https:\/\/radiorevelacionfm.cl\/index.php?rest_route=%2Fwp%2Fv2%2Fcategories&post=12956"},{"taxonomy":"post_tag","embeddable":true,"href":"https:\/\/radiorevelacionfm.cl\/index.php?rest_route=%2Fwp%2Fv2%2Ftags&post=12956"}],"curies":[{"name":"wp","href":"https:\/\/api.w.org\/{rel}","templated":true}]}}