{"id":12952,"date":"2022-01-18T09:47:51","date_gmt":"2022-01-18T12:47:51","guid":{"rendered":"https:\/\/radiorevelacionfm.cl\/?p=12952"},"modified":"2022-01-18T09:47:51","modified_gmt":"2022-01-18T12:47:51","slug":"musical-infantil-de-la-compania-ramillete-clown-tuvo-excelente-recepcion-del-publico-en-vive-el-verano-en-aysen","status":"publish","type":"post","link":"https:\/\/radiorevelacionfm.cl\/?p=12952","title":{"rendered":"Musical infantil de la compa\u00f1\u00eda Ramillete Clown tuvo excelente recepci\u00f3n del p\u00fablico en Vive el Verano en Ays\u00e9n"},"content":{"rendered":"<div class=\"flex_column av_one_full  flex_column_div av-zero-column-padding first  avia-builder-el-0  el_before_av_one_full  avia-builder-el-first  \" style='border-radius:0px; '><div  class='avia-image-container  av-styling-    avia-builder-el-1  avia-builder-el-no-sibling  avia-align-center '  itemprop=\"image\" itemscope=\"itemscope\" itemtype=\"https:\/\/schema.org\/ImageObject\"  ><div class='avia-image-container-inner'><div class='avia-image-overlay-wrap'><img decoding=\"async\" class='wp-image-12953 avia-img-lazy-loading-not-12953 avia_image' src=\"https:\/\/radiorevelacionfm.cl\/wp-content\/uploads\/2022\/01\/foto-3-7-2_optimized.jpg\" alt='' title='foto-3-(7)-(2)_optimized' height=\"600\" width=\"900\"  itemprop=\"thumbnailUrl\" srcset=\"https:\/\/radiorevelacionfm.cl\/wp-content\/uploads\/2022\/01\/foto-3-7-2_optimized.jpg 900w, https:\/\/radiorevelacionfm.cl\/wp-content\/uploads\/2022\/01\/foto-3-7-2_optimized-300x200.jpg 300w, https:\/\/radiorevelacionfm.cl\/wp-content\/uploads\/2022\/01\/foto-3-7-2_optimized-768x512.jpg 768w, https:\/\/radiorevelacionfm.cl\/wp-content\/uploads\/2022\/01\/foto-3-7-2_optimized-705x470.jpg 705w, https:\/\/radiorevelacionfm.cl\/wp-content\/uploads\/2022\/01\/foto-3-7-2_optimized-600x400.jpg 600w\" sizes=\"(max-width: 900px) 100vw, 900px\" \/><\/div><\/div><\/div><\/div><div class=\"flex_column av_one_full  flex_column_div av-zero-column-padding first  avia-builder-el-2  el_after_av_one_full  el_before_av_one_full  column-top-margin\" style='border-radius:0px; '><section class=\"av_textblock_section \"  itemscope=\"itemscope\" itemtype=\"https:\/\/schema.org\/BlogPosting\" itemprop=\"blogPost\" ><div class='avia_textblock  '   itemprop=\"text\" ><p style=\"text-align: center;\"><span style=\"font-size: 18pt;\"><strong>Musical infantil de la compa\u00f1\u00eda Ramillete Clown tuvo excelente recepci\u00f3n del p\u00fablico en Vive el Verano en Ays\u00e9n<\/strong><\/span><\/p>\n<div id=\"gtx-trans\" style=\"position: absolute; left: -50px; top: 4.31534px;\">\n<div class=\"gtx-trans-icon\"><\/div>\n<\/div>\n<\/div><\/section><\/div><div class=\"flex_column av_one_full  flex_column_div av-zero-column-padding first  avia-builder-el-4  el_after_av_one_full  el_before_av_hr  column-top-margin\" style='border-radius:0px; '><section class=\"av_textblock_section \"  itemscope=\"itemscope\" itemtype=\"https:\/\/schema.org\/BlogPosting\" itemprop=\"blogPost\" ><div class='avia_textblock  '   itemprop=\"text\" ><p style=\"text-align: justify;\">La compa\u00f1\u00eda Ramillete Clown, para el aniversario n\u00famero 94 de la comuna, present\u00f3 en la Plaza de Puerto Ays\u00e9n la obra infantil \u201cCantando bajo la ducha\u201d, puesta en escena interactiva que permiti\u00f3 un fin de semana familiar en torno a la cultura y la relevancia del cuidado del agua como recurso natural de las comunidades.<\/p>\n<p style=\"text-align: justify;\">Con una propuesta caracter\u00edstica del clown, la compa\u00f1\u00eda teatral, que dispone de una amplia trayectoria, entre la que se suma la participaci\u00f3n en el reconocido Festival Santiago a Mil, arrib\u00f3 a la capital comunal en el marco de Vive el Verano en Ays\u00e9n, organizado por la Ilustre Municipalidad de Ays\u00e9n en conjunto a diversas unidades y departamentos para garantizar espacios recreativos luego del encierro ocasionado por la crisis sanitaria.<\/p>\n<p style=\"text-align: justify;\">\u00a0La obra, titulada \u201cCantando bajo la ducha\u201d, a trav\u00e9s de herramientas pedag\u00f3gicas, lenguajes art\u00edsticos como el canto, la m\u00fasica y la danza, rompe la tradicional barrera actor y espectador evocando un claro mensaje: la importancia del agua para la vida del planeta y los seres vivos.<\/p>\n<p style=\"text-align: justify;\">El libreto creado en pandemia, en palabras de Juan Pablo Y\u00e1\u00f1ez, m\u00fasico de Ramillete Clown, hace gui\u00f1os a diferentes hechos ocurridos durante 2020 y 2021. \u201cToca el tema del coronavirus y tambi\u00e9n uno s\u00faper importante, que es el cuidado del agua. Era sustancial para nosotros hablar de ello, porque es escasa y tenemos que cuidarla lo m\u00e1s posible, as\u00ed que un lindo mensaje que entrega la obra\u201d, expres\u00f3 tras la c\u00e1lida recepci\u00f3n del p\u00fablico aysenino el artista.<\/p>\n<p style=\"text-align: justify;\">Por otra parte, el alcalde Julio Uribe Alvarado, destac\u00f3 el enfoque social y el acceso a la cultura como derecho intr\u00ednseco que han puesto desde la actual gesti\u00f3n municipal en el aniversario. \u201cEsto es lo diferente que queremos mostrar, obras que tienen contenido y que realmente es un mensaje claro para los ni\u00f1os, para que cuidemos el agua y la podamos proteger, entender la realidad del cambio clim\u00e1tico\u201d, a lo que agreg\u00f3 la necesidad de que ni\u00f1os y ni\u00f1as aprendan desde temprana edad sobre los recursos naturales.<\/p>\n<p style=\"text-align: justify;\">En tanto, desde la compa\u00f1\u00eda valoraron la acogida marcada por los aplausos y donde a pesar de la lluvia, los espectadores no se movieron de la Plaza de Armas, dejando paso a una reflexi\u00f3n tras la presentaci\u00f3n de \u201cCantando bajo la ducha\u201d en Puerto Ays\u00e9n. \u201cNuestro escudo protector es el amor, el amor lo puede todo\u201d, sostuvo el elenco que dej\u00f3 a la comunidad contenta luego del largo receso sufrido en los espacios culturales por la pandemia.<\/p>\n<p style=\"text-align: justify;\">\u201cEs muy importante el mensaje del agua y la manera l\u00fadica en que lo transmiten, y que lindo poder contar con espect\u00e1culos de este nivel con artistas regionales de alt\u00edsimo nivel. Es s\u00faper necesario que los ni\u00f1os tengan acceso al arte, ojal\u00e1 hayan m\u00e1s espacios para el arte, para toda la familia en verdad\u201d, coment\u00f3 Sol Vargas, que asisti\u00f3 a la funci\u00f3n. Opini\u00f3n parecida tuvo otra vecina que concurri\u00f3 en compa\u00f1\u00eda de sus nietos. \u201cLos traje porque supimos que hab\u00eda esta entretenci\u00f3n. Estoy muy contenta, muy feliz. De repente con todo lo que estamos pasando nos hace falta esto, una entretenci\u00f3n bonita para los ni\u00f1os\u201d, puntualiz\u00f3.<\/p>\n<\/div><\/section><\/div><div  style='height:50px' class='hr hr-invisible   avia-builder-el-6  el_after_av_one_full  el_before_av_social_share '><span class='hr-inner ' ><span class='hr-inner-style'><\/span><\/span><\/div><\/p>\n<div  class='av-social-sharing-box  avia-builder-el-7  el_after_av_hr  el_before_av_hr  '><div class='av-share-box'><h5 class='av-share-link-description av-no-toc '>Compartir esta noticia<\/h5><ul class='av-share-box-list noLightbox'><li class='av-share-link av-social-link-facebook' ><a target=\"_blank\" aria-label=\"Compartir en Facebook\" href='https:\/\/www.facebook.com\/sharer.php?u=https:\/\/radiorevelacionfm.cl\/?p=12952&#038;t=Musical%20infantil%20de%20la%20compa%C3%B1%C3%ADa%20Ramillete%20Clown%20tuvo%20excelente%20recepci%C3%B3n%20del%20p%C3%BAblico%20en%20Vive%20el%20Verano%20en%20Ays%C3%A9n' aria-hidden='false' data-av_icon='\ue8f3' data-av_iconfont='entypo-fontello' title='' data-avia-related-tooltip='Compartir en Facebook' rel=\"noopener\"><span class='avia_hidden_link_text'>Compartir en Facebook<\/span><\/a><\/li><li class='av-share-link av-social-link-twitter' ><a target=\"_blank\" aria-label=\"Compartir en Twitter\" href='https:\/\/twitter.com\/share?text=Musical%20infantil%20de%20la%20compa%C3%B1%C3%ADa%20Ramillete%20Clown%20tuvo%20excelente%20recepci%C3%B3n%20del%20p%C3%BAblico%20en%20Vive%20el%20Verano%20en%20Ays%C3%A9n&#038;url=https:\/\/radiorevelacionfm.cl\/?p=12952' aria-hidden='false' data-av_icon='\ue8f1' data-av_iconfont='entypo-fontello' title='' data-avia-related-tooltip='Compartir en Twitter' rel=\"noopener\"><span class='avia_hidden_link_text'>Compartir en Twitter<\/span><\/a><\/li><li class='av-share-link av-social-link-whatsapp' ><a target=\"_blank\" aria-label=\"Compartir en Whatsapp\" href='https:\/\/api.whatsapp.com\/send?text=https:\/\/radiorevelacionfm.cl\/?p=12952' aria-hidden='false' data-av_icon='\uf232' data-av_iconfont='entypo-fontello' title='' data-avia-related-tooltip='Compartir en Whatsapp' rel=\"noopener\"><span class='avia_hidden_link_text'>Compartir en Whatsapp<\/span><\/a><\/li><li class='av-share-link av-social-link-linkedin' ><a target=\"_blank\" aria-label=\"Compartir en LinkedIn\" href='https:\/\/linkedin.com\/shareArticle?mini=true&#038;title=Musical%20infantil%20de%20la%20compa%C3%B1%C3%ADa%20Ramillete%20Clown%20tuvo%20excelente%20recepci%C3%B3n%20del%20p%C3%BAblico%20en%20Vive%20el%20Verano%20en%20Ays%C3%A9n&#038;url=https:\/\/radiorevelacionfm.cl\/?p=12952' aria-hidden='false' data-av_icon='\ue8fc' data-av_iconfont='entypo-fontello' title='' data-avia-related-tooltip='Compartir en LinkedIn' rel=\"noopener\"><span class='avia_hidden_link_text'>Compartir en LinkedIn<\/span><\/a><\/li><li class='av-share-link av-social-link-mail' ><a  aria-label=\"Compartir por correo\" href='mailto:?subject=Musical%20infantil%20de%20la%20compa%C3%B1%C3%ADa%20Ramillete%20Clown%20tuvo%20excelente%20recepci%C3%B3n%20del%20p%C3%BAblico%20en%20Vive%20el%20Verano%20en%20Ays%C3%A9n&#038;body=https:\/\/radiorevelacionfm.cl\/?p=12952' aria-hidden='false' data-av_icon='\ue805' data-av_iconfont='entypo-fontello' title='' data-avia-related-tooltip='Compartir por correo'><span class='avia_hidden_link_text'>Compartir por correo<\/span><\/a><\/li><\/ul><\/div><\/div>\n<div  style='height:50px' class='hr hr-invisible   avia-builder-el-8  el_after_av_social_share  el_before_av_comments_list '><span class='hr-inner ' ><span class='hr-inner-style'><\/span><\/span><\/div>\n<div  class='av-buildercomment  av-blog-meta-html-info-disabled av-blog-meta-tag-disabled  '><\/div>\n","protected":false},"excerpt":{"rendered":"","protected":false},"author":1,"featured_media":12953,"comment_status":"open","ping_status":"open","sticky":false,"template":"","format":"standard","meta":{"footnotes":""},"categories":[38],"tags":[],"class_list":["post-12952","post","type-post","status-publish","format-standard","has-post-thumbnail","hentry","category-regional"],"jetpack_featured_media_url":"https:\/\/radiorevelacionfm.cl\/wp-content\/uploads\/2022\/01\/foto-3-7-2_optimized.jpg","_links":{"self":[{"href":"https:\/\/radiorevelacionfm.cl\/index.php?rest_route=\/wp\/v2\/posts\/12952","targetHints":{"allow":["GET"]}}],"collection":[{"href":"https:\/\/radiorevelacionfm.cl\/index.php?rest_route=\/wp\/v2\/posts"}],"about":[{"href":"https:\/\/radiorevelacionfm.cl\/index.php?rest_route=\/wp\/v2\/types\/post"}],"author":[{"embeddable":true,"href":"https:\/\/radiorevelacionfm.cl\/index.php?rest_route=\/wp\/v2\/users\/1"}],"replies":[{"embeddable":true,"href":"https:\/\/radiorevelacionfm.cl\/index.php?rest_route=%2Fwp%2Fv2%2Fcomments&post=12952"}],"version-history":[{"count":2,"href":"https:\/\/radiorevelacionfm.cl\/index.php?rest_route=\/wp\/v2\/posts\/12952\/revisions"}],"predecessor-version":[{"id":12955,"href":"https:\/\/radiorevelacionfm.cl\/index.php?rest_route=\/wp\/v2\/posts\/12952\/revisions\/12955"}],"wp:featuredmedia":[{"embeddable":true,"href":"https:\/\/radiorevelacionfm.cl\/index.php?rest_route=\/wp\/v2\/media\/12953"}],"wp:attachment":[{"href":"https:\/\/radiorevelacionfm.cl\/index.php?rest_route=%2Fwp%2Fv2%2Fmedia&parent=12952"}],"wp:term":[{"taxonomy":"category","embeddable":true,"href":"https:\/\/radiorevelacionfm.cl\/index.php?rest_route=%2Fwp%2Fv2%2Fcategories&post=12952"},{"taxonomy":"post_tag","embeddable":true,"href":"https:\/\/radiorevelacionfm.cl\/index.php?rest_route=%2Fwp%2Fv2%2Ftags&post=12952"}],"curies":[{"name":"wp","href":"https:\/\/api.w.org\/{rel}","templated":true}]}}