{"id":12947,"date":"2022-01-18T09:23:25","date_gmt":"2022-01-18T12:23:25","guid":{"rendered":"https:\/\/radiorevelacionfm.cl\/?p=12947"},"modified":"2022-01-18T10:32:56","modified_gmt":"2022-01-18T13:32:56","slug":"concluye-vaciamiento-del-lago-hpn4-en-la-comuna-de-tortel","status":"publish","type":"post","link":"https:\/\/radiorevelacionfm.cl\/?p=12947","title":{"rendered":"Concluye vaciamiento del lago HPN4 en la comuna de Tortel"},"content":{"rendered":"<div class=\"flex_column av_one_full  flex_column_div av-zero-column-padding first  avia-builder-el-0  el_before_av_one_full  avia-builder-el-first  \" style='border-radius:0px; '><div  class='avia-image-container  av-styling-    avia-builder-el-1  avia-builder-el-no-sibling  avia-align-center '  itemprop=\"image\" itemscope=\"itemscope\" itemtype=\"https:\/\/schema.org\/ImageObject\"  ><div class='avia-image-container-inner'><div class='avia-image-overlay-wrap'><img decoding=\"async\" class='wp-image-12962 avia-img-lazy-loading-not-12962 avia_image' src=\"https:\/\/radiorevelacionfm.cl\/wp-content\/uploads\/2022\/01\/LAGO-HPN4-2-1-1.jpg\" alt='' title='LAGO HPN4 (2) (1) (1)' height=\"600\" width=\"1065\"  itemprop=\"thumbnailUrl\" srcset=\"https:\/\/radiorevelacionfm.cl\/wp-content\/uploads\/2022\/01\/LAGO-HPN4-2-1-1.jpg 1065w, https:\/\/radiorevelacionfm.cl\/wp-content\/uploads\/2022\/01\/LAGO-HPN4-2-1-1-300x169.jpg 300w, https:\/\/radiorevelacionfm.cl\/wp-content\/uploads\/2022\/01\/LAGO-HPN4-2-1-1-1030x580.jpg 1030w, https:\/\/radiorevelacionfm.cl\/wp-content\/uploads\/2022\/01\/LAGO-HPN4-2-1-1-768x433.jpg 768w, https:\/\/radiorevelacionfm.cl\/wp-content\/uploads\/2022\/01\/LAGO-HPN4-2-1-1-705x397.jpg 705w, https:\/\/radiorevelacionfm.cl\/wp-content\/uploads\/2022\/01\/LAGO-HPN4-2-1-1-600x338.jpg 600w\" sizes=\"(max-width: 1065px) 100vw, 1065px\" \/><\/div><\/div><\/div><\/div><div class=\"flex_column av_one_full  flex_column_div av-zero-column-padding first  avia-builder-el-2  el_after_av_one_full  el_before_av_one_full  column-top-margin\" style='border-radius:0px; '><section class=\"av_textblock_section \"  itemscope=\"itemscope\" itemtype=\"https:\/\/schema.org\/BlogPosting\" itemprop=\"blogPost\" ><div class='avia_textblock  '   itemprop=\"text\" ><p style=\"text-align: center;\"><strong><span style=\"font-size: 18pt;\">Concluye vaciamiento del lago HPN4 en la comuna de Tortel<\/span><\/strong><\/p>\n<div id=\"gtx-trans\" style=\"position: absolute; left: -50px; top: 4.31534px;\">\n<div class=\"gtx-trans-icon\"><\/div>\n<\/div>\n<\/div><\/section><\/div><\/p>\n<div class=\"flex_column av_one_full  flex_column_div av-zero-column-padding first  avia-builder-el-4  el_after_av_one_full  el_before_av_hr  column-top-margin\" style='border-radius:0px; '><section class=\"av_textblock_section \"  itemscope=\"itemscope\" itemtype=\"https:\/\/schema.org\/BlogPosting\" itemprop=\"blogPost\" ><div class='avia_textblock  '   itemprop=\"text\" ><p style=\"text-align: justify;\">El Secretario Regional Ministerial (S) de Obras P\u00fablicas, El\u00edas Fern\u00e1ndez Ni\u00f1o, inform\u00f3 que ha concluido el proceso de vaciamiento del lago glaciar Hielo Patag\u00f3nico Norte N\u00famero 4 (HPN4), detectado gracias a la tecnolog\u00eda de monitoreo instalada en el sector por el equipo de la Unidad de Glaciolog\u00eda y Nieves de la Direcci\u00f3n General de Aguas del MOP en la regi\u00f3n de Ays\u00e9n.<\/p>\n<p style=\"text-align: justify;\">\u201cLa informaci\u00f3n que elaboramos se realiza en funci\u00f3n de los datos registrados y transmitidos por la red glacio-meteorol\u00f3gica que mantiene nuestra Direcci\u00f3n General de Aguas del MOP en la regi\u00f3n de Ays\u00e9n, por lo tanto, podemos decir que luego de acumular agua por varios meses, el lago HPN4 registr\u00f3, hasta las 3 de la madrugada del 13 de enero de 2022, un incremento de nivel de 18,59 m, respecto del nivel del sensor N\u00b0 2. Durante los d\u00edas 14 y 15 de enero el lago HPN4 experiment\u00f3 un brusco proceso de vaciamiento de sus aguas, descargando s\u00fabitamente sus cerca de 35 millones de metros c\u00fabicos. El peak de la onda de crecida ya ocurri\u00f3 en el valle del r\u00edo Huemules, onda que en su m\u00e1xima expresi\u00f3n cubri\u00f3 gran porcentaje del sector alto del valle Huemules, observ\u00e1ndose trazas de inundaci\u00f3n de hasta 3,5 m de altura y gran cantidad de arrastre de sedimentos. En las pr\u00f3ximas horas o d\u00edas, el r\u00edo Huemules debiera seguir bajando sus niveles de agua, hasta restablecer los niveles observados previos al fen\u00f3meno de vaciamiento de las aguas del lago HPN4\u201d, afirm\u00f3 el SEREMI (S) del MOP.<\/p>\n<p style=\"text-align: justify;\">\u201cComo Ministerio de Obras P\u00fablicas (MOP) \u2013agreg\u00f3 El\u00edas Fern\u00e1ndez Ni\u00f1o- ha sido de vital importancia la instalaci\u00f3n de nuevas estaciones de monitoreo en la Regi\u00f3n de Ays\u00e9n, raz\u00f3n por la que hemos podido contar a tiempo con la informaci\u00f3n para alertar tempranamente a las autoridades respectivas para la toma de decisi\u00f3n y que \u00e9stas pudieran avisar oportunamente a la poblaci\u00f3n residente aguas abajo del sistema estudiado a fin de tomar las acciones pertinentes de protecci\u00f3n civil que contribuyan a la seguridad de la poblaci\u00f3n\u201d.<\/p>\n<p style=\"text-align: justify;\"><strong><u>Antecedentes Generales<\/u><\/strong><\/p>\n<p style=\"text-align: justify;\">\u201cEl Glaciar Steffen, que pertenece a la comuna Tortel en la Regi\u00f3n de Ays\u00e9n, se ubica en el extremo sur de Campo de Hielo Norte (CHN) y en su cuenca hay varios lagos glaciales que drenan al r\u00edo Huemules, el que\u00a0 su vez desag\u00fca al estero Steffen en el Oc\u00e9ano Pac\u00edfico. En el sector se advierte un acentuado proceso de retroceso glaciar, lo cual es causante de la creaci\u00f3n de nuevos lagos en la periferia de los Campos de Hielo y espec\u00edficamente en los m\u00e1rgenes del glaciar Steffen. Esta situaci\u00f3n representa peligrosidad, ya que los nuevos lagos representan una energ\u00eda potencial, la que podr\u00eda provocar inundaciones aguas abajo, si ocurriera una descarga s\u00fabita, con los riegos consiguientes para la poblaci\u00f3n, el desarrollo de diversas actividades como el turismo, y el eventual deterioro de la infraestructura, por esta raz\u00f3n es que durante este a\u00f1o se trabajar\u00e1 en establecer un catastro a nivel pa\u00eds de lagos glaciares, se densificar\u00e1 la red de estaciones glaciol\u00f3gicas y se avanzar\u00e1 en identificar zonas de riesgo asociadas a las descargas de estos cuerpos de agua para poder estar cada vez m\u00e1s preparados para enfrentar situaciones de riesgo\u201d, indic\u00f3 el Jefe de la Unidad de Glaciolog\u00eda y Nieves de la Direcci\u00f3n General de Aguas del MOP en la regi\u00f3n de Ays\u00e9n, Jorge O\u00b4Kuinghttons Villena.<\/p>\n<p style=\"text-align: justify;\">La Laguna de Los T\u00e9mpanos y el Lago Glaciar Steffen N\u02da1, adem\u00e1s del Lago El Bols\u00f3n, han generado al menos 19 GLOFs entre diciembre de 1974 y febrero del 2020. En tanto que, del Lago HPN4 existen 3 registros de eventos de descargas violentas (2014, 2019 y 2021). El Lago HPN4, es represado por el glaciar HPN4, localizado en la periferia oriental del glaciar Steffen, ubicado aproximadamente a una cota de 680 m s.n.m., tiene una dimensi\u00f3n estimada de 115 hect\u00e1reas y un volumen aproximado de 35 millones de m3.<\/p>\n<p style=\"text-align: justify;\">En este contexto, \u201cnuestra Direcci\u00f3n General de Aguas, a trav\u00e9s de la Unidad de Glaciolog\u00eda y Nieves, mantiene sensores de niveles de lagos en la Laguna de los T\u00e9mpanos y los lagos Glaciar Steffen N\u00b0 1 y HPN4, con el objetivo de conocer su din\u00e1mica y caracterizar sus procesos de descargas\u201d, coment\u00f3 Jorge O\u00b4Kuinghttons<\/p>\n<p style=\"text-align: justify;\">Los glaciares son indicadores del cambio clim\u00e1tico y son considerados reservas estrat\u00e9gicas de agua en estado s\u00f3lido, teniendo Chile cerca del 80% de los glaciares de Sudam\u00e9rica, por lo tanto, para los pr\u00f3ximos a\u00f1os, sin duda el desaf\u00edo m\u00e1s importante ser\u00e1 contribuir a proteger y crear consciencia de la importancia de estas reservas h\u00eddricas para las personas, el medio ambiente y el desarrollo del pa\u00eds.<\/p>\n<\/div><\/section><\/div>\n<div  style='height:50px' class='hr hr-invisible   avia-builder-el-6  el_after_av_one_full  el_before_av_social_share '><span class='hr-inner ' ><span class='hr-inner-style'><\/span><\/span><\/div>\n<div  class='av-social-sharing-box  avia-builder-el-7  el_after_av_hr  el_before_av_hr  '><div class='av-share-box'><h5 class='av-share-link-description av-no-toc '>Compartir esta noticia<\/h5><ul class='av-share-box-list noLightbox'><li class='av-share-link av-social-link-facebook' ><a target=\"_blank\" aria-label=\"Compartir en Facebook\" href='https:\/\/www.facebook.com\/sharer.php?u=https:\/\/radiorevelacionfm.cl\/?p=12947&#038;t=Concluye%20vaciamiento%20del%20lago%20HPN4%20en%20la%20comuna%20de%20Tortel' aria-hidden='false' data-av_icon='\ue8f3' data-av_iconfont='entypo-fontello' title='' data-avia-related-tooltip='Compartir en Facebook' rel=\"noopener\"><span class='avia_hidden_link_text'>Compartir en Facebook<\/span><\/a><\/li><li class='av-share-link av-social-link-twitter' ><a target=\"_blank\" aria-label=\"Compartir en Twitter\" href='https:\/\/twitter.com\/share?text=Concluye%20vaciamiento%20del%20lago%20HPN4%20en%20la%20comuna%20de%20Tortel&#038;url=https:\/\/radiorevelacionfm.cl\/?p=12947' aria-hidden='false' data-av_icon='\ue8f1' data-av_iconfont='entypo-fontello' title='' data-avia-related-tooltip='Compartir en Twitter' rel=\"noopener\"><span class='avia_hidden_link_text'>Compartir en Twitter<\/span><\/a><\/li><li class='av-share-link av-social-link-whatsapp' ><a target=\"_blank\" aria-label=\"Compartir en Whatsapp\" href='https:\/\/api.whatsapp.com\/send?text=https:\/\/radiorevelacionfm.cl\/?p=12947' aria-hidden='false' data-av_icon='\uf232' data-av_iconfont='entypo-fontello' title='' data-avia-related-tooltip='Compartir en Whatsapp' rel=\"noopener\"><span class='avia_hidden_link_text'>Compartir en Whatsapp<\/span><\/a><\/li><li class='av-share-link av-social-link-linkedin' ><a target=\"_blank\" aria-label=\"Compartir en LinkedIn\" href='https:\/\/linkedin.com\/shareArticle?mini=true&#038;title=Concluye%20vaciamiento%20del%20lago%20HPN4%20en%20la%20comuna%20de%20Tortel&#038;url=https:\/\/radiorevelacionfm.cl\/?p=12947' aria-hidden='false' data-av_icon='\ue8fc' data-av_iconfont='entypo-fontello' title='' data-avia-related-tooltip='Compartir en LinkedIn' rel=\"noopener\"><span class='avia_hidden_link_text'>Compartir en LinkedIn<\/span><\/a><\/li><li class='av-share-link av-social-link-mail' ><a  aria-label=\"Compartir por correo\" href='mailto:?subject=Concluye%20vaciamiento%20del%20lago%20HPN4%20en%20la%20comuna%20de%20Tortel&#038;body=https:\/\/radiorevelacionfm.cl\/?p=12947' aria-hidden='false' data-av_icon='\ue805' data-av_iconfont='entypo-fontello' title='' data-avia-related-tooltip='Compartir por correo'><span class='avia_hidden_link_text'>Compartir por correo<\/span><\/a><\/li><\/ul><\/div><\/div>\n<div  style='height:50px' class='hr hr-invisible   avia-builder-el-8  el_after_av_social_share  el_before_av_comments_list '><span class='hr-inner ' ><span class='hr-inner-style'><\/span><\/span><\/div>\n<div  class='av-buildercomment  av-blog-meta-html-info-disabled av-blog-meta-tag-disabled  '><\/div>\n","protected":false},"excerpt":{"rendered":"","protected":false},"author":1,"featured_media":12962,"comment_status":"open","ping_status":"open","sticky":false,"template":"","format":"standard","meta":{"footnotes":""},"categories":[38],"tags":[],"class_list":["post-12947","post","type-post","status-publish","format-standard","has-post-thumbnail","hentry","category-regional"],"jetpack_featured_media_url":"https:\/\/radiorevelacionfm.cl\/wp-content\/uploads\/2022\/01\/LAGO-HPN4-2-1-1.jpg","_links":{"self":[{"href":"https:\/\/radiorevelacionfm.cl\/index.php?rest_route=\/wp\/v2\/posts\/12947","targetHints":{"allow":["GET"]}}],"collection":[{"href":"https:\/\/radiorevelacionfm.cl\/index.php?rest_route=\/wp\/v2\/posts"}],"about":[{"href":"https:\/\/radiorevelacionfm.cl\/index.php?rest_route=\/wp\/v2\/types\/post"}],"author":[{"embeddable":true,"href":"https:\/\/radiorevelacionfm.cl\/index.php?rest_route=\/wp\/v2\/users\/1"}],"replies":[{"embeddable":true,"href":"https:\/\/radiorevelacionfm.cl\/index.php?rest_route=%2Fwp%2Fv2%2Fcomments&post=12947"}],"version-history":[{"count":3,"href":"https:\/\/radiorevelacionfm.cl\/index.php?rest_route=\/wp\/v2\/posts\/12947\/revisions"}],"predecessor-version":[{"id":12961,"href":"https:\/\/radiorevelacionfm.cl\/index.php?rest_route=\/wp\/v2\/posts\/12947\/revisions\/12961"}],"wp:featuredmedia":[{"embeddable":true,"href":"https:\/\/radiorevelacionfm.cl\/index.php?rest_route=\/wp\/v2\/media\/12962"}],"wp:attachment":[{"href":"https:\/\/radiorevelacionfm.cl\/index.php?rest_route=%2Fwp%2Fv2%2Fmedia&parent=12947"}],"wp:term":[{"taxonomy":"category","embeddable":true,"href":"https:\/\/radiorevelacionfm.cl\/index.php?rest_route=%2Fwp%2Fv2%2Fcategories&post=12947"},{"taxonomy":"post_tag","embeddable":true,"href":"https:\/\/radiorevelacionfm.cl\/index.php?rest_route=%2Fwp%2Fv2%2Ftags&post=12947"}],"curies":[{"name":"wp","href":"https:\/\/api.w.org\/{rel}","templated":true}]}}