{"id":12943,"date":"2022-01-18T09:15:57","date_gmt":"2022-01-18T12:15:57","guid":{"rendered":"https:\/\/radiorevelacionfm.cl\/?p=12943"},"modified":"2022-01-18T09:15:57","modified_gmt":"2022-01-18T12:15:57","slug":"tres-detenidos-y-277-controles-tras-servicio-de-ronda-masiva-de-carabineros-en-la-region-de-aysen","status":"publish","type":"post","link":"https:\/\/radiorevelacionfm.cl\/?p=12943","title":{"rendered":"Tres detenidos y 277 controles tras servicio de ronda masiva de Carabineros en la regi\u00f3n de Ays\u00e9n"},"content":{"rendered":"<div class=\"flex_column av_one_full  flex_column_div av-zero-column-padding first  avia-builder-el-0  el_before_av_one_full  avia-builder-el-first  \" style='border-radius:0px; '><div  class='avia-image-container  av-styling-    avia-builder-el-1  avia-builder-el-no-sibling  avia-align-center '  itemprop=\"image\" itemscope=\"itemscope\" itemtype=\"https:\/\/schema.org\/ImageObject\"  ><div class='avia-image-container-inner'><div class='avia-image-overlay-wrap'><img decoding=\"async\" class='wp-image-12944 avia-img-lazy-loading-not-12944 avia_image' src=\"https:\/\/radiorevelacionfm.cl\/wp-content\/uploads\/2022\/01\/Ronda1-1-1.jpg\" alt='' title='Ronda1 (1) (1)' height=\"600\" width=\"1067\"  itemprop=\"thumbnailUrl\" srcset=\"https:\/\/radiorevelacionfm.cl\/wp-content\/uploads\/2022\/01\/Ronda1-1-1.jpg 1067w, https:\/\/radiorevelacionfm.cl\/wp-content\/uploads\/2022\/01\/Ronda1-1-1-300x169.jpg 300w, https:\/\/radiorevelacionfm.cl\/wp-content\/uploads\/2022\/01\/Ronda1-1-1-1030x579.jpg 1030w, https:\/\/radiorevelacionfm.cl\/wp-content\/uploads\/2022\/01\/Ronda1-1-1-768x432.jpg 768w, https:\/\/radiorevelacionfm.cl\/wp-content\/uploads\/2022\/01\/Ronda1-1-1-705x396.jpg 705w, https:\/\/radiorevelacionfm.cl\/wp-content\/uploads\/2022\/01\/Ronda1-1-1-600x337.jpg 600w\" sizes=\"(max-width: 1067px) 100vw, 1067px\" \/><\/div><\/div><\/div><\/div><div class=\"flex_column av_one_full  flex_column_div av-zero-column-padding first  avia-builder-el-2  el_after_av_one_full  el_before_av_one_full  column-top-margin\" style='border-radius:0px; '><section class=\"av_textblock_section \"  itemscope=\"itemscope\" itemtype=\"https:\/\/schema.org\/BlogPosting\" itemprop=\"blogPost\" ><div class='avia_textblock  '   itemprop=\"text\" ><p style=\"text-align: center;\"><strong><span style=\"font-size: 18pt;\">Tres detenidos y 277 controles tras servicio de ronda masiva de Carabineros en la regi\u00f3n de Ays\u00e9n<\/span><\/strong><\/p>\n<div id=\"gtx-trans\" style=\"position: absolute; left: -50px; top: 4.31534px;\">\n<div class=\"gtx-trans-icon\"><\/div>\n<\/div>\n<\/div><\/section><\/div><div class=\"flex_column av_one_full  flex_column_div av-zero-column-padding first  avia-builder-el-4  el_after_av_one_full  el_before_av_hr  column-top-margin\" style='border-radius:0px; '><section class=\"av_textblock_section \"  itemscope=\"itemscope\" itemtype=\"https:\/\/schema.org\/BlogPosting\" itemprop=\"blogPost\" ><div class='avia_textblock  '   itemprop=\"text\" ><div>\n<p class=\"v1MsoNormal\" style=\"text-align: justify;\">Un saldo de tres personas detenidas y 277 controles efectuados, es el resultado de un servicio de ronda masiva desarrollado por Carabineros en la regi\u00f3n de Ays\u00e9n, modalidad que se aplic\u00f3 a nivel nacional y que tuvo por finalidad aumentar la oferta de seguridad.<\/p>\n<p class=\"v1MsoNormal\" style=\"text-align: justify;\">El Jefe de la XI Zona de Carabineros Ays\u00e9n, General Hugo Zenteno V\u00e1squez, indic\u00f3 que el trabajo se desarroll\u00f3 con el apoyo de Unidades y servicios especializados como el GOPE, SIAT, COP, S.I.P, Secci\u00f3n de Intervenci\u00f3n Policial, patrullas motorizadas y en bicicleta.<\/p>\n<p class=\"v1MsoNormal\" style=\"text-align: justify;\">\u00abPara ello se dispuso de servicios territoriales y especializados. La idea de esta planificaci\u00f3n es mantener mayor presencia policial, mayores controles para prevenir los delitos y por ende fortalecer la funci\u00f3n policial en el sentido de mejorar la seguridad\u00bb, indic\u00f3.<\/p>\n<p class=\"v1MsoNormal\" style=\"text-align: justify;\"><b>Labor<\/b><\/p>\n<p class=\"v1MsoNormal\" style=\"text-align: justify;\">Por su parte el Prefecto de los Servicios de la Prefectura de Carabineros Ays\u00e9n, Teniente Coronel Cristian Morgenstern, indic\u00f3 que lo anterior fue dispuesto por la Direcci\u00f3n Nacional de Orden y Seguridad, la cual en el caso la regi\u00f3n, se desarroll\u00f3 en las comunas de Coyhaique, Ays\u00e9n, Chile Chico y Cochrane.<\/p>\n<p class=\"v1MsoNormal\" style=\"text-align: justify;\">La labor arroj\u00f3 61 controles de identidad, 216 controles vehiculares, 28 fiscalizaciones a locales de alcoholes y 48 fiscalizaciones a locales comerciales.<\/p>\n<p class=\"v1MsoNormal\" style=\"text-align: justify;\">Asimismo el Oficial Jefe indic\u00f3 que el \u00e9nfasis estuvo en los controles vehiculares dadas las cifras de las \u00faltimas semanas que dan cuenta de un leve aumento de los accidentes de tr\u00e1nsito, con consecuencias de personas lesionadas y v\u00edctimas fatales.<\/p>\n<p class=\"v1MsoNormal\" style=\"text-align: justify;\"><b>Venta de drogas por redes sociales \u00a0<\/b><\/p>\n<p class=\"v1MsoNormal\" style=\"text-align: justify;\">\u00abDe los tres detenidos, uno corresponde a un conductor fue sorprendido en estado de ebriedad, otro con la patente del veh\u00edculo oculta \u2013hechos que constituyen un delito- y un tercer caso correspondiente a una persona que en calidad de turista con residencia en la isla de Chilo\u00e9, se traslada a nuestra regi\u00f3n de Ays\u00e9n y por medio de redes sociales ofrece la venta de drogas\u00bb, expres\u00f3 el Oficial.<\/p>\n<p class=\"v1MsoNormal\" style=\"text-align: justify;\">El Teniente Coronel, detall\u00f3 que tras ser detectado el caso, personal especializado de la Secci\u00f3n OS-7 \u2013a trav\u00e9s de t\u00e9cnicas de agente revelador- logr\u00f3 la ubicaci\u00f3n de esta persona, siendo detenido por infracci\u00f3n a la ley 20.000 de drogas.<\/p>\n<p class=\"v1MsoNormal\" style=\"text-align: justify;\">El sujeto portaba alrededor de 12,9 grs. de marihuana elaborada, siendo \u2013junto a los antecedentes del procedimiento- puesto a disposici\u00f3n de la Fiscal\u00eda local de esta ciudad por este hecho.<\/p>\n<\/div>\n<div style=\"text-align: justify;\"><\/div>\n<\/div><\/section><\/div><div  style='height:50px' class='hr hr-invisible   avia-builder-el-6  el_after_av_one_full  el_before_av_social_share '><span class='hr-inner ' ><span class='hr-inner-style'><\/span><\/span><\/div><\/p>\n<div  class='av-social-sharing-box  avia-builder-el-7  el_after_av_hr  el_before_av_hr  '><div class='av-share-box'><h5 class='av-share-link-description av-no-toc '>Compartir esta noticia<\/h5><ul class='av-share-box-list noLightbox'><li class='av-share-link av-social-link-facebook' ><a target=\"_blank\" aria-label=\"Compartir en Facebook\" href='https:\/\/www.facebook.com\/sharer.php?u=https:\/\/radiorevelacionfm.cl\/?p=12943&#038;t=Tres%20detenidos%20y%20277%20controles%20tras%20servicio%20de%20ronda%20masiva%20de%20Carabineros%20en%20la%20regi%C3%B3n%20de%20Ays%C3%A9n' aria-hidden='false' data-av_icon='\ue8f3' data-av_iconfont='entypo-fontello' title='' data-avia-related-tooltip='Compartir en Facebook' rel=\"noopener\"><span class='avia_hidden_link_text'>Compartir en Facebook<\/span><\/a><\/li><li class='av-share-link av-social-link-twitter' ><a target=\"_blank\" aria-label=\"Compartir en Twitter\" href='https:\/\/twitter.com\/share?text=Tres%20detenidos%20y%20277%20controles%20tras%20servicio%20de%20ronda%20masiva%20de%20Carabineros%20en%20la%20regi%C3%B3n%20de%20Ays%C3%A9n&#038;url=https:\/\/radiorevelacionfm.cl\/?p=12943' aria-hidden='false' data-av_icon='\ue8f1' data-av_iconfont='entypo-fontello' title='' data-avia-related-tooltip='Compartir en Twitter' rel=\"noopener\"><span class='avia_hidden_link_text'>Compartir en Twitter<\/span><\/a><\/li><li class='av-share-link av-social-link-whatsapp' ><a target=\"_blank\" aria-label=\"Compartir en Whatsapp\" href='https:\/\/api.whatsapp.com\/send?text=https:\/\/radiorevelacionfm.cl\/?p=12943' aria-hidden='false' data-av_icon='\uf232' data-av_iconfont='entypo-fontello' title='' data-avia-related-tooltip='Compartir en Whatsapp' rel=\"noopener\"><span class='avia_hidden_link_text'>Compartir en Whatsapp<\/span><\/a><\/li><li class='av-share-link av-social-link-linkedin' ><a target=\"_blank\" aria-label=\"Compartir en LinkedIn\" href='https:\/\/linkedin.com\/shareArticle?mini=true&#038;title=Tres%20detenidos%20y%20277%20controles%20tras%20servicio%20de%20ronda%20masiva%20de%20Carabineros%20en%20la%20regi%C3%B3n%20de%20Ays%C3%A9n&#038;url=https:\/\/radiorevelacionfm.cl\/?p=12943' aria-hidden='false' data-av_icon='\ue8fc' data-av_iconfont='entypo-fontello' title='' data-avia-related-tooltip='Compartir en LinkedIn' rel=\"noopener\"><span class='avia_hidden_link_text'>Compartir en LinkedIn<\/span><\/a><\/li><li class='av-share-link av-social-link-mail' ><a  aria-label=\"Compartir por correo\" href='mailto:?subject=Tres%20detenidos%20y%20277%20controles%20tras%20servicio%20de%20ronda%20masiva%20de%20Carabineros%20en%20la%20regi%C3%B3n%20de%20Ays%C3%A9n&#038;body=https:\/\/radiorevelacionfm.cl\/?p=12943' aria-hidden='false' data-av_icon='\ue805' data-av_iconfont='entypo-fontello' title='' data-avia-related-tooltip='Compartir por correo'><span class='avia_hidden_link_text'>Compartir por correo<\/span><\/a><\/li><\/ul><\/div><\/div>\n<div  style='height:50px' class='hr hr-invisible   avia-builder-el-8  el_after_av_social_share  el_before_av_comments_list '><span class='hr-inner ' ><span class='hr-inner-style'><\/span><\/span><\/div>\n<div  class='av-buildercomment  av-blog-meta-html-info-disabled av-blog-meta-tag-disabled  '><\/div>\n","protected":false},"excerpt":{"rendered":"","protected":false},"author":1,"featured_media":12944,"comment_status":"open","ping_status":"open","sticky":false,"template":"","format":"standard","meta":{"footnotes":""},"categories":[36],"tags":[],"class_list":["post-12943","post","type-post","status-publish","format-standard","has-post-thumbnail","hentry","category-policial"],"jetpack_featured_media_url":"https:\/\/radiorevelacionfm.cl\/wp-content\/uploads\/2022\/01\/Ronda1-1-1.jpg","_links":{"self":[{"href":"https:\/\/radiorevelacionfm.cl\/index.php?rest_route=\/wp\/v2\/posts\/12943","targetHints":{"allow":["GET"]}}],"collection":[{"href":"https:\/\/radiorevelacionfm.cl\/index.php?rest_route=\/wp\/v2\/posts"}],"about":[{"href":"https:\/\/radiorevelacionfm.cl\/index.php?rest_route=\/wp\/v2\/types\/post"}],"author":[{"embeddable":true,"href":"https:\/\/radiorevelacionfm.cl\/index.php?rest_route=\/wp\/v2\/users\/1"}],"replies":[{"embeddable":true,"href":"https:\/\/radiorevelacionfm.cl\/index.php?rest_route=%2Fwp%2Fv2%2Fcomments&post=12943"}],"version-history":[{"count":2,"href":"https:\/\/radiorevelacionfm.cl\/index.php?rest_route=\/wp\/v2\/posts\/12943\/revisions"}],"predecessor-version":[{"id":12950,"href":"https:\/\/radiorevelacionfm.cl\/index.php?rest_route=\/wp\/v2\/posts\/12943\/revisions\/12950"}],"wp:featuredmedia":[{"embeddable":true,"href":"https:\/\/radiorevelacionfm.cl\/index.php?rest_route=\/wp\/v2\/media\/12944"}],"wp:attachment":[{"href":"https:\/\/radiorevelacionfm.cl\/index.php?rest_route=%2Fwp%2Fv2%2Fmedia&parent=12943"}],"wp:term":[{"taxonomy":"category","embeddable":true,"href":"https:\/\/radiorevelacionfm.cl\/index.php?rest_route=%2Fwp%2Fv2%2Fcategories&post=12943"},{"taxonomy":"post_tag","embeddable":true,"href":"https:\/\/radiorevelacionfm.cl\/index.php?rest_route=%2Fwp%2Fv2%2Ftags&post=12943"}],"curies":[{"name":"wp","href":"https:\/\/api.w.org\/{rel}","templated":true}]}}