{"id":12939,"date":"2022-01-17T20:16:09","date_gmt":"2022-01-17T23:16:09","guid":{"rendered":"https:\/\/radiorevelacionfm.cl\/?p=12939"},"modified":"2022-01-17T20:16:09","modified_gmt":"2022-01-17T23:16:09","slug":"cuarta-version-de-la-fiesta-del-chivo-deleito-a-ayseninos-y-turistas","status":"publish","type":"post","link":"https:\/\/radiorevelacionfm.cl\/?p=12939","title":{"rendered":"Cuarta versi\u00f3n de la Fiesta del Chivo deleit\u00f3 a ayseninos y turistas"},"content":{"rendered":"<div class=\"flex_column av_one_full  flex_column_div av-zero-column-padding first  avia-builder-el-0  el_before_av_one_full  avia-builder-el-first  \" style='border-radius:0px; '><div  class='avia-image-container  av-styling-    avia-builder-el-1  avia-builder-el-no-sibling  avia-align-center '  itemprop=\"image\" itemscope=\"itemscope\" itemtype=\"https:\/\/schema.org\/ImageObject\"  ><div class='avia-image-container-inner'><div class='avia-image-overlay-wrap'><img decoding=\"async\" class='wp-image-12941 avia-img-lazy-loading-not-12941 avia_image' src=\"https:\/\/radiorevelacionfm.cl\/wp-content\/uploads\/2022\/01\/Fiesta-del-chivo-1-1_optimized.jpg\" alt='' title='Fiesta-del-chivo-(1)-(1)_optimized' height=\"600\" width=\"900\"  itemprop=\"thumbnailUrl\" srcset=\"https:\/\/radiorevelacionfm.cl\/wp-content\/uploads\/2022\/01\/Fiesta-del-chivo-1-1_optimized.jpg 900w, https:\/\/radiorevelacionfm.cl\/wp-content\/uploads\/2022\/01\/Fiesta-del-chivo-1-1_optimized-300x200.jpg 300w, https:\/\/radiorevelacionfm.cl\/wp-content\/uploads\/2022\/01\/Fiesta-del-chivo-1-1_optimized-768x512.jpg 768w, https:\/\/radiorevelacionfm.cl\/wp-content\/uploads\/2022\/01\/Fiesta-del-chivo-1-1_optimized-705x470.jpg 705w, https:\/\/radiorevelacionfm.cl\/wp-content\/uploads\/2022\/01\/Fiesta-del-chivo-1-1_optimized-600x400.jpg 600w\" sizes=\"(max-width: 900px) 100vw, 900px\" \/><\/div><\/div><\/div><\/div><div class=\"flex_column av_one_full  flex_column_div av-zero-column-padding first  avia-builder-el-2  el_after_av_one_full  el_before_av_one_full  column-top-margin\" style='border-radius:0px; '><section class=\"av_textblock_section \"  itemscope=\"itemscope\" itemtype=\"https:\/\/schema.org\/BlogPosting\" itemprop=\"blogPost\" ><div class='avia_textblock  '   itemprop=\"text\" ><p style=\"text-align: center;\"><span style=\"font-size: 18pt;\"><b><span lang=\"ES-MX\">Cuarta versi\u00f3n de la Fiesta del Chivo deleit\u00f3 a ayseninos y turistas<\/span><\/b><\/span><\/p>\n<div id=\"gtx-trans\" style=\"position: absolute; left: -50px; top: 4.31534px;\">\n<div class=\"gtx-trans-icon\"><\/div>\n<\/div>\n<\/div><\/section><\/div><div class=\"flex_column av_one_full  flex_column_div av-zero-column-padding first  avia-builder-el-4  el_after_av_one_full  el_before_av_hr  column-top-margin\" style='border-radius:0px; '><section class=\"av_textblock_section \"  itemscope=\"itemscope\" itemtype=\"https:\/\/schema.org\/BlogPosting\" itemprop=\"blogPost\" ><div class='avia_textblock  '   itemprop=\"text\" ><p style=\"font-weight: 400; text-align: justify;\">Con una alta presencia de p\u00fablico y respetando todas las normativas sanitarias, grandes y chicos disfrutaron de esta cuarta versi\u00f3n de la Fiesta del Chivo. En la instancia, se comparti\u00f3 en familia de todas las bondades de este animal caprino, el infaltable juego de la taba, destrezas de la gente del campo, venta de productos locales, artesan\u00edas, bailes t\u00edpicos y la esperada fiesta campera.<\/p>\n<p style=\"font-weight: 400; text-align: justify;\">Asimismo, este evento no solo convoc\u00f3 a personas de la regi\u00f3n de Ays\u00e9n, tambi\u00e9n una gran cantidad de turista. Uno de ellos es Daniel Belmar, oriundo de la comuna Coihueco de la regi\u00f3n de \u00d1uble, quien asegur\u00f3 que \u201cestamos visitando esta hermosa zona, ac\u00e1 disfrutando de todas las costumbres que aqu\u00ed se realizan que creo es interesante conservar, nuestras costumbres, nuestras ra\u00edces, as\u00ed que feliz de estar ac\u00e1\u201d.<\/p>\n<p style=\"font-weight: 400; text-align: justify;\">Esta fiesta costumbrista fue organizada por la Junta de Vecinos N\u00b02 de Levic\u00e1n y financiada por el Gobierno Regional a trav\u00e9s del convenio de colaboraci\u00f3n entre Sernatur y la Ilustre Municipalidad de R\u00edo Ib\u00e1\u00f1ez Programa \u201cTransferencia Gesti\u00f3n del Destino Ays\u00e9n Patagonia\u00bb con el auspicio de Puertoibanez.cl.<\/p>\n<p style=\"font-weight: 400; text-align: justify;\">Por esta raz\u00f3n, la presidenta de la Junta de Vecinos N\u00b02 de Pen\u00ednsula Levic\u00e1n, Uberlinda Figueroa, coment\u00f3 que \u201cesta es la cuarta versi\u00f3n de la fiesta del chivo, el a\u00f1o 2021 no pudimos ejecutarla por motivo de pandemia, y la retomamos con mucho \u00e9xito, tuvimos mucha concurrencia (\u2026) Me siento muy bien, de que todo el esfuerzo haya dado resultados\u201d.<\/p>\n<p style=\"font-weight: 400; text-align: justify;\">Adem\u00e1s, la dirigenta afirm\u00f3 que \u201cfueron meses de preparaci\u00f3n, nosotros terminando la actividad, ya nos estamos preparando para la pr\u00f3xima. Este es un trabajo muy arduo de gesti\u00f3n, de conseguir recursos\u201d.<\/p>\n<p style=\"font-weight: 400; text-align: justify;\">Por otra parte, el alcalde de la Municipalidad de R\u00edo Ib\u00e1\u00f1ez, Marcelo Santana agradeci\u00f3 la gran recepci\u00f3n de p\u00fablico y asegur\u00f3 que \u201cestamos muy contentos por la cantidad de personas que nos visit\u00f3 en Pen\u00ednsula Levic\u00e1n, tuvimos gran afluencia y tambi\u00e9n mucha participaci\u00f3n de vecinos de nuestra comuna y de la regi\u00f3n, mucho vecino de Coyhaique y Puerto Ays\u00e9n. As\u00ed que hemos disfrutado de una tarde de actividades, de gastronom\u00eda local asociada a la carne de chivo\u201d.<\/p>\n<p style=\"font-weight: 400; text-align: justify;\">Cabe destacar que las tradiciones se seguir\u00e1n viviendo en R\u00edo Ib\u00e1\u00f1ez. Este viernes 21, 22 y 23 de enero vuelven las populares jineteadas, en su versi\u00f3n XX y contar\u00e1 con m\u00fasica regional en vivo, comidas t\u00edpicas y feria de productos locales y artesan\u00edas en el Gimnasio IND de Puerto Ib\u00e1\u00f1ez.<\/p>\n<\/div><\/section><\/div><div  style='height:50px' class='hr hr-invisible   avia-builder-el-6  el_after_av_one_full  el_before_av_social_share '><span class='hr-inner ' ><span class='hr-inner-style'><\/span><\/span><\/div><\/p>\n<div  class='av-social-sharing-box  avia-builder-el-7  el_after_av_hr  el_before_av_hr  '><div class='av-share-box'><h5 class='av-share-link-description av-no-toc '>Compartir esta noticia<\/h5><ul class='av-share-box-list noLightbox'><li class='av-share-link av-social-link-facebook' ><a target=\"_blank\" aria-label=\"Compartir en Facebook\" href='https:\/\/www.facebook.com\/sharer.php?u=https:\/\/radiorevelacionfm.cl\/?p=12939&#038;t=Cuarta%20versi%C3%B3n%20de%20la%20Fiesta%20del%20Chivo%20deleit%C3%B3%20a%20ayseninos%20y%20turistas' aria-hidden='false' data-av_icon='\ue8f3' data-av_iconfont='entypo-fontello' title='' data-avia-related-tooltip='Compartir en Facebook' rel=\"noopener\"><span class='avia_hidden_link_text'>Compartir en Facebook<\/span><\/a><\/li><li class='av-share-link av-social-link-twitter' ><a target=\"_blank\" aria-label=\"Compartir en Twitter\" href='https:\/\/twitter.com\/share?text=Cuarta%20versi%C3%B3n%20de%20la%20Fiesta%20del%20Chivo%20deleit%C3%B3%20a%20ayseninos%20y%20turistas&#038;url=https:\/\/radiorevelacionfm.cl\/?p=12939' aria-hidden='false' data-av_icon='\ue8f1' data-av_iconfont='entypo-fontello' title='' data-avia-related-tooltip='Compartir en Twitter' rel=\"noopener\"><span class='avia_hidden_link_text'>Compartir en Twitter<\/span><\/a><\/li><li class='av-share-link av-social-link-whatsapp' ><a target=\"_blank\" aria-label=\"Compartir en Whatsapp\" href='https:\/\/api.whatsapp.com\/send?text=https:\/\/radiorevelacionfm.cl\/?p=12939' aria-hidden='false' data-av_icon='\uf232' data-av_iconfont='entypo-fontello' title='' data-avia-related-tooltip='Compartir en Whatsapp' rel=\"noopener\"><span class='avia_hidden_link_text'>Compartir en Whatsapp<\/span><\/a><\/li><li class='av-share-link av-social-link-linkedin' ><a target=\"_blank\" aria-label=\"Compartir en LinkedIn\" href='https:\/\/linkedin.com\/shareArticle?mini=true&#038;title=Cuarta%20versi%C3%B3n%20de%20la%20Fiesta%20del%20Chivo%20deleit%C3%B3%20a%20ayseninos%20y%20turistas&#038;url=https:\/\/radiorevelacionfm.cl\/?p=12939' aria-hidden='false' data-av_icon='\ue8fc' data-av_iconfont='entypo-fontello' title='' data-avia-related-tooltip='Compartir en LinkedIn' rel=\"noopener\"><span class='avia_hidden_link_text'>Compartir en LinkedIn<\/span><\/a><\/li><li class='av-share-link av-social-link-mail' ><a  aria-label=\"Compartir por correo\" href='mailto:?subject=Cuarta%20versi%C3%B3n%20de%20la%20Fiesta%20del%20Chivo%20deleit%C3%B3%20a%20ayseninos%20y%20turistas&#038;body=https:\/\/radiorevelacionfm.cl\/?p=12939' aria-hidden='false' data-av_icon='\ue805' data-av_iconfont='entypo-fontello' title='' data-avia-related-tooltip='Compartir por correo'><span class='avia_hidden_link_text'>Compartir por correo<\/span><\/a><\/li><\/ul><\/div><\/div>\n<div  style='height:50px' class='hr hr-invisible   avia-builder-el-8  el_after_av_social_share  el_before_av_comments_list '><span class='hr-inner ' ><span class='hr-inner-style'><\/span><\/span><\/div>\n<div  class='av-buildercomment  av-blog-meta-html-info-disabled av-blog-meta-tag-disabled  '><\/div>\n","protected":false},"excerpt":{"rendered":"","protected":false},"author":1,"featured_media":12941,"comment_status":"open","ping_status":"open","sticky":false,"template":"","format":"standard","meta":{"footnotes":""},"categories":[38],"tags":[],"class_list":["post-12939","post","type-post","status-publish","format-standard","has-post-thumbnail","hentry","category-regional"],"jetpack_featured_media_url":"https:\/\/radiorevelacionfm.cl\/wp-content\/uploads\/2022\/01\/Fiesta-del-chivo-1-1_optimized.jpg","_links":{"self":[{"href":"https:\/\/radiorevelacionfm.cl\/index.php?rest_route=\/wp\/v2\/posts\/12939","targetHints":{"allow":["GET"]}}],"collection":[{"href":"https:\/\/radiorevelacionfm.cl\/index.php?rest_route=\/wp\/v2\/posts"}],"about":[{"href":"https:\/\/radiorevelacionfm.cl\/index.php?rest_route=\/wp\/v2\/types\/post"}],"author":[{"embeddable":true,"href":"https:\/\/radiorevelacionfm.cl\/index.php?rest_route=\/wp\/v2\/users\/1"}],"replies":[{"embeddable":true,"href":"https:\/\/radiorevelacionfm.cl\/index.php?rest_route=%2Fwp%2Fv2%2Fcomments&post=12939"}],"version-history":[{"count":2,"href":"https:\/\/radiorevelacionfm.cl\/index.php?rest_route=\/wp\/v2\/posts\/12939\/revisions"}],"predecessor-version":[{"id":12946,"href":"https:\/\/radiorevelacionfm.cl\/index.php?rest_route=\/wp\/v2\/posts\/12939\/revisions\/12946"}],"wp:featuredmedia":[{"embeddable":true,"href":"https:\/\/radiorevelacionfm.cl\/index.php?rest_route=\/wp\/v2\/media\/12941"}],"wp:attachment":[{"href":"https:\/\/radiorevelacionfm.cl\/index.php?rest_route=%2Fwp%2Fv2%2Fmedia&parent=12939"}],"wp:term":[{"taxonomy":"category","embeddable":true,"href":"https:\/\/radiorevelacionfm.cl\/index.php?rest_route=%2Fwp%2Fv2%2Fcategories&post=12939"},{"taxonomy":"post_tag","embeddable":true,"href":"https:\/\/radiorevelacionfm.cl\/index.php?rest_route=%2Fwp%2Fv2%2Ftags&post=12939"}],"curies":[{"name":"wp","href":"https:\/\/api.w.org\/{rel}","templated":true}]}}