{"id":12924,"date":"2022-01-17T18:35:13","date_gmt":"2022-01-17T21:35:13","guid":{"rendered":"https:\/\/radiorevelacionfm.cl\/?p=12924"},"modified":"2022-01-17T18:39:53","modified_gmt":"2022-01-17T21:39:53","slug":"calisto-pide-a-ministra-hutt-agilizar-una-solucion-para-los-problemas-de-conectividad-digital-que-afectan-al-litoral-de-aysen","status":"publish","type":"post","link":"https:\/\/radiorevelacionfm.cl\/?p=12924","title":{"rendered":"Calisto pide a Ministra Hutt agilizar una soluci\u00f3n para los problemas de conectividad digital que afectan al litoral de Ays\u00e9n"},"content":{"rendered":"<div class=\"flex_column av_one_full  flex_column_div av-zero-column-padding first  avia-builder-el-0  el_before_av_one_full  avia-builder-el-first  \" style='border-radius:0px; '><div  class='avia-image-container  av-styling-    avia-builder-el-1  avia-builder-el-no-sibling  avia-align-center '  itemprop=\"image\" itemscope=\"itemscope\" itemtype=\"https:\/\/schema.org\/ImageObject\"  ><div class='avia-image-container-inner'><div class='avia-image-overlay-wrap'><img decoding=\"async\" class='wp-image-12925 avia-img-lazy-loading-not-12925 avia_image' src=\"https:\/\/radiorevelacionfm.cl\/wp-content\/uploads\/2022\/01\/Calisto-con-Ministra-Hutt-1-1.jpg\" alt='' title='Calisto con Ministra Hutt (1) (1)' height=\"600\" width=\"810\"  itemprop=\"thumbnailUrl\" srcset=\"https:\/\/radiorevelacionfm.cl\/wp-content\/uploads\/2022\/01\/Calisto-con-Ministra-Hutt-1-1.jpg 810w, https:\/\/radiorevelacionfm.cl\/wp-content\/uploads\/2022\/01\/Calisto-con-Ministra-Hutt-1-1-300x222.jpg 300w, https:\/\/radiorevelacionfm.cl\/wp-content\/uploads\/2022\/01\/Calisto-con-Ministra-Hutt-1-1-768x569.jpg 768w, https:\/\/radiorevelacionfm.cl\/wp-content\/uploads\/2022\/01\/Calisto-con-Ministra-Hutt-1-1-705x522.jpg 705w, https:\/\/radiorevelacionfm.cl\/wp-content\/uploads\/2022\/01\/Calisto-con-Ministra-Hutt-1-1-600x444.jpg 600w\" sizes=\"(max-width: 810px) 100vw, 810px\" \/><\/div><\/div><\/div><\/div><div class=\"flex_column av_one_full  flex_column_div av-zero-column-padding first  avia-builder-el-2  el_after_av_one_full  el_before_av_one_full  column-top-margin\" style='border-radius:0px; '><section class=\"av_textblock_section \"  itemscope=\"itemscope\" itemtype=\"https:\/\/schema.org\/BlogPosting\" itemprop=\"blogPost\" ><div class='avia_textblock  '   itemprop=\"text\" ><p style=\"text-align: center;\"><strong><span style=\"font-size: 18pt;\">Calisto pide a Ministra Hutt agilizar una soluci\u00f3n para los problemas de conectividad digital que afectan al litoral de Ays\u00e9n<\/span><\/strong><\/p>\n<div id=\"gtx-trans\" style=\"position: absolute; left: -50px; top: 4.31534px;\">\n<div class=\"gtx-trans-icon\"><\/div>\n<\/div>\n<\/div><\/section><\/div><div class=\"flex_column av_one_full  flex_column_div av-zero-column-padding first  avia-builder-el-4  el_after_av_one_full  el_before_av_hr  column-top-margin\" style='border-radius:0px; '><section class=\"av_textblock_section \"  itemscope=\"itemscope\" itemtype=\"https:\/\/schema.org\/BlogPosting\" itemprop=\"blogPost\" ><div class='avia_textblock  '   itemprop=\"text\" ><p style=\"font-weight: 400; text-align: justify;\">En el marco de la visita que realiz\u00f3 a la regi\u00f3n la Ministra de Transporte y Telecomunicaciones, Gloria Hutt, el diputado Miguel \u00c1ngel Calisto le reiter\u00f3 la urgencia de solucionar los problemas de conectividad digital que afectan a distintas localidades de Ays\u00e9n, especialmente las que est\u00e1n ubicadas en el litoral.<\/p>\n<p style=\"font-weight: 400; text-align: justify;\">Seg\u00fan el legislador, \u201cle planteamos a la Ministra Gloria Hutt los problemas que afectan al litoral de Ays\u00e9n, especialmente a la gente de Islas Huichas y Melinka, producto de la mala se\u00f1al de internet. Este es un servicio que est\u00e1 licitado por el Estado, por lo tanto, hay recursos p\u00fablicos que est\u00e1n destinados para que el Servicio sea de la mejor calidad posible para los vecinos\u201d.<\/p>\n<p style=\"font-weight: 400; text-align: justify;\">Seg\u00fan el diputado Calisto, \u201cen el \u00faltimo tiempo, el servicio ha sido p\u00e9simo y los vecinos de estos sectores se han visto muy afectados por este tema. hace un tiempo se contact\u00f3 con nosotros una dirigenta de Repollal Bajo, Mabel Chiguay, quien nos comentaba de los serios problemas de conectividad digital que ten\u00edan y las dificultades que ten\u00edan los ni\u00f1os para poder conectarse a las clases, los que incluso deb\u00edan salir al aire libre a buscar se\u00f1al. Esto es algo que debe solucionarse lo antes posible\u201d.<\/p>\n<p style=\"font-weight: 400; text-align: justify;\">\u201cPor estos motivos, le hemos pedido a la Ministra que pueda agilizar las gestiones con su equipo del Ministerio, para que se retome el servicio de internet para Islas Huichas, sobre todo tomando en cuenta que es una necesidad importante para la gente, principalmente por la lejan\u00eda y por la importancia de la conectividad digital en la educaci\u00f3n de los ni\u00f1os. La Ministra tuvo una buena recepci\u00f3n de nuestra petici\u00f3n, por lo que esperamos que existan avances pronto\u201d, indic\u00f3 el legislador.<\/p>\n<p style=\"font-weight: 400; text-align: justify;\"><strong>Anuncio de nuevos Remolcadores<\/strong><\/p>\n<p style=\"font-weight: 400; text-align: justify;\">Con respecto al anuncio de nuevos remolcadores para Puerto Chacabuco, el diputado Calisto se\u00f1al\u00f3 que \u201ces una gran noticia. Este un tema que tanto hemos planteado a las autoridades de gobierno, producto de los problemas que se generan en el litoral con las embarcaciones que transportan pasajeros y que no pueden atracar en los puertos por las malas condiciones clim\u00e1ticas\u201d.<\/p>\n<p style=\"font-weight: 400; text-align: justify;\">Finalmente, el diputado Calisto asegur\u00f3 que \u201cmuchas veces vemos a las barcazas detenidas en la bah\u00eda, sin poder llegar a puerto por las condiciones clim\u00e1ticas, y la gente tiene que esperar horas, el d\u00eda completo y la noche hasta poder atracar.\u00a0 Nosotros este tema lo denunciamos en m\u00faltiples ocasiones, a prop\u00f3sito de llamados que nos hacen los vecinos de Islas Huichas, Estero Copa y Puerto Aguirre, como tambi\u00e9n gente de Melinka que debe venir a Puerto Ays\u00e9n a tratamientos m\u00e9dicos o realizar otros tr\u00e1mites\u201d.<\/p>\n<\/div><\/section><\/div><div  style='height:50px' class='hr hr-invisible   avia-builder-el-6  el_after_av_one_full  el_before_av_social_share '><span class='hr-inner ' ><span class='hr-inner-style'><\/span><\/span><\/div><\/p>\n<div  class='av-social-sharing-box  avia-builder-el-7  el_after_av_hr  el_before_av_hr  '><div class='av-share-box'><h5 class='av-share-link-description av-no-toc '>Compartir esta noticia<\/h5><ul class='av-share-box-list noLightbox'><li class='av-share-link av-social-link-facebook' ><a target=\"_blank\" aria-label=\"Compartir en Facebook\" href='https:\/\/www.facebook.com\/sharer.php?u=https:\/\/radiorevelacionfm.cl\/?p=12924&#038;t=Calisto%20pide%20a%20Ministra%20Hutt%20agilizar%20una%20soluci%C3%B3n%20para%20los%20problemas%20de%20conectividad%20digital%20que%20afectan%20al%20litoral%20de%20Ays%C3%A9n' aria-hidden='false' data-av_icon='\ue8f3' data-av_iconfont='entypo-fontello' title='' data-avia-related-tooltip='Compartir en Facebook' rel=\"noopener\"><span class='avia_hidden_link_text'>Compartir en Facebook<\/span><\/a><\/li><li class='av-share-link av-social-link-twitter' ><a target=\"_blank\" aria-label=\"Compartir en Twitter\" href='https:\/\/twitter.com\/share?text=Calisto%20pide%20a%20Ministra%20Hutt%20agilizar%20una%20soluci%C3%B3n%20para%20los%20problemas%20de%20conectividad%20digital%20que%20afectan%20al%20litoral%20de%20Ays%C3%A9n&#038;url=https:\/\/radiorevelacionfm.cl\/?p=12924' aria-hidden='false' data-av_icon='\ue8f1' data-av_iconfont='entypo-fontello' title='' data-avia-related-tooltip='Compartir en Twitter' rel=\"noopener\"><span class='avia_hidden_link_text'>Compartir en Twitter<\/span><\/a><\/li><li class='av-share-link av-social-link-whatsapp' ><a target=\"_blank\" aria-label=\"Compartir en Whatsapp\" href='https:\/\/api.whatsapp.com\/send?text=https:\/\/radiorevelacionfm.cl\/?p=12924' aria-hidden='false' data-av_icon='\uf232' data-av_iconfont='entypo-fontello' title='' data-avia-related-tooltip='Compartir en Whatsapp' rel=\"noopener\"><span class='avia_hidden_link_text'>Compartir en Whatsapp<\/span><\/a><\/li><li class='av-share-link av-social-link-linkedin' ><a target=\"_blank\" aria-label=\"Compartir en LinkedIn\" href='https:\/\/linkedin.com\/shareArticle?mini=true&#038;title=Calisto%20pide%20a%20Ministra%20Hutt%20agilizar%20una%20soluci%C3%B3n%20para%20los%20problemas%20de%20conectividad%20digital%20que%20afectan%20al%20litoral%20de%20Ays%C3%A9n&#038;url=https:\/\/radiorevelacionfm.cl\/?p=12924' aria-hidden='false' data-av_icon='\ue8fc' data-av_iconfont='entypo-fontello' title='' data-avia-related-tooltip='Compartir en LinkedIn' rel=\"noopener\"><span class='avia_hidden_link_text'>Compartir en LinkedIn<\/span><\/a><\/li><li class='av-share-link av-social-link-mail' ><a  aria-label=\"Compartir por correo\" href='mailto:?subject=Calisto%20pide%20a%20Ministra%20Hutt%20agilizar%20una%20soluci%C3%B3n%20para%20los%20problemas%20de%20conectividad%20digital%20que%20afectan%20al%20litoral%20de%20Ays%C3%A9n&#038;body=https:\/\/radiorevelacionfm.cl\/?p=12924' aria-hidden='false' data-av_icon='\ue805' data-av_iconfont='entypo-fontello' title='' data-avia-related-tooltip='Compartir por correo'><span class='avia_hidden_link_text'>Compartir por correo<\/span><\/a><\/li><\/ul><\/div><\/div>\n<div  style='height:50px' class='hr hr-invisible   avia-builder-el-8  el_after_av_social_share  el_before_av_comments_list '><span class='hr-inner ' ><span class='hr-inner-style'><\/span><\/span><\/div>\n<div  class='av-buildercomment  av-blog-meta-html-info-disabled av-blog-meta-tag-disabled  '><\/div>\n","protected":false},"excerpt":{"rendered":"","protected":false},"author":1,"featured_media":12925,"comment_status":"open","ping_status":"open","sticky":false,"template":"","format":"standard","meta":{"footnotes":""},"categories":[35],"tags":[],"class_list":["post-12924","post","type-post","status-publish","format-standard","has-post-thumbnail","hentry","category-politica"],"jetpack_featured_media_url":"https:\/\/radiorevelacionfm.cl\/wp-content\/uploads\/2022\/01\/Calisto-con-Ministra-Hutt-1-1.jpg","_links":{"self":[{"href":"https:\/\/radiorevelacionfm.cl\/index.php?rest_route=\/wp\/v2\/posts\/12924","targetHints":{"allow":["GET"]}}],"collection":[{"href":"https:\/\/radiorevelacionfm.cl\/index.php?rest_route=\/wp\/v2\/posts"}],"about":[{"href":"https:\/\/radiorevelacionfm.cl\/index.php?rest_route=\/wp\/v2\/types\/post"}],"author":[{"embeddable":true,"href":"https:\/\/radiorevelacionfm.cl\/index.php?rest_route=\/wp\/v2\/users\/1"}],"replies":[{"embeddable":true,"href":"https:\/\/radiorevelacionfm.cl\/index.php?rest_route=%2Fwp%2Fv2%2Fcomments&post=12924"}],"version-history":[{"count":2,"href":"https:\/\/radiorevelacionfm.cl\/index.php?rest_route=\/wp\/v2\/posts\/12924\/revisions"}],"predecessor-version":[{"id":12937,"href":"https:\/\/radiorevelacionfm.cl\/index.php?rest_route=\/wp\/v2\/posts\/12924\/revisions\/12937"}],"wp:featuredmedia":[{"embeddable":true,"href":"https:\/\/radiorevelacionfm.cl\/index.php?rest_route=\/wp\/v2\/media\/12925"}],"wp:attachment":[{"href":"https:\/\/radiorevelacionfm.cl\/index.php?rest_route=%2Fwp%2Fv2%2Fmedia&parent=12924"}],"wp:term":[{"taxonomy":"category","embeddable":true,"href":"https:\/\/radiorevelacionfm.cl\/index.php?rest_route=%2Fwp%2Fv2%2Fcategories&post=12924"},{"taxonomy":"post_tag","embeddable":true,"href":"https:\/\/radiorevelacionfm.cl\/index.php?rest_route=%2Fwp%2Fv2%2Ftags&post=12924"}],"curies":[{"name":"wp","href":"https:\/\/api.w.org\/{rel}","templated":true}]}}