{"id":12920,"date":"2022-01-17T16:29:37","date_gmt":"2022-01-17T19:29:37","guid":{"rendered":"https:\/\/radiorevelacionfm.cl\/?p=12920"},"modified":"2022-01-17T16:29:37","modified_gmt":"2022-01-17T19:29:37","slug":"encuestadores-recorren-la-region-para-levantar-informacion-de-catastro-fruticola-2022","status":"publish","type":"post","link":"https:\/\/radiorevelacionfm.cl\/?p=12920","title":{"rendered":"Encuestadores recorren la regi\u00f3n para levantar informaci\u00f3n de Catastro Frut\u00edcola 2022"},"content":{"rendered":"<div class=\"flex_column av_one_full  flex_column_div av-zero-column-padding first  avia-builder-el-0  el_before_av_one_full  avia-builder-el-first  \" style='border-radius:0px; '><div  class='avia-image-container  av-styling-    avia-builder-el-1  avia-builder-el-no-sibling  avia-align-center '  itemprop=\"image\" itemscope=\"itemscope\" itemtype=\"https:\/\/schema.org\/ImageObject\"  ><div class='avia-image-container-inner'><div class='avia-image-overlay-wrap'><img decoding=\"async\" class='wp-image-12921 avia-img-lazy-loading-not-12921 avia_image' src=\"https:\/\/radiorevelacionfm.cl\/wp-content\/uploads\/2022\/01\/catastro-fruticola0-1_optimized.jpeg\" alt='' title='catastro-fruticola0-(1)_optimized' height=\"600\" width=\"800\"  itemprop=\"thumbnailUrl\" srcset=\"https:\/\/radiorevelacionfm.cl\/wp-content\/uploads\/2022\/01\/catastro-fruticola0-1_optimized.jpeg 800w, https:\/\/radiorevelacionfm.cl\/wp-content\/uploads\/2022\/01\/catastro-fruticola0-1_optimized-300x225.jpeg 300w, https:\/\/radiorevelacionfm.cl\/wp-content\/uploads\/2022\/01\/catastro-fruticola0-1_optimized-768x576.jpeg 768w, https:\/\/radiorevelacionfm.cl\/wp-content\/uploads\/2022\/01\/catastro-fruticola0-1_optimized-705x529.jpeg 705w, https:\/\/radiorevelacionfm.cl\/wp-content\/uploads\/2022\/01\/catastro-fruticola0-1_optimized-600x450.jpeg 600w\" sizes=\"(max-width: 800px) 100vw, 800px\" \/><\/div><\/div><\/div><\/div><div class=\"flex_column av_one_full  flex_column_div av-zero-column-padding first  avia-builder-el-2  el_after_av_one_full  el_before_av_one_full  column-top-margin\" style='border-radius:0px; '><section class=\"av_textblock_section \"  itemscope=\"itemscope\" itemtype=\"https:\/\/schema.org\/BlogPosting\" itemprop=\"blogPost\" ><div class='avia_textblock  '   itemprop=\"text\" ><p style=\"text-align: center;\"><span style=\"font-size: 18pt;\"><strong>Encuestadores recorren la regi\u00f3n para levantar informaci\u00f3n de Catastro Frut\u00edcola 2022<\/strong><\/span><\/p>\n<div id=\"gtx-trans\" style=\"position: absolute; left: -50px; top: 4.31534px;\">\n<div class=\"gtx-trans-icon\"><\/div>\n<\/div>\n<\/div><\/section><\/div><div class=\"flex_column av_one_full  flex_column_div av-zero-column-padding first  avia-builder-el-4  el_after_av_one_full  el_before_av_hr  column-top-margin\" style='border-radius:0px; '><section class=\"av_textblock_section \"  itemscope=\"itemscope\" itemtype=\"https:\/\/schema.org\/BlogPosting\" itemprop=\"blogPost\" ><div class='avia_textblock  '   itemprop=\"text\" ><p style=\"text-align: justify;\">Ays\u00e9n junto a Arica y Parinacota, Tarapac\u00e1, Maule, \u00d1uble, Biob\u00edo, La Araucan\u00eda, Los R\u00edos y Los Lagos, son las nueve regiones, que para este 2022, contar\u00e1n con una completa actualizaci\u00f3n de cifras sobre el desarrollo de la fruticultura, sus diferentes especies y variedades, superficie de frutales por m\u00e9todo de riego, producci\u00f3n y su destino, adem\u00e1s de informaci\u00f3n sobre la capacidad instalada de infraestructura y agroindustria.<\/p>\n<p style=\"text-align: justify;\">El Catastro Frut\u00edcola es una completa radiograf\u00eda del rubro realizado por el Centro de Informaci\u00f3n de Recursos Naturales, CIREN, con el apoyo de la\u00a0Oficina de Estudios y Pol\u00edticas Agrarias, ODEPA. Es trianual y para estas regiones, la \u00faltima actualizaci\u00f3n se realiz\u00f3 en el 2019, a\u00f1o en el que se registr\u00f3 una de las alzas m\u00e1s importantes en el \u00faltimo tiempo. De 62 mil hect\u00e1reas en el 2016, se superaron las 117 mil hect\u00e1reas en tres a\u00f1os. Esta variaci\u00f3n positiva se espera contin\u00fae y para ello casi un veintenar de encuestadores, con la implementaci\u00f3n de estrictas medidas sanitarias, recorren y visitan a los productores para levantar la informaci\u00f3n.<\/p>\n<p style=\"text-align: justify;\">\u201cLa fruticultura es un rubro esencial de nuestra actividad econ\u00f3mica por ser uno de los principales motores del desarrollo exportador silvoagropecuario, destacando su capacidad generadora de oportunidades laborales y desarrollo econ\u00f3mico en territorios preferentemente rurales, por lo que contar con informaci\u00f3n actualizada y de calidad resulta fundamental en este sector agr\u00edcola\u201d indic\u00f3 la directora nacional de ODEPA, Mar\u00eda Jos\u00e9 Irarr\u00e1zaval.<\/p>\n<p style=\"text-align: justify;\">El trabajo para la obtenci\u00f3n de informaci\u00f3n se divide en tres etapas, levantamiento territorial, an\u00e1lisis y publicaci\u00f3n. Por ello adem\u00e1s de toda la informaci\u00f3n presentada en tablas y gr\u00e1ficos, disponibles en las p\u00e1ginas institucionales de CIREN y ODEPA, est\u00e1 disponible en el portal IDE Minagri, con todos los datos representados a trav\u00e9s de capas geoespaciales.<\/p>\n<p style=\"text-align: justify;\">En esta l\u00ednea el director del Centro de Informaci\u00f3n de Recursos Naturales, CIREN, F\u00e9lix Viveros, \u00a0agreg\u00f3 \u201ctodo el despliegue territorial que realiza CIREN merece un gran reconocimiento, pues permite tener informaci\u00f3n actualizada para tomar decisiones correctas, en especial en la actualidad donde existe un alto impacto del cambio clim\u00e1tico, lo que obliga a planificar a mediano y largo plazo la reconversi\u00f3n y diversificaci\u00f3n de cultivos\u201d.<\/p>\n<p style=\"text-align: justify;\">Para la regi\u00f3n de Ays\u00e9n, la \u00faltima actualizaci\u00f3n realizada en el a\u00f1o 2019 arroj\u00f3 que la superficie de cultivos frutales aument\u00f3 un 13,1% con respecto al a\u00f1o 2016. El cerezo aport\u00f3 un 97,6% la superficie regional cultivada, especie que en su mayor\u00eda se ubic\u00f3 en la comuna de Chile Chico.<\/p>\n<p style=\"text-align: justify;\">Sweet Heart fue la variedad de cerezos m\u00e1s cultivada, le siguieron Kordia y Regina. Las tres aumentaron su superficie en un 18,5%, 9,6% y 61,5% respectivamente.<\/p>\n<p style=\"text-align: justify;\">En relaci\u00f3n a esto Felipe Henr\u00edquez Raglianti, Seremi de Agricultura en la regi\u00f3n se\u00f1alo: \u201cEl catastro frut\u00edcola que generan las instituciones dependientes del Ministerio de Agricultura, nos permiten contar con informaci\u00f3n de bases respecto a la realidad del sector frut\u00edcola en la regi\u00f3n de Ays\u00e9n, pero durante la serie de tiempo tambi\u00e9n ir viendo c\u00f3mo se han ido incorporado nuevas variedades y nuevos sistemas productivos en la regi\u00f3n. Esto, adem\u00e1s cobra relevancia al darnos una cuenta de c\u00f3mo los programas de fomento que lleva el Ministerio de Agricultura, con sus servicios dependientes, apoyados por el Gobierno Regional han aportado para poder poner en r\u00e9gimen productivo nuevas superficies con nuevos sistemas de cultivo.<\/p>\n<p style=\"text-align: justify;\">Creemos que la diversificaci\u00f3n productiva en el sector rural es una gran necesidad y en ese sentido, frente al cambio clim\u00e1tico la alternativa de diversificaci\u00f3n a los frutales genera una oportunidad muy importante a los propietarios agr\u00edcolas. \u201c<\/p>\n<p style=\"text-align: justify;\">Durante todo el periodo estival, los encuestadores estar\u00e1n recorriendo las regiones. Para reconocerlos, cada uno porta una credencial individualizada.<\/p>\n<p style=\"text-align: justify;\">Para conocer todo el detalle hist\u00f3rico de los Catastros Frut\u00edcolas y poder descargarlos, ingresa a la plataforma <a href=\"https:\/\/www.ciren.cl\/proyectos\/catastros\/catastro-fruticola\/\">https:\/\/www.ciren.cl\/proyectos\/catastros\/catastro-fruticola\/<\/a><\/p>\n<p style=\"text-align: justify;\"><strong>\u00a0<\/strong><\/p>\n<\/div><\/section><\/div><div  style='height:50px' class='hr hr-invisible   avia-builder-el-6  el_after_av_one_full  el_before_av_social_share '><span class='hr-inner ' ><span class='hr-inner-style'><\/span><\/span><\/div><\/p>\n<div  class='av-social-sharing-box  avia-builder-el-7  el_after_av_hr  el_before_av_hr  '><div class='av-share-box'><h5 class='av-share-link-description av-no-toc '>Compartir esta noticia<\/h5><ul class='av-share-box-list noLightbox'><li class='av-share-link av-social-link-facebook' ><a target=\"_blank\" aria-label=\"Compartir en Facebook\" href='https:\/\/www.facebook.com\/sharer.php?u=https:\/\/radiorevelacionfm.cl\/?p=12920&#038;t=Encuestadores%20recorren%20la%20regi%C3%B3n%20para%20levantar%20informaci%C3%B3n%20de%20Catastro%20Frut%C3%ADcola%202022' aria-hidden='false' data-av_icon='\ue8f3' data-av_iconfont='entypo-fontello' title='' data-avia-related-tooltip='Compartir en Facebook' rel=\"noopener\"><span class='avia_hidden_link_text'>Compartir en Facebook<\/span><\/a><\/li><li class='av-share-link av-social-link-twitter' ><a target=\"_blank\" aria-label=\"Compartir en Twitter\" href='https:\/\/twitter.com\/share?text=Encuestadores%20recorren%20la%20regi%C3%B3n%20para%20levantar%20informaci%C3%B3n%20de%20Catastro%20Frut%C3%ADcola%202022&#038;url=https:\/\/radiorevelacionfm.cl\/?p=12920' aria-hidden='false' data-av_icon='\ue8f1' data-av_iconfont='entypo-fontello' title='' data-avia-related-tooltip='Compartir en Twitter' rel=\"noopener\"><span class='avia_hidden_link_text'>Compartir en Twitter<\/span><\/a><\/li><li class='av-share-link av-social-link-whatsapp' ><a target=\"_blank\" aria-label=\"Compartir en Whatsapp\" href='https:\/\/api.whatsapp.com\/send?text=https:\/\/radiorevelacionfm.cl\/?p=12920' aria-hidden='false' data-av_icon='\uf232' data-av_iconfont='entypo-fontello' title='' data-avia-related-tooltip='Compartir en Whatsapp' rel=\"noopener\"><span class='avia_hidden_link_text'>Compartir en Whatsapp<\/span><\/a><\/li><li class='av-share-link av-social-link-linkedin' ><a target=\"_blank\" aria-label=\"Compartir en LinkedIn\" href='https:\/\/linkedin.com\/shareArticle?mini=true&#038;title=Encuestadores%20recorren%20la%20regi%C3%B3n%20para%20levantar%20informaci%C3%B3n%20de%20Catastro%20Frut%C3%ADcola%202022&#038;url=https:\/\/radiorevelacionfm.cl\/?p=12920' aria-hidden='false' data-av_icon='\ue8fc' data-av_iconfont='entypo-fontello' title='' data-avia-related-tooltip='Compartir en LinkedIn' rel=\"noopener\"><span class='avia_hidden_link_text'>Compartir en LinkedIn<\/span><\/a><\/li><li class='av-share-link av-social-link-mail' ><a  aria-label=\"Compartir por correo\" href='mailto:?subject=Encuestadores%20recorren%20la%20regi%C3%B3n%20para%20levantar%20informaci%C3%B3n%20de%20Catastro%20Frut%C3%ADcola%202022&#038;body=https:\/\/radiorevelacionfm.cl\/?p=12920' aria-hidden='false' data-av_icon='\ue805' data-av_iconfont='entypo-fontello' title='' data-avia-related-tooltip='Compartir por correo'><span class='avia_hidden_link_text'>Compartir por correo<\/span><\/a><\/li><\/ul><\/div><\/div>\n<div  style='height:50px' class='hr hr-invisible   avia-builder-el-8  el_after_av_social_share  el_before_av_comments_list '><span class='hr-inner ' ><span class='hr-inner-style'><\/span><\/span><\/div>\n<div  class='av-buildercomment  av-blog-meta-html-info-disabled av-blog-meta-tag-disabled  '><\/div>\n","protected":false},"excerpt":{"rendered":"","protected":false},"author":1,"featured_media":12921,"comment_status":"open","ping_status":"open","sticky":false,"template":"","format":"standard","meta":{"footnotes":""},"categories":[58],"tags":[],"class_list":["post-12920","post","type-post","status-publish","format-standard","has-post-thumbnail","hentry","category-agricultura"],"jetpack_featured_media_url":"https:\/\/radiorevelacionfm.cl\/wp-content\/uploads\/2022\/01\/catastro-fruticola0-1_optimized.jpeg","_links":{"self":[{"href":"https:\/\/radiorevelacionfm.cl\/index.php?rest_route=\/wp\/v2\/posts\/12920","targetHints":{"allow":["GET"]}}],"collection":[{"href":"https:\/\/radiorevelacionfm.cl\/index.php?rest_route=\/wp\/v2\/posts"}],"about":[{"href":"https:\/\/radiorevelacionfm.cl\/index.php?rest_route=\/wp\/v2\/types\/post"}],"author":[{"embeddable":true,"href":"https:\/\/radiorevelacionfm.cl\/index.php?rest_route=\/wp\/v2\/users\/1"}],"replies":[{"embeddable":true,"href":"https:\/\/radiorevelacionfm.cl\/index.php?rest_route=%2Fwp%2Fv2%2Fcomments&post=12920"}],"version-history":[{"count":2,"href":"https:\/\/radiorevelacionfm.cl\/index.php?rest_route=\/wp\/v2\/posts\/12920\/revisions"}],"predecessor-version":[{"id":12923,"href":"https:\/\/radiorevelacionfm.cl\/index.php?rest_route=\/wp\/v2\/posts\/12920\/revisions\/12923"}],"wp:featuredmedia":[{"embeddable":true,"href":"https:\/\/radiorevelacionfm.cl\/index.php?rest_route=\/wp\/v2\/media\/12921"}],"wp:attachment":[{"href":"https:\/\/radiorevelacionfm.cl\/index.php?rest_route=%2Fwp%2Fv2%2Fmedia&parent=12920"}],"wp:term":[{"taxonomy":"category","embeddable":true,"href":"https:\/\/radiorevelacionfm.cl\/index.php?rest_route=%2Fwp%2Fv2%2Fcategories&post=12920"},{"taxonomy":"post_tag","embeddable":true,"href":"https:\/\/radiorevelacionfm.cl\/index.php?rest_route=%2Fwp%2Fv2%2Ftags&post=12920"}],"curies":[{"name":"wp","href":"https:\/\/api.w.org\/{rel}","templated":true}]}}