{"id":12917,"date":"2022-01-18T10:18:21","date_gmt":"2022-01-18T13:18:21","guid":{"rendered":"https:\/\/radiorevelacionfm.cl\/?p=12917"},"modified":"2022-01-18T10:18:21","modified_gmt":"2022-01-18T13:18:21","slug":"invitan-a-estudiantes-padres-y-apoderados-a-recibir-orientacion-respecto-a-postulacion-a-becas-y-beneficios-junaeb-2022","status":"publish","type":"post","link":"https:\/\/radiorevelacionfm.cl\/?p=12917","title":{"rendered":"Invitan a estudiantes, padres y apoderados a recibir orientaci\u00f3n respecto a postulaci\u00f3n a becas y beneficios JUNAEB 2022"},"content":{"rendered":"<div class=\"flex_column av_one_full  flex_column_div av-zero-column-padding first  avia-builder-el-0  el_before_av_one_full  avia-builder-el-first  \" style='border-radius:0px; '><div  class='avia-image-container  av-styling-    avia-builder-el-1  avia-builder-el-no-sibling  avia-align-center '  itemprop=\"image\" itemscope=\"itemscope\" itemtype=\"https:\/\/schema.org\/ImageObject\"  ><div class='avia-image-container-inner'><div class='avia-image-overlay-wrap'><img decoding=\"async\" class='wp-image-12918 avia-img-lazy-loading-not-12918 avia_image' src=\"https:\/\/radiorevelacionfm.cl\/wp-content\/uploads\/2022\/01\/DEM17.01-1-1.jpg\" alt='' title='DEM17.01 (1) (1)' height=\"600\" width=\"800\"  itemprop=\"thumbnailUrl\" srcset=\"https:\/\/radiorevelacionfm.cl\/wp-content\/uploads\/2022\/01\/DEM17.01-1-1.jpg 800w, https:\/\/radiorevelacionfm.cl\/wp-content\/uploads\/2022\/01\/DEM17.01-1-1-300x225.jpg 300w, https:\/\/radiorevelacionfm.cl\/wp-content\/uploads\/2022\/01\/DEM17.01-1-1-768x576.jpg 768w, https:\/\/radiorevelacionfm.cl\/wp-content\/uploads\/2022\/01\/DEM17.01-1-1-705x529.jpg 705w, https:\/\/radiorevelacionfm.cl\/wp-content\/uploads\/2022\/01\/DEM17.01-1-1-600x450.jpg 600w\" sizes=\"(max-width: 800px) 100vw, 800px\" \/><\/div><\/div><\/div><\/div><div class=\"flex_column av_one_full  flex_column_div av-zero-column-padding first  avia-builder-el-2  el_after_av_one_full  el_before_av_one_full  column-top-margin\" style='border-radius:0px; '><section class=\"av_textblock_section \"  itemscope=\"itemscope\" itemtype=\"https:\/\/schema.org\/BlogPosting\" itemprop=\"blogPost\" ><div class='avia_textblock  '   itemprop=\"text\" ><p style=\"text-align: center;\"><strong><span style=\"font-size: 18pt;\">Invitan a estudiantes, padres y apoderados a recibir orientaci\u00f3n respecto a postulaci\u00f3n a becas y beneficios JUNAEB 2022<\/span><\/strong><\/p>\n<div id=\"gtx-trans\" style=\"position: absolute; left: -50px; top: 4.31534px;\">\n<div class=\"gtx-trans-icon\"><\/div>\n<\/div>\n<\/div><\/section><\/div><div class=\"flex_column av_one_full  flex_column_div av-zero-column-padding first  avia-builder-el-4  el_after_av_one_full  el_before_av_hr  column-top-margin\" style='border-radius:0px; '><section class=\"av_textblock_section \"  itemscope=\"itemscope\" itemtype=\"https:\/\/schema.org\/BlogPosting\" itemprop=\"blogPost\" ><div class='avia_textblock  '   itemprop=\"text\" ><p style=\"font-weight: 400; text-align: justify;\">\u201cAndo viendo la posibilidad de postular a las becas JUNAEB para ingresar al CFT Ays\u00e9n a estudiar t\u00e9cnico en administraci\u00f3n p\u00fablica, despu\u00e9s de 20 a\u00f1os o tal vez un poco m\u00e1s, retomar los estudios porque he aprendido que nunca es tarde. Soy madre de tres hijos, actualmente trabajadora de FrIosur de muchas temporadas y uno quiere cambiar y tambi\u00e9n quiere obtener conocimiento\u201d, indic\u00f3 feliz Cecilia Lagos, quien este lunes arrib\u00f3 hasta la Direcci\u00f3n Municipal de Educaci\u00f3n en Puerto Ays\u00e9n a fin de solicitar los antecedentes necesarios para iniciar sus clases en marzo y, adem\u00e1s, conocer la informaci\u00f3n respecto a las alternativas que entrega la Junta Nacional de Auxilio Escolar y Becas, de cara a alivianar los montos que significa estudiar en la educaci\u00f3n superior.<\/p>\n<p style=\"font-weight: 400; text-align: justify;\">\u201cAndo viendo todo lo que fue mi periodo de educaci\u00f3n media aqu\u00ed en el DEM. Las notas, las evaluaciones. Por ahora, postul\u00e9 a la beca ind\u00edgena y m\u00e1s adelante estaremos en contacto para ver a qu\u00e9 tipo de beca puedo postular Los plazos son muy importantes, as\u00ed que grata con mi paso por la Direcci\u00f3n, he sido muy bien atendida, de forma diligente as\u00ed que invito a la comunidad a que se acerque, ya que quedan pocos d\u00edas\u201d, llam\u00f3 la vecina aysenina.<\/p>\n<p style=\"font-weight: 400; text-align: justify;\">Al respecto, durante toda esta semana se extender\u00e1 la atenci\u00f3n en la direcci\u00f3n dependiente del municipio aysenino, que en los \u00faltimos d\u00edas se traslad\u00f3 hasta las diversas localidades de la comuna en el marco de la denominada Feria Itinerante Educativa Veraniega \u201cDEM Ays\u00e9n te orienta\u201d, con el objetivo de acercar la informaci\u00f3n a los padres, apoderados y estudiantes que quisiesen acceder a los diversos beneficios estatales educacionales.<\/p>\n<p style=\"font-weight: 400; text-align: justify;\">Esto, a prop\u00f3sito del proceso 2022 que llegar\u00e1 a su fin el d\u00eda viernes 21 de enero. Por ello, el asistente social del equipo Habilidades Para la Vida del DEM, Ariel Bahamonde, relev\u00f3 la invitaci\u00f3n a las comunidades educativas de toda la comuna, para que se acerquen hasta el DEM Ays\u00e9n, ubicado en calle Humberto Garc\u00eda 245, en el sector Ribera Sur de la capital comunal, y de esta manera, se cumpla con los plazos no perdi\u00e9ndose ninguna de las alternativas que, en definitiva, van en beneficio de los estudiantes ayseninos.<\/p>\n<p style=\"font-weight: 400; text-align: justify;\">\u201cInvitarlos a que se acerquen durante esta semana desde las 08.15 a 13.30 horas y por las tardes desde las 14.15 a 17.30 horas. Recalco, este viernes 21 se acaba el plazo de postulaci\u00f3n, as\u00ed que aqu\u00ed estamos para ayudarles y orientarles en este proceso tan significativo e importante para las familias de Ays\u00e9n\u201d.<\/p>\n<p style=\"font-weight: 400; text-align: justify;\">El profesional, igualmente se\u00f1al\u00f3 que existen alternativas telem\u00e1ticas para quienes no pueden asistir de forma presencial a la Direcci\u00f3n. \u201cTambi\u00e9n est\u00e1 la posibilidad de que quienes lo necesiten, puedan solicitar su informaci\u00f3n a trav\u00e9s del correo electr\u00f3nico\u00a0<a href=\"mailto:ariel.bahamonde@puertoaysen.cl\">ariel.bahamonde@puertoaysen.cl<\/a>\u00a0o bien, llamar al tel\u00e9fono 672336537. All\u00ed podr\u00e1n solicitar orientaci\u00f3n referente al proceso, principalmente postulaci\u00f3n a becas. Sobre la obtenci\u00f3n de certificados de alumno regular, este es \u00a0un documento que acredita que el estudiante se encuentra matriculado para el a\u00f1o acad\u00e9mico 2022 y con ello poder renovar los beneficios que entrega la JUNAEB, la Ilustre Municipalidad de Ays\u00e9n u otras entidades de beneficios estatales, esto s\u00f3lo con la c\u00e9dula de identidad vigente adem\u00e1s de tener la informaci\u00f3n clara respecto a la instituci\u00f3n o establecimiento al que pertenece el estudiante del cual vienen a solicitar el certificado\u201d, finaliz\u00f3 Bahamonde Pe\u00f1a.<\/p>\n<\/div><\/section><\/div><div  style='height:50px' class='hr hr-invisible   avia-builder-el-6  el_after_av_one_full  el_before_av_social_share '><span class='hr-inner ' ><span class='hr-inner-style'><\/span><\/span><\/div><\/p>\n<div  class='av-social-sharing-box  avia-builder-el-7  el_after_av_hr  el_before_av_hr  '><div class='av-share-box'><h5 class='av-share-link-description av-no-toc '>Compartir esta noticia<\/h5><ul class='av-share-box-list noLightbox'><li class='av-share-link av-social-link-facebook' ><a target=\"_blank\" aria-label=\"Compartir en Facebook\" href='https:\/\/www.facebook.com\/sharer.php?u=https:\/\/radiorevelacionfm.cl\/?p=12917&#038;t=Invitan%20a%20estudiantes%2C%20padres%20y%20apoderados%20a%20recibir%20orientaci%C3%B3n%20respecto%20a%20postulaci%C3%B3n%20a%20becas%20y%20beneficios%20JUNAEB%202022' aria-hidden='false' data-av_icon='\ue8f3' data-av_iconfont='entypo-fontello' title='' data-avia-related-tooltip='Compartir en Facebook' rel=\"noopener\"><span class='avia_hidden_link_text'>Compartir en Facebook<\/span><\/a><\/li><li class='av-share-link av-social-link-twitter' ><a target=\"_blank\" aria-label=\"Compartir en Twitter\" href='https:\/\/twitter.com\/share?text=Invitan%20a%20estudiantes%2C%20padres%20y%20apoderados%20a%20recibir%20orientaci%C3%B3n%20respecto%20a%20postulaci%C3%B3n%20a%20becas%20y%20beneficios%20JUNAEB%202022&#038;url=https:\/\/radiorevelacionfm.cl\/?p=12917' aria-hidden='false' data-av_icon='\ue8f1' data-av_iconfont='entypo-fontello' title='' data-avia-related-tooltip='Compartir en Twitter' rel=\"noopener\"><span class='avia_hidden_link_text'>Compartir en Twitter<\/span><\/a><\/li><li class='av-share-link av-social-link-whatsapp' ><a target=\"_blank\" aria-label=\"Compartir en Whatsapp\" href='https:\/\/api.whatsapp.com\/send?text=https:\/\/radiorevelacionfm.cl\/?p=12917' aria-hidden='false' data-av_icon='\uf232' data-av_iconfont='entypo-fontello' title='' data-avia-related-tooltip='Compartir en Whatsapp' rel=\"noopener\"><span class='avia_hidden_link_text'>Compartir en Whatsapp<\/span><\/a><\/li><li class='av-share-link av-social-link-linkedin' ><a target=\"_blank\" aria-label=\"Compartir en LinkedIn\" href='https:\/\/linkedin.com\/shareArticle?mini=true&#038;title=Invitan%20a%20estudiantes%2C%20padres%20y%20apoderados%20a%20recibir%20orientaci%C3%B3n%20respecto%20a%20postulaci%C3%B3n%20a%20becas%20y%20beneficios%20JUNAEB%202022&#038;url=https:\/\/radiorevelacionfm.cl\/?p=12917' aria-hidden='false' data-av_icon='\ue8fc' data-av_iconfont='entypo-fontello' title='' data-avia-related-tooltip='Compartir en LinkedIn' rel=\"noopener\"><span class='avia_hidden_link_text'>Compartir en LinkedIn<\/span><\/a><\/li><li class='av-share-link av-social-link-mail' ><a  aria-label=\"Compartir por correo\" href='mailto:?subject=Invitan%20a%20estudiantes%2C%20padres%20y%20apoderados%20a%20recibir%20orientaci%C3%B3n%20respecto%20a%20postulaci%C3%B3n%20a%20becas%20y%20beneficios%20JUNAEB%202022&#038;body=https:\/\/radiorevelacionfm.cl\/?p=12917' aria-hidden='false' data-av_icon='\ue805' data-av_iconfont='entypo-fontello' title='' data-avia-related-tooltip='Compartir por correo'><span class='avia_hidden_link_text'>Compartir por correo<\/span><\/a><\/li><\/ul><\/div><\/div>\n<div  style='height:50px' class='hr hr-invisible   avia-builder-el-8  el_after_av_social_share  el_before_av_comments_list '><span class='hr-inner ' ><span class='hr-inner-style'><\/span><\/span><\/div>\n<div  class='av-buildercomment  av-blog-meta-html-info-disabled av-blog-meta-tag-disabled  '><\/div>\n","protected":false},"excerpt":{"rendered":"","protected":false},"author":1,"featured_media":12918,"comment_status":"open","ping_status":"open","sticky":false,"template":"","format":"standard","meta":{"footnotes":""},"categories":[38],"tags":[],"class_list":["post-12917","post","type-post","status-publish","format-standard","has-post-thumbnail","hentry","category-regional"],"jetpack_featured_media_url":"https:\/\/radiorevelacionfm.cl\/wp-content\/uploads\/2022\/01\/DEM17.01-1-1.jpg","_links":{"self":[{"href":"https:\/\/radiorevelacionfm.cl\/index.php?rest_route=\/wp\/v2\/posts\/12917","targetHints":{"allow":["GET"]}}],"collection":[{"href":"https:\/\/radiorevelacionfm.cl\/index.php?rest_route=\/wp\/v2\/posts"}],"about":[{"href":"https:\/\/radiorevelacionfm.cl\/index.php?rest_route=\/wp\/v2\/types\/post"}],"author":[{"embeddable":true,"href":"https:\/\/radiorevelacionfm.cl\/index.php?rest_route=\/wp\/v2\/users\/1"}],"replies":[{"embeddable":true,"href":"https:\/\/radiorevelacionfm.cl\/index.php?rest_route=%2Fwp%2Fv2%2Fcomments&post=12917"}],"version-history":[{"count":2,"href":"https:\/\/radiorevelacionfm.cl\/index.php?rest_route=\/wp\/v2\/posts\/12917\/revisions"}],"predecessor-version":[{"id":12960,"href":"https:\/\/radiorevelacionfm.cl\/index.php?rest_route=\/wp\/v2\/posts\/12917\/revisions\/12960"}],"wp:featuredmedia":[{"embeddable":true,"href":"https:\/\/radiorevelacionfm.cl\/index.php?rest_route=\/wp\/v2\/media\/12918"}],"wp:attachment":[{"href":"https:\/\/radiorevelacionfm.cl\/index.php?rest_route=%2Fwp%2Fv2%2Fmedia&parent=12917"}],"wp:term":[{"taxonomy":"category","embeddable":true,"href":"https:\/\/radiorevelacionfm.cl\/index.php?rest_route=%2Fwp%2Fv2%2Fcategories&post=12917"},{"taxonomy":"post_tag","embeddable":true,"href":"https:\/\/radiorevelacionfm.cl\/index.php?rest_route=%2Fwp%2Fv2%2Ftags&post=12917"}],"curies":[{"name":"wp","href":"https:\/\/api.w.org\/{rel}","templated":true}]}}