{"id":12913,"date":"2022-01-19T10:14:47","date_gmt":"2022-01-19T13:14:47","guid":{"rendered":"https:\/\/radiorevelacionfm.cl\/?p=12913"},"modified":"2022-01-19T10:14:47","modified_gmt":"2022-01-19T13:14:47","slug":"mas-de-7-mil-familias-seran-beneficiadas-en-ultimo-llamado-2021-del-subsidio-para-sectores-medios","status":"publish","type":"post","link":"https:\/\/radiorevelacionfm.cl\/?p=12913","title":{"rendered":"M\u00e1s de 7 mil familias ser\u00e1n beneficiadas en \u00faltimo llamado 2021 del Subsidio para Sectores Medios"},"content":{"rendered":"<div class=\"flex_column av_one_full  flex_column_div av-zero-column-padding first  avia-builder-el-0  el_before_av_one_full  avia-builder-el-first  \" style='border-radius:0px; '><div  class='avia-image-container  av-styling-    avia-builder-el-1  avia-builder-el-no-sibling  avia-align-center '  itemprop=\"image\" itemscope=\"itemscope\" itemtype=\"https:\/\/schema.org\/ImageObject\"  ><div class='avia-image-container-inner'><div class='avia-image-overlay-wrap'><img decoding=\"async\" class='wp-image-12914 avia-img-lazy-loading-not-12914 avia_image' src=\"https:\/\/radiorevelacionfm.cl\/wp-content\/uploads\/2022\/01\/Subsidio-Minvu-1-1.jpg\" alt='' title='Subsidio Minvu (1) (1)' height=\"600\" width=\"973\"  itemprop=\"thumbnailUrl\" srcset=\"https:\/\/radiorevelacionfm.cl\/wp-content\/uploads\/2022\/01\/Subsidio-Minvu-1-1.jpg 973w, https:\/\/radiorevelacionfm.cl\/wp-content\/uploads\/2022\/01\/Subsidio-Minvu-1-1-300x185.jpg 300w, https:\/\/radiorevelacionfm.cl\/wp-content\/uploads\/2022\/01\/Subsidio-Minvu-1-1-768x474.jpg 768w, https:\/\/radiorevelacionfm.cl\/wp-content\/uploads\/2022\/01\/Subsidio-Minvu-1-1-705x435.jpg 705w, https:\/\/radiorevelacionfm.cl\/wp-content\/uploads\/2022\/01\/Subsidio-Minvu-1-1-600x370.jpg 600w\" sizes=\"(max-width: 973px) 100vw, 973px\" \/><\/div><\/div><\/div><\/div><div class=\"flex_column av_one_full  flex_column_div av-zero-column-padding first  avia-builder-el-2  el_after_av_one_full  el_before_av_one_full  column-top-margin\" style='border-radius:0px; '><section class=\"av_textblock_section \"  itemscope=\"itemscope\" itemtype=\"https:\/\/schema.org\/BlogPosting\" itemprop=\"blogPost\" ><div class='avia_textblock  '   itemprop=\"text\" ><p style=\"text-align: center;\"><strong><span style=\"font-size: 18pt;\">M\u00e1s de 7 mil familias ser\u00e1n beneficiadas en \u00faltimo llamado 2021 del Subsidio para Sectores Medios<\/span><\/strong><\/p>\n<div id=\"gtx-trans\" style=\"position: absolute; left: -50px; top: 4.31534px;\">\n<div class=\"gtx-trans-icon\"><\/div>\n<\/div>\n<\/div><\/section><\/div><div class=\"flex_column av_one_full  flex_column_div av-zero-column-padding first  avia-builder-el-4  el_after_av_one_full  el_before_av_hr  column-top-margin\" style='border-radius:0px; '><section class=\"av_textblock_section \"  itemscope=\"itemscope\" itemtype=\"https:\/\/schema.org\/BlogPosting\" itemprop=\"blogPost\" ><div class='avia_textblock  '   itemprop=\"text\" ><p style=\"font-weight: 400; text-align: justify;\">El ministro de Vivienda y Urbanismo,\u00a0Felipe Ward, dio a conocer este lunes el listado de familias seleccionadas en la segunda postulaci\u00f3n del 2021 al Subsidio para Sectores Medios DS1, beneficio que permite construir o adquirir una vivienda nueva o usada de hasta 1.100, 1.600 o 2.200 UF dependiendo del tramo al que se postule. Est\u00e1 dirigido a familias que no son propietarias, que cuentan con capacidad de ahorro y\/o acceso a cr\u00e9dito hipotecario, pero que requieren de la ayuda del Estado para acceder a una soluci\u00f3n habitacional definitiva. En la zona norte y extremo sur del pa\u00eds, este valor aumenta hasta las 2.600 UF.<\/p>\n<p style=\"font-weight: 400; text-align: justify;\">En el segundo llamado del 2021, 7.110 personas fueron seleccionadas, lo que significa que durante el periodo 2018-2021 el Gobierno logr\u00f3 entregar 71.907 subsidios para Sectores Medios a familias de todo el pa\u00eds. Sobre esto, el ministro Felipe Ward asegur\u00f3 que \u201cEste lunes 17 de enero dimos a conocer los cerca de 8 mil nuevos beneficiarios del \u00faltimo llamado del 2021 al subsidio para Sectores Medios DS1, beneficio que permite el acceso a un hogar definitivo. Durante el gobierno del Presidente Sebasti\u00e1n Pi\u00f1era, hemos apoyado a m\u00e1s de 71 mil familias a trav\u00e9s de este programa dirigido especialmente a la Clase Media\u201d.<\/p>\n<p style=\"font-weight: 400; text-align: justify;\">De los 71.907 subsidios entregados durante este periodo,\u00a024.925 pertenecen al Tramo 1, mientras que 24.059 fueron del Tramo 2 y 22.923 del Tramo 3.<\/p>\n<p style=\"font-weight: 400; text-align: justify;\">Cabe recordar que durante los \u00faltimos a\u00f1os se realizaron cuatro modificaciones a este subsidio con el objetivo de ampliar las oportunidades de acceso a una vivienda definitiva a las familias: el aumento del monto del subsidio y nuevos tramos permitidos para el valor de la vivienda a adquirir; aumento en el puntaje por antig\u00fcedad de la postulaci\u00f3n para aquellas familias que han postulado anteriormente y no han resultado seleccionadas; un aumento en las postulaciones en l\u00ednea y autom\u00e1ticas, evitando as\u00ed que las personas asistan presencialmente a las oficinas de Serviu y por \u00faltimo, que podr\u00e1n postular al tramo 3 las familias que est\u00e9n por sobre el 90% m\u00e1s vulnerable de la poblaci\u00f3n nacional en el Registro Social de Hogares (RSH) y que no sobrepasen un tope de ingresos definido.<\/p>\n<p style=\"font-weight: 400; text-align: justify;\">El subsidio para Sectores Medios DS1 es un programa regular del Ministerio de Vivienda y Urbanismo, que por lo general abre dos llamados a postulaci\u00f3n en el a\u00f1o. Se espera que el primero del 2022 sea durante el primer semestre.<\/p>\n<p style=\"font-weight: 400; text-align: justify;\"><strong>Requisitos generales de postulaci\u00f3n<\/strong><\/p>\n<ul style=\"font-weight: 400; text-align: justify;\">\n<li>Tener m\u00ednimo 18 a\u00f1os de edad.<\/li>\n<li>Contar con C\u00e9dula Nacional de Identidad. Las personas extranjeras deben presentar C\u00e9dula de Identidad para Extranjeros con permanencia definitiva y Certificado de Permanencia Definitiva (emitido por el Departamento de Extranjer\u00eda del Ministerio del Interior o por Polic\u00eda de Investigaciones de Chile).<\/li>\n<li>Acreditar una cuenta de ahorro para la vivienda con una antig\u00fcedad m\u00ednima de 12 meses.<\/li>\n<li>Estar inscrito en el Registro Social de Hogares (RSH) y no superar el porcentaje de calificaci\u00f3n socioecon\u00f3mica que exige la alternativa de subsidio a la que desea postular.<\/li>\n<li>En caso de postular colectivamente el grupo debe:<br \/>\n&#8211; Tener un m\u00ednimo de 10 integrantes.<br \/>\n&#8211; Postular a trav\u00e9s de una Entidad Patrocinante.<br \/>\n&#8211; Contar con un proyecto habitacional aprobado por el Serviu.<\/li>\n<\/ul>\n<p style=\"font-weight: 400; text-align: justify;\"><strong>Modalidades de postulaci\u00f3n<\/strong><\/p>\n<ul style=\"font-weight: 400; text-align: justify;\">\n<li><strong>Adquisici\u00f3n de vivienda:<\/strong>\u00a0Permite comprar una vivienda nueva o usada en algunos de los siguientes tramos de precio de vivienda, para lo que se deben cumplir distintos requisitos de ahorro y calificaci\u00f3n socioecon\u00f3mica:<br \/>\n\u2022 Tramo 1: Viviendas hasta 1.100 UF \/ 1.200 UF*<br \/>\n\u2022 Tramo 2: Viviendas hasta 1.600 UF \/ 1.800 UF*<br \/>\n\u2022 Tramo 3: Viviendas hasta 2.200 UF \/ 2.600 UF*<br \/>\nRegiones de Coquimbo a Los Lagos \/ (*) Regiones norte y extremo sur<\/li>\n<\/ul>\n<ul style=\"font-weight: 400; text-align: justify;\">\n<li style=\"text-align: justify;\"><strong>Construcci\u00f3n en Sitio Propio:\u00a0<\/strong>Permite la construcci\u00f3n de una vivienda en sitio propio o en densificaci\u00f3n predial (construcci\u00f3n de una vivienda en un terreno donde ya existe otra). Considera los siguientes tramos:<br \/>\n\u2022 Tramo 2: Viviendas hasta 1.600 UF<br \/>\n\u2022 Tramo 3: Viviendas hasta 2.200 UF<\/li>\n<\/ul>\n<\/div><\/section><\/div><div  style='height:50px' class='hr hr-invisible   avia-builder-el-6  el_after_av_one_full  el_before_av_social_share '><span class='hr-inner ' ><span class='hr-inner-style'><\/span><\/span><\/div><\/p>\n<div  class='av-social-sharing-box  avia-builder-el-7  el_after_av_hr  el_before_av_hr  '><div class='av-share-box'><h5 class='av-share-link-description av-no-toc '>Compartir esta noticia<\/h5><ul class='av-share-box-list noLightbox'><li class='av-share-link av-social-link-facebook' ><a target=\"_blank\" aria-label=\"Compartir en Facebook\" href='https:\/\/www.facebook.com\/sharer.php?u=https:\/\/radiorevelacionfm.cl\/?p=12913&#038;t=M%C3%A1s%20de%207%20mil%20familias%20ser%C3%A1n%20beneficiadas%20en%20%C3%BAltimo%20llamado%202021%20del%20Subsidio%20para%20Sectores%20Medios' aria-hidden='false' data-av_icon='\ue8f3' data-av_iconfont='entypo-fontello' title='' data-avia-related-tooltip='Compartir en Facebook' rel=\"noopener\"><span class='avia_hidden_link_text'>Compartir en Facebook<\/span><\/a><\/li><li class='av-share-link av-social-link-twitter' ><a target=\"_blank\" aria-label=\"Compartir en Twitter\" href='https:\/\/twitter.com\/share?text=M%C3%A1s%20de%207%20mil%20familias%20ser%C3%A1n%20beneficiadas%20en%20%C3%BAltimo%20llamado%202021%20del%20Subsidio%20para%20Sectores%20Medios&#038;url=https:\/\/radiorevelacionfm.cl\/?p=12913' aria-hidden='false' data-av_icon='\ue8f1' data-av_iconfont='entypo-fontello' title='' data-avia-related-tooltip='Compartir en Twitter' rel=\"noopener\"><span class='avia_hidden_link_text'>Compartir en Twitter<\/span><\/a><\/li><li class='av-share-link av-social-link-whatsapp' ><a target=\"_blank\" aria-label=\"Compartir en Whatsapp\" href='https:\/\/api.whatsapp.com\/send?text=https:\/\/radiorevelacionfm.cl\/?p=12913' aria-hidden='false' data-av_icon='\uf232' data-av_iconfont='entypo-fontello' title='' data-avia-related-tooltip='Compartir en Whatsapp' rel=\"noopener\"><span class='avia_hidden_link_text'>Compartir en Whatsapp<\/span><\/a><\/li><li class='av-share-link av-social-link-linkedin' ><a target=\"_blank\" aria-label=\"Compartir en LinkedIn\" href='https:\/\/linkedin.com\/shareArticle?mini=true&#038;title=M%C3%A1s%20de%207%20mil%20familias%20ser%C3%A1n%20beneficiadas%20en%20%C3%BAltimo%20llamado%202021%20del%20Subsidio%20para%20Sectores%20Medios&#038;url=https:\/\/radiorevelacionfm.cl\/?p=12913' aria-hidden='false' data-av_icon='\ue8fc' data-av_iconfont='entypo-fontello' title='' data-avia-related-tooltip='Compartir en LinkedIn' rel=\"noopener\"><span class='avia_hidden_link_text'>Compartir en LinkedIn<\/span><\/a><\/li><li class='av-share-link av-social-link-mail' ><a  aria-label=\"Compartir por correo\" href='mailto:?subject=M%C3%A1s%20de%207%20mil%20familias%20ser%C3%A1n%20beneficiadas%20en%20%C3%BAltimo%20llamado%202021%20del%20Subsidio%20para%20Sectores%20Medios&#038;body=https:\/\/radiorevelacionfm.cl\/?p=12913' aria-hidden='false' data-av_icon='\ue805' data-av_iconfont='entypo-fontello' title='' data-avia-related-tooltip='Compartir por correo'><span class='avia_hidden_link_text'>Compartir por correo<\/span><\/a><\/li><\/ul><\/div><\/div>\n<div  style='height:50px' class='hr hr-invisible   avia-builder-el-8  el_after_av_social_share  el_before_av_comments_list '><span class='hr-inner ' ><span class='hr-inner-style'><\/span><\/span><\/div>\n<div  class='av-buildercomment  av-blog-meta-html-info-disabled av-blog-meta-tag-disabled  '><\/div>\n","protected":false},"excerpt":{"rendered":"","protected":false},"author":1,"featured_media":12914,"comment_status":"open","ping_status":"open","sticky":false,"template":"","format":"standard","meta":{"footnotes":""},"categories":[57],"tags":[],"class_list":["post-12913","post","type-post","status-publish","format-standard","has-post-thumbnail","hentry","category-vivienda"],"jetpack_featured_media_url":"https:\/\/radiorevelacionfm.cl\/wp-content\/uploads\/2022\/01\/Subsidio-Minvu-1-1.jpg","_links":{"self":[{"href":"https:\/\/radiorevelacionfm.cl\/index.php?rest_route=\/wp\/v2\/posts\/12913","targetHints":{"allow":["GET"]}}],"collection":[{"href":"https:\/\/radiorevelacionfm.cl\/index.php?rest_route=\/wp\/v2\/posts"}],"about":[{"href":"https:\/\/radiorevelacionfm.cl\/index.php?rest_route=\/wp\/v2\/types\/post"}],"author":[{"embeddable":true,"href":"https:\/\/radiorevelacionfm.cl\/index.php?rest_route=\/wp\/v2\/users\/1"}],"replies":[{"embeddable":true,"href":"https:\/\/radiorevelacionfm.cl\/index.php?rest_route=%2Fwp%2Fv2%2Fcomments&post=12913"}],"version-history":[{"count":2,"href":"https:\/\/radiorevelacionfm.cl\/index.php?rest_route=\/wp\/v2\/posts\/12913\/revisions"}],"predecessor-version":[{"id":13001,"href":"https:\/\/radiorevelacionfm.cl\/index.php?rest_route=\/wp\/v2\/posts\/12913\/revisions\/13001"}],"wp:featuredmedia":[{"embeddable":true,"href":"https:\/\/radiorevelacionfm.cl\/index.php?rest_route=\/wp\/v2\/media\/12914"}],"wp:attachment":[{"href":"https:\/\/radiorevelacionfm.cl\/index.php?rest_route=%2Fwp%2Fv2%2Fmedia&parent=12913"}],"wp:term":[{"taxonomy":"category","embeddable":true,"href":"https:\/\/radiorevelacionfm.cl\/index.php?rest_route=%2Fwp%2Fv2%2Fcategories&post=12913"},{"taxonomy":"post_tag","embeddable":true,"href":"https:\/\/radiorevelacionfm.cl\/index.php?rest_route=%2Fwp%2Fv2%2Ftags&post=12913"}],"curies":[{"name":"wp","href":"https:\/\/api.w.org\/{rel}","templated":true}]}}