{"id":12909,"date":"2022-01-17T13:53:27","date_gmt":"2022-01-17T16:53:27","guid":{"rendered":"https:\/\/radiorevelacionfm.cl\/?p=12909"},"modified":"2022-01-17T13:53:27","modified_gmt":"2022-01-17T16:53:27","slug":"firman-convenio-para-dotar-de-conectividad-movil-a-ocho-localidades-aisladas-de-la-region","status":"publish","type":"post","link":"https:\/\/radiorevelacionfm.cl\/?p=12909","title":{"rendered":"Firman convenio para dotar de conectividad m\u00f3vil a ocho localidades aisladas de la regi\u00f3n"},"content":{"rendered":"<div class=\"flex_column av_one_full  flex_column_div av-zero-column-padding first  avia-builder-el-0  el_before_av_one_full  avia-builder-el-first  \" style='border-radius:0px; '><div  class='avia-image-container  av-styling-    avia-builder-el-1  avia-builder-el-no-sibling  avia-align-center '  itemprop=\"image\" itemscope=\"itemscope\" itemtype=\"https:\/\/schema.org\/ImageObject\"  ><div class='avia-image-container-inner'><div class='avia-image-overlay-wrap'><img decoding=\"async\" class='wp-image-12910 avia-img-lazy-loading-not-12910 avia_image' src=\"https:\/\/radiorevelacionfm.cl\/wp-content\/uploads\/2022\/01\/Firma-Convenio-4-1-1.jpeg\" alt='' title='Firma Convenio (4) (1) (1)' height=\"600\" width=\"800\"  itemprop=\"thumbnailUrl\" srcset=\"https:\/\/radiorevelacionfm.cl\/wp-content\/uploads\/2022\/01\/Firma-Convenio-4-1-1.jpeg 800w, https:\/\/radiorevelacionfm.cl\/wp-content\/uploads\/2022\/01\/Firma-Convenio-4-1-1-300x225.jpeg 300w, https:\/\/radiorevelacionfm.cl\/wp-content\/uploads\/2022\/01\/Firma-Convenio-4-1-1-768x576.jpeg 768w, https:\/\/radiorevelacionfm.cl\/wp-content\/uploads\/2022\/01\/Firma-Convenio-4-1-1-705x529.jpeg 705w, https:\/\/radiorevelacionfm.cl\/wp-content\/uploads\/2022\/01\/Firma-Convenio-4-1-1-600x450.jpeg 600w\" sizes=\"(max-width: 800px) 100vw, 800px\" \/><\/div><\/div><\/div><\/div><div class=\"flex_column av_one_full  flex_column_div av-zero-column-padding first  avia-builder-el-2  el_after_av_one_full  el_before_av_one_full  column-top-margin\" style='border-radius:0px; '><section class=\"av_textblock_section \"  itemscope=\"itemscope\" itemtype=\"https:\/\/schema.org\/BlogPosting\" itemprop=\"blogPost\" ><div class='avia_textblock  '   itemprop=\"text\" ><p style=\"text-align: center;\"><strong><span style=\"font-size: 18pt;\">Firman convenio para dotar de conectividad m\u00f3vil a ocho localidades aisladas de la regi\u00f3n<\/span><\/strong><\/p>\n<div id=\"gtx-trans\" style=\"position: absolute; left: -50px; top: 4.31534px;\">\n<div class=\"gtx-trans-icon\"><\/div>\n<\/div>\n<\/div><\/section><\/div><div class=\"flex_column av_one_full  flex_column_div av-zero-column-padding first  avia-builder-el-4  el_after_av_one_full  el_before_av_hr  column-top-margin\" style='border-radius:0px; '><section class=\"av_textblock_section \"  itemscope=\"itemscope\" itemtype=\"https:\/\/schema.org\/BlogPosting\" itemprop=\"blogPost\" ><div class='avia_textblock  '   itemprop=\"text\" ><p style=\"font-weight: 400; text-align: justify;\">El viernes 14 de enero de 2022, la Ministra de Transportes y Telecomunicaciones, Gloria Hutt, y la Gobernadora Regional de Ays\u00e9n, Andrea Mac\u00edas, sellaron la realizaci\u00f3n del proyecto regional \u201c\u00daltima Milla\u201d, iniciativa que dar\u00e1 conectividad de telefon\u00eda m\u00f3vil de alta velocidad a ocho localidades aisladas de la Regi\u00f3n de Ays\u00e9n.<\/p>\n<p style=\"font-weight: 400; text-align: justify;\">A trav\u00e9s de la firma del convenio de transferencia, ambas autoridades, a quienes se sum\u00f3 de forma telem\u00e1tica el Subsecretario de Telecomunicaciones, Francisco Moreno, ratificaron el traspaso de $7.638.505.550 desde el Gobierno Regional hacia la Subtel, entidad encargada de realizar la respectiva licitaci\u00f3n p\u00fablica de esta importante obra de infraestructura digital.<\/p>\n<p style=\"font-weight: 400; text-align: justify;\">El Proyecto de \u201c\u00daltima Milla\u201d surge como una soluci\u00f3n a la ausencia de conectividad que existe en zonas que se encuentran alejadas de la infraestructura troncal de telecomunicaciones. De esta forma, a partir de esta iniciativa, se entregar\u00e1 conectividad m\u00f3vil de voz y datos a las localidades de El Turbio, en la comuna Ays\u00e9n, Los C\u00e9sares y Las Nalcas, en la comuna de Cisnes, Alto Ma\u00f1ihuales, El Richard, Emperador Guillermo y R\u00edo Norte, en la comuna de Coyhaique, y en el sector del Lago O\u2019Higgins, en la comuna de O\u2019Higgins.<\/p>\n<p style=\"font-weight: 400; text-align: justify;\">\u201cA trav\u00e9s de la firma de este convenio hemos dado otro gran paso en nuestro compromiso por mejorar la conectividad digital de la Regi\u00f3n de Ays\u00e9n. Desde ya agradecer la disposici\u00f3n y colaboraci\u00f3n que ha tenido el Gobierno Regional. Sin duda, gracias al trabajo en conjunto de ambas instituciones lograremos mejorar dr\u00e1sticamente la vida de cientos de familias que hoy requieren acceder con urgencia a los beneficios de la conectividad digital\u201d, indic\u00f3 la ministra Gloria Hutt.<\/p>\n<p style=\"font-weight: 400; text-align: justify;\">Desde el Gobierno Regional, Andrea Mac\u00edas destac\u00f3 el trabajo territorial realizado para resolver la necesidad de los habitantes de sectores rurales por acceder a la tecnolog\u00eda: \u201cLa pol\u00edtica p\u00fablica centralizada no sirve en territorios como Ays\u00e9n, porque nunca calzamos, somos muy pocos habitantes. Entonces, nosotros como Gobierno Regional reafirmamos los compromisos con la comunidad. Esta tremenda inversi\u00f3n va a permitir mejorar la conectividad orientada a aumentar los niveles de productividad y va a impactar nuestro d\u00eda a d\u00eda. En contexto de pandemia hemos visto como se ha vuelto fundamental contar con estos servicios\u201d.<\/p>\n<p style=\"font-weight: 400; text-align: justify;\">\u201cEstamos enfrentando con decisi\u00f3n y sentido de urgencia las falencias de conectividad que hist\u00f3ricamente ha exhibido la regi\u00f3n de Ays\u00e9n. A trav\u00e9s del proyecto \u201c\u00daltima Milla\u201d, sumado a la reciente entrega del \u201cTroncal Terrestre Ays\u00e9n\u201d de la Fibra \u00d3ptica Austral que alcanza los 586 kil\u00f3metros, a los despliegues de 5G en toda la regi\u00f3n y a la actualizaci\u00f3n de tecnolog\u00eda para un internet de alta velocidad que beneficiar\u00e1 a 81 establecimientos educacionales, estamos provocando una verdadera explosi\u00f3n de conectividad que permitir\u00e1 la inclusi\u00f3n digital de miles de familias. Nuestro objetivo central es reducir las brechas digitales, y de este modo, generar que la distancia geogr\u00e1fica no sea m\u00e1s un impedimento para que los habitantes de la regi\u00f3n puedan acceder a todos los beneficios que entrega la conectividad digital\u201d, indic\u00f3 el subsecretario Moreno.<\/p>\n<p style=\"font-weight: 400; text-align: justify;\">Desde la SeremiTT, la autoridad sectorial Fabi\u00e1n Rojas manifest\u00f3 su satisfacci\u00f3n al ver que esta iniciativa levantada regionalmente este pr\u00f3xima a concretarse. \u201cNosotros presentamos este proyecto a aprobaci\u00f3n del Consejo Regional en enero del a\u00f1o 2021 y por algunas situaciones administrativas no se hab\u00eda podido celebrar este convenio entre Gobierno Regional y la Subtel. Con esta firma se va a poder licitar la ejecuci\u00f3n de estas 8 antenas de sectores que nunca han tenido conectividad. Muchos de estos vecinos ten\u00edan que trasladarse 15 o 20 km para tener un rebote de se\u00f1al, entonces estamos muy contentos con esta firma\u201d, expres\u00f3.<\/p>\n<p style=\"font-weight: 400; text-align: justify;\">Haydee Hern\u00e1ndez, dirigenta del sector El Richard, de la comuna de Coyhaique; se refiri\u00f3 con emoci\u00f3n a las expectativas del sector rural en torno a esta iniciativa. \u201cSi queremos tener una vida digna en los campos y seguir luchando, hay que empezar a ponernos en \u00f3rbita de lo que est\u00e1 ocurriendo. Nosotros no pod\u00edamos postular a proyectos ni hacer ning\u00fan tipo de documento. Esto es algo que viene para los j\u00f3venes para que sigan luchando por sus campos y de poder darnos a conocer, de lo que producimos. Muchas veces nuestros campos est\u00e1n como dormidos, entonces para nosotros es un alegr\u00eda y s\u00e9 que para el resto del campesinado igual\u201d.<\/p>\n<p style=\"font-weight: 400; text-align: justify;\">El proyecto de \u00daltima Milla se suma a la reci\u00e9n estrenada Fibra \u00d3ptica Austral, infraestructura de alta velocidad que a trav\u00e9s de sus 586 kil\u00f3metros entregar\u00e1 conectividad de banda ancha a Caleta Tortel, Los \u00d1adis, Cochrane, Puerto Bertrand, Puerto Guadal, Mall\u00edn Grande, Chile Chico, Puerto R\u00edo Tranquilo, Bah\u00eda Murta, Cerro Castillo, El Blanco y Coyhaique.<\/p>\n<\/div><\/section><\/div><div  style='height:50px' class='hr hr-invisible   avia-builder-el-6  el_after_av_one_full  el_before_av_social_share '><span class='hr-inner ' ><span class='hr-inner-style'><\/span><\/span><\/div><\/p>\n<div  class='av-social-sharing-box  avia-builder-el-7  el_after_av_hr  el_before_av_hr  '><div class='av-share-box'><h5 class='av-share-link-description av-no-toc '>Compartir esta noticia<\/h5><ul class='av-share-box-list noLightbox'><li class='av-share-link av-social-link-facebook' ><a target=\"_blank\" aria-label=\"Compartir en Facebook\" href='https:\/\/www.facebook.com\/sharer.php?u=https:\/\/radiorevelacionfm.cl\/?p=12909&#038;t=Firman%20convenio%20para%20dotar%20de%20conectividad%20m%C3%B3vil%20a%20ocho%20localidades%20aisladas%20de%20la%20regi%C3%B3n' aria-hidden='false' data-av_icon='\ue8f3' data-av_iconfont='entypo-fontello' title='' data-avia-related-tooltip='Compartir en Facebook' rel=\"noopener\"><span class='avia_hidden_link_text'>Compartir en Facebook<\/span><\/a><\/li><li class='av-share-link av-social-link-twitter' ><a target=\"_blank\" aria-label=\"Compartir en Twitter\" href='https:\/\/twitter.com\/share?text=Firman%20convenio%20para%20dotar%20de%20conectividad%20m%C3%B3vil%20a%20ocho%20localidades%20aisladas%20de%20la%20regi%C3%B3n&#038;url=https:\/\/radiorevelacionfm.cl\/?p=12909' aria-hidden='false' data-av_icon='\ue8f1' data-av_iconfont='entypo-fontello' title='' data-avia-related-tooltip='Compartir en Twitter' rel=\"noopener\"><span class='avia_hidden_link_text'>Compartir en Twitter<\/span><\/a><\/li><li class='av-share-link av-social-link-whatsapp' ><a target=\"_blank\" aria-label=\"Compartir en Whatsapp\" href='https:\/\/api.whatsapp.com\/send?text=https:\/\/radiorevelacionfm.cl\/?p=12909' aria-hidden='false' data-av_icon='\uf232' data-av_iconfont='entypo-fontello' title='' data-avia-related-tooltip='Compartir en Whatsapp' rel=\"noopener\"><span class='avia_hidden_link_text'>Compartir en Whatsapp<\/span><\/a><\/li><li class='av-share-link av-social-link-linkedin' ><a target=\"_blank\" aria-label=\"Compartir en LinkedIn\" href='https:\/\/linkedin.com\/shareArticle?mini=true&#038;title=Firman%20convenio%20para%20dotar%20de%20conectividad%20m%C3%B3vil%20a%20ocho%20localidades%20aisladas%20de%20la%20regi%C3%B3n&#038;url=https:\/\/radiorevelacionfm.cl\/?p=12909' aria-hidden='false' data-av_icon='\ue8fc' data-av_iconfont='entypo-fontello' title='' data-avia-related-tooltip='Compartir en LinkedIn' rel=\"noopener\"><span class='avia_hidden_link_text'>Compartir en LinkedIn<\/span><\/a><\/li><li class='av-share-link av-social-link-mail' ><a  aria-label=\"Compartir por correo\" href='mailto:?subject=Firman%20convenio%20para%20dotar%20de%20conectividad%20m%C3%B3vil%20a%20ocho%20localidades%20aisladas%20de%20la%20regi%C3%B3n&#038;body=https:\/\/radiorevelacionfm.cl\/?p=12909' aria-hidden='false' data-av_icon='\ue805' data-av_iconfont='entypo-fontello' title='' data-avia-related-tooltip='Compartir por correo'><span class='avia_hidden_link_text'>Compartir por correo<\/span><\/a><\/li><\/ul><\/div><\/div>\n<div  style='height:50px' class='hr hr-invisible   avia-builder-el-8  el_after_av_social_share  el_before_av_comments_list '><span class='hr-inner ' ><span class='hr-inner-style'><\/span><\/span><\/div>\n<div  class='av-buildercomment  av-blog-meta-html-info-disabled av-blog-meta-tag-disabled  '><\/div>\n","protected":false},"excerpt":{"rendered":"","protected":false},"author":1,"featured_media":12910,"comment_status":"open","ping_status":"open","sticky":false,"template":"","format":"standard","meta":{"footnotes":""},"categories":[59],"tags":[],"class_list":["post-12909","post","type-post","status-publish","format-standard","has-post-thumbnail","hentry","category-transporte"],"jetpack_featured_media_url":"https:\/\/radiorevelacionfm.cl\/wp-content\/uploads\/2022\/01\/Firma-Convenio-4-1-1.jpeg","_links":{"self":[{"href":"https:\/\/radiorevelacionfm.cl\/index.php?rest_route=\/wp\/v2\/posts\/12909","targetHints":{"allow":["GET"]}}],"collection":[{"href":"https:\/\/radiorevelacionfm.cl\/index.php?rest_route=\/wp\/v2\/posts"}],"about":[{"href":"https:\/\/radiorevelacionfm.cl\/index.php?rest_route=\/wp\/v2\/types\/post"}],"author":[{"embeddable":true,"href":"https:\/\/radiorevelacionfm.cl\/index.php?rest_route=\/wp\/v2\/users\/1"}],"replies":[{"embeddable":true,"href":"https:\/\/radiorevelacionfm.cl\/index.php?rest_route=%2Fwp%2Fv2%2Fcomments&post=12909"}],"version-history":[{"count":2,"href":"https:\/\/radiorevelacionfm.cl\/index.php?rest_route=\/wp\/v2\/posts\/12909\/revisions"}],"predecessor-version":[{"id":12912,"href":"https:\/\/radiorevelacionfm.cl\/index.php?rest_route=\/wp\/v2\/posts\/12909\/revisions\/12912"}],"wp:featuredmedia":[{"embeddable":true,"href":"https:\/\/radiorevelacionfm.cl\/index.php?rest_route=\/wp\/v2\/media\/12910"}],"wp:attachment":[{"href":"https:\/\/radiorevelacionfm.cl\/index.php?rest_route=%2Fwp%2Fv2%2Fmedia&parent=12909"}],"wp:term":[{"taxonomy":"category","embeddable":true,"href":"https:\/\/radiorevelacionfm.cl\/index.php?rest_route=%2Fwp%2Fv2%2Fcategories&post=12909"},{"taxonomy":"post_tag","embeddable":true,"href":"https:\/\/radiorevelacionfm.cl\/index.php?rest_route=%2Fwp%2Fv2%2Ftags&post=12909"}],"curies":[{"name":"wp","href":"https:\/\/api.w.org\/{rel}","templated":true}]}}