{"id":12906,"date":"2022-01-17T15:54:47","date_gmt":"2022-01-17T18:54:47","guid":{"rendered":"https:\/\/radiorevelacionfm.cl\/?p=12906"},"modified":"2022-01-17T15:54:47","modified_gmt":"2022-01-17T18:54:47","slug":"superintendente-de-educacion-visito-jardines-infantiles-de-integra-en-la-region-de-aysen","status":"publish","type":"post","link":"https:\/\/radiorevelacionfm.cl\/?p=12906","title":{"rendered":"Superintendente de Educaci\u00f3n visit\u00f3 Jardines Infantiles de Integra en la regi\u00f3n de Ays\u00e9n"},"content":{"rendered":"<div class=\"flex_column av_one_full  flex_column_div av-zero-column-padding first  avia-builder-el-0  el_before_av_one_full  avia-builder-el-first  \" style='border-radius:0px; '><div  class='avia-image-container  av-styling-    avia-builder-el-1  avia-builder-el-no-sibling  avia-align-center '  itemprop=\"image\" itemscope=\"itemscope\" itemtype=\"https:\/\/schema.org\/ImageObject\"  ><div class='avia-image-container-inner'><div class='avia-image-overlay-wrap'><img decoding=\"async\" class='wp-image-12907 avia-img-lazy-loading-not-12907 avia_image' src=\"https:\/\/radiorevelacionfm.cl\/wp-content\/uploads\/2022\/01\/5-32-1-1.jpg\" alt='' title='5 (32) (1) (1)' height=\"600\" width=\"900\"  itemprop=\"thumbnailUrl\" srcset=\"https:\/\/radiorevelacionfm.cl\/wp-content\/uploads\/2022\/01\/5-32-1-1.jpg 900w, https:\/\/radiorevelacionfm.cl\/wp-content\/uploads\/2022\/01\/5-32-1-1-300x200.jpg 300w, https:\/\/radiorevelacionfm.cl\/wp-content\/uploads\/2022\/01\/5-32-1-1-768x512.jpg 768w, https:\/\/radiorevelacionfm.cl\/wp-content\/uploads\/2022\/01\/5-32-1-1-705x470.jpg 705w, https:\/\/radiorevelacionfm.cl\/wp-content\/uploads\/2022\/01\/5-32-1-1-600x400.jpg 600w\" sizes=\"(max-width: 900px) 100vw, 900px\" \/><\/div><\/div><\/div><\/div><div class=\"flex_column av_one_full  flex_column_div av-zero-column-padding first  avia-builder-el-2  el_after_av_one_full  el_before_av_one_full  column-top-margin\" style='border-radius:0px; '><section class=\"av_textblock_section \"  itemscope=\"itemscope\" itemtype=\"https:\/\/schema.org\/BlogPosting\" itemprop=\"blogPost\" ><div class='avia_textblock  '   itemprop=\"text\" ><p style=\"text-align: center;\"><strong><span style=\"font-size: 18pt;\">Superintendente de Educaci\u00f3n visit\u00f3 Jardines Infantiles de Integra en la regi\u00f3n de Ays\u00e9n<\/span><\/strong><\/p>\n<div id=\"gtx-trans\" style=\"position: absolute; left: -50px; top: 4.31534px;\">\n<div class=\"gtx-trans-icon\"><\/div>\n<\/div>\n<\/div><\/section><\/div><div class=\"flex_column av_one_full  flex_column_div av-zero-column-padding first  avia-builder-el-4  el_after_av_one_full  el_before_av_hr  column-top-margin\" style='border-radius:0px; '><section class=\"av_textblock_section \"  itemscope=\"itemscope\" itemtype=\"https:\/\/schema.org\/BlogPosting\" itemprop=\"blogPost\" ><div class='avia_textblock  '   itemprop=\"text\" ><p style=\"font-weight: 400; text-align: justify;\">Hasta la regi\u00f3n de Ays\u00e9n lleg\u00f3 el superintendente de Educaci\u00f3n, Cristi\u00e1n O\u2019Ryan para conocer en terreno el balance de las actividades presenciales de los establecimientos de educaci\u00f3n parvularia, y la experiencia de las comunidades educativas situadas en localidades extremas de la regi\u00f3n de Ays\u00e9n. En su visita por la regi\u00f3n estuvo acompa\u00f1ado por la directora regional de Fundaci\u00f3n Integra, Isabel Roncallo Fandi\u00f1o y la directora regional de la superintendencia de Educaci\u00f3n, Pamela Adriazola.<\/p>\n<p style=\"font-weight: 400; text-align: justify;\">La visita contempl\u00f3 el recorrido por tres jardines infantiles de Fundaci\u00f3n Integra como lo son \u201cLas Murtitas\u201d de Bah\u00eda Murta; \u201cLos Pioneros\u201d de Cochrane y \u201cHielito Azul\u201d de Villa O\u2019Higgins, en un recorrido de una semana por la zona sur de la regi\u00f3n.<\/p>\n<p style=\"font-weight: 400; text-align: justify;\">Durante el recorrido, las autoridades compartieron con directoras de establecimientos, educadoras de p\u00e1rvulos y manipuladoras de alimentos, quienes comentaron c\u00f3mo se organizaron para cumplir con las medidas sanitarias y los protocolos de seguridad por COVID 19, con el objetivo de dar tranquilidad a los padres, madres, y apoderados.<\/p>\n<p style=\"font-weight: 400; text-align: justify;\">\u201cValoramos profundamente el esfuerzo y trabajo que realizaron durante este tiempo los equipos directivos y las familias. Vemos que los establecimientos que optaron por retomar la presencialidad tomaron la decisi\u00f3n correcta por el bienestar de los ni\u00f1os y ni\u00f1as, porque todo indicaba que el da\u00f1o que se estaba haciendo a los p\u00e1rvulos negando su regreso a clases era gigante y la \u00fanica manera de frenar esa brecha que se pod\u00eda generar, era con la vuelta a la presencialidad\u201d, se\u00f1al\u00f3 el superintendente de Educaci\u00f3n.<\/p>\n<p style=\"font-weight: 400; text-align: justify;\">Por su parte, Cecilia Alvarado, directora del jard\u00edn Los Pioneros de Cochrane, reconoce que la experiencia previa fue clave para iniciar con mayor confianza las actividades: \u201cNosotros retornamos en diciembre de 2020 con un grupo peque\u00f1o de funcionarios y de ni\u00f1os, y la verdad es que nos sirvi\u00f3 much\u00edsimo para el retorno a marzo de 2021, porque nos dio seguridad de que podemos cumplir con las medidas para protegernos de esta pandemia\u201d.<\/p>\n<p style=\"font-weight: 400; text-align: justify;\">Asimismo, desde el jard\u00edn infantil Las Murtitas, Yasna C\u00e1rcamo, directora subrogante, se\u00f1ala que \u201cfue muy beneficioso el retorno. Contamos con los protocolos sumamente instaurados, los ni\u00f1os ya sab\u00edan qu\u00e9 ten\u00edan que hacer y eso da cuenta de que se ha hecho un buen trabajo. La educaci\u00f3n inicial es importante y los ni\u00f1os vienen felices\u201d.<\/p>\n<p style=\"font-weight: 400; text-align: justify;\">En cada una de las visitas a los jardines infantiles recibieron un kit de afiches de la campa\u00f1a \u201cSi te cuido me cuido\u201d y entregaron orientaciones para el a\u00f1o escolar 2022.<\/p>\n<p style=\"font-weight: 400; text-align: justify;\">La directora regional de Fundaci\u00f3n Integra invit\u00f3 a las familias \u00aba llevar a sus hijas e hijos a los Jardines Infantiles porque est\u00e1n en una edad muy importante para su desarrollo. Nuestros equipos educativos est\u00e1n preparados y capacitados para atender a los ni\u00f1os y ni\u00f1as en espacios seguros y con las condiciones para funcionar con plena presencialidad\u201d.<\/p>\n<p style=\"font-weight: 400; text-align: justify;\">\u201cPara enfrentar los desaf\u00edos educacionales de este a\u00f1o, es fundamental seguir cumpliendo con los protocolos de seguridad para evitar posibles contagios, y continuar trabajando en los aprendizajes, la salud socioemocional y la buena, adem\u00e1s de\u00a0 una sana convivencia dentro de nuestras comunidades educativas\u201d, recalc\u00f3 la directora regional de Fundaci\u00f3n Integra.<\/p>\n<\/div><\/section><\/div><div  style='height:50px' class='hr hr-invisible   avia-builder-el-6  el_after_av_one_full  el_before_av_social_share '><span class='hr-inner ' ><span class='hr-inner-style'><\/span><\/span><\/div><\/p>\n<div  class='av-social-sharing-box  avia-builder-el-7  el_after_av_hr  el_before_av_hr  '><div class='av-share-box'><h5 class='av-share-link-description av-no-toc '>Compartir esta noticia<\/h5><ul class='av-share-box-list noLightbox'><li class='av-share-link av-social-link-facebook' ><a target=\"_blank\" aria-label=\"Compartir en Facebook\" href='https:\/\/www.facebook.com\/sharer.php?u=https:\/\/radiorevelacionfm.cl\/?p=12906&#038;t=Superintendente%20de%20Educaci%C3%B3n%20visit%C3%B3%20Jardines%20Infantiles%20de%20Integra%20en%20la%20regi%C3%B3n%20de%20Ays%C3%A9n' aria-hidden='false' data-av_icon='\ue8f3' data-av_iconfont='entypo-fontello' title='' data-avia-related-tooltip='Compartir en Facebook' rel=\"noopener\"><span class='avia_hidden_link_text'>Compartir en Facebook<\/span><\/a><\/li><li class='av-share-link av-social-link-twitter' ><a target=\"_blank\" aria-label=\"Compartir en Twitter\" href='https:\/\/twitter.com\/share?text=Superintendente%20de%20Educaci%C3%B3n%20visit%C3%B3%20Jardines%20Infantiles%20de%20Integra%20en%20la%20regi%C3%B3n%20de%20Ays%C3%A9n&#038;url=https:\/\/radiorevelacionfm.cl\/?p=12906' aria-hidden='false' data-av_icon='\ue8f1' data-av_iconfont='entypo-fontello' title='' data-avia-related-tooltip='Compartir en Twitter' rel=\"noopener\"><span class='avia_hidden_link_text'>Compartir en Twitter<\/span><\/a><\/li><li class='av-share-link av-social-link-whatsapp' ><a target=\"_blank\" aria-label=\"Compartir en Whatsapp\" href='https:\/\/api.whatsapp.com\/send?text=https:\/\/radiorevelacionfm.cl\/?p=12906' aria-hidden='false' data-av_icon='\uf232' data-av_iconfont='entypo-fontello' title='' data-avia-related-tooltip='Compartir en Whatsapp' rel=\"noopener\"><span class='avia_hidden_link_text'>Compartir en Whatsapp<\/span><\/a><\/li><li class='av-share-link av-social-link-linkedin' ><a target=\"_blank\" aria-label=\"Compartir en LinkedIn\" href='https:\/\/linkedin.com\/shareArticle?mini=true&#038;title=Superintendente%20de%20Educaci%C3%B3n%20visit%C3%B3%20Jardines%20Infantiles%20de%20Integra%20en%20la%20regi%C3%B3n%20de%20Ays%C3%A9n&#038;url=https:\/\/radiorevelacionfm.cl\/?p=12906' aria-hidden='false' data-av_icon='\ue8fc' data-av_iconfont='entypo-fontello' title='' data-avia-related-tooltip='Compartir en LinkedIn' rel=\"noopener\"><span class='avia_hidden_link_text'>Compartir en LinkedIn<\/span><\/a><\/li><li class='av-share-link av-social-link-mail' ><a  aria-label=\"Compartir por correo\" href='mailto:?subject=Superintendente%20de%20Educaci%C3%B3n%20visit%C3%B3%20Jardines%20Infantiles%20de%20Integra%20en%20la%20regi%C3%B3n%20de%20Ays%C3%A9n&#038;body=https:\/\/radiorevelacionfm.cl\/?p=12906' aria-hidden='false' data-av_icon='\ue805' data-av_iconfont='entypo-fontello' title='' data-avia-related-tooltip='Compartir por correo'><span class='avia_hidden_link_text'>Compartir por correo<\/span><\/a><\/li><\/ul><\/div><\/div>\n<div  style='height:50px' class='hr hr-invisible   avia-builder-el-8  el_after_av_social_share  el_before_av_comments_list '><span class='hr-inner ' ><span class='hr-inner-style'><\/span><\/span><\/div>\n<div  class='av-buildercomment  av-blog-meta-html-info-disabled av-blog-meta-tag-disabled  '><\/div>\n","protected":false},"excerpt":{"rendered":"","protected":false},"author":1,"featured_media":12907,"comment_status":"open","ping_status":"open","sticky":false,"template":"","format":"standard","meta":{"footnotes":""},"categories":[49],"tags":[],"class_list":["post-12906","post","type-post","status-publish","format-standard","has-post-thumbnail","hentry","category-educacion"],"jetpack_featured_media_url":"https:\/\/radiorevelacionfm.cl\/wp-content\/uploads\/2022\/01\/5-32-1-1.jpg","_links":{"self":[{"href":"https:\/\/radiorevelacionfm.cl\/index.php?rest_route=\/wp\/v2\/posts\/12906","targetHints":{"allow":["GET"]}}],"collection":[{"href":"https:\/\/radiorevelacionfm.cl\/index.php?rest_route=\/wp\/v2\/posts"}],"about":[{"href":"https:\/\/radiorevelacionfm.cl\/index.php?rest_route=\/wp\/v2\/types\/post"}],"author":[{"embeddable":true,"href":"https:\/\/radiorevelacionfm.cl\/index.php?rest_route=\/wp\/v2\/users\/1"}],"replies":[{"embeddable":true,"href":"https:\/\/radiorevelacionfm.cl\/index.php?rest_route=%2Fwp%2Fv2%2Fcomments&post=12906"}],"version-history":[{"count":2,"href":"https:\/\/radiorevelacionfm.cl\/index.php?rest_route=\/wp\/v2\/posts\/12906\/revisions"}],"predecessor-version":[{"id":12916,"href":"https:\/\/radiorevelacionfm.cl\/index.php?rest_route=\/wp\/v2\/posts\/12906\/revisions\/12916"}],"wp:featuredmedia":[{"embeddable":true,"href":"https:\/\/radiorevelacionfm.cl\/index.php?rest_route=\/wp\/v2\/media\/12907"}],"wp:attachment":[{"href":"https:\/\/radiorevelacionfm.cl\/index.php?rest_route=%2Fwp%2Fv2%2Fmedia&parent=12906"}],"wp:term":[{"taxonomy":"category","embeddable":true,"href":"https:\/\/radiorevelacionfm.cl\/index.php?rest_route=%2Fwp%2Fv2%2Fcategories&post=12906"},{"taxonomy":"post_tag","embeddable":true,"href":"https:\/\/radiorevelacionfm.cl\/index.php?rest_route=%2Fwp%2Fv2%2Ftags&post=12906"}],"curies":[{"name":"wp","href":"https:\/\/api.w.org\/{rel}","templated":true}]}}