{"id":12895,"date":"2022-01-17T09:20:46","date_gmt":"2022-01-17T12:20:46","guid":{"rendered":"https:\/\/radiorevelacionfm.cl\/?p=12895"},"modified":"2022-01-17T09:20:46","modified_gmt":"2022-01-17T12:20:46","slug":"realizan-entrega-de-terrenos-para-instalacion-de-luminaria-publica-en-valle-verde","status":"publish","type":"post","link":"https:\/\/radiorevelacionfm.cl\/?p=12895","title":{"rendered":"Realizan entrega de terrenos para instalaci\u00f3n de luminaria p\u00fablica en Valle Verde"},"content":{"rendered":"<div class=\"flex_column av_one_full  flex_column_div av-zero-column-padding first  avia-builder-el-0  el_before_av_one_full  avia-builder-el-first  \" style='border-radius:0px; '><div  class='avia-image-container  av-styling-    avia-builder-el-1  avia-builder-el-no-sibling  avia-align-center '  itemprop=\"image\" itemscope=\"itemscope\" itemtype=\"https:\/\/schema.org\/ImageObject\"  ><div class='avia-image-container-inner'><div class='avia-image-overlay-wrap'><img decoding=\"async\" class='wp-image-12896 avia-img-lazy-loading-not-12896 avia_image' src=\"https:\/\/radiorevelacionfm.cl\/wp-content\/uploads\/2022\/01\/km10-alumbrado0-1_optimized.jpeg\" alt='' title='km10-alumbrado0-(1)_optimized' height=\"600\" width=\"901\"  itemprop=\"thumbnailUrl\" srcset=\"https:\/\/radiorevelacionfm.cl\/wp-content\/uploads\/2022\/01\/km10-alumbrado0-1_optimized.jpeg 901w, https:\/\/radiorevelacionfm.cl\/wp-content\/uploads\/2022\/01\/km10-alumbrado0-1_optimized-300x200.jpeg 300w, https:\/\/radiorevelacionfm.cl\/wp-content\/uploads\/2022\/01\/km10-alumbrado0-1_optimized-768x511.jpeg 768w, https:\/\/radiorevelacionfm.cl\/wp-content\/uploads\/2022\/01\/km10-alumbrado0-1_optimized-705x469.jpeg 705w, https:\/\/radiorevelacionfm.cl\/wp-content\/uploads\/2022\/01\/km10-alumbrado0-1_optimized-600x400.jpeg 600w\" sizes=\"(max-width: 901px) 100vw, 901px\" \/><\/div><\/div><\/div><\/div><div class=\"flex_column av_one_full  flex_column_div av-zero-column-padding first  avia-builder-el-2  el_after_av_one_full  el_before_av_one_full  column-top-margin\" style='border-radius:0px; '><section class=\"av_textblock_section \"  itemscope=\"itemscope\" itemtype=\"https:\/\/schema.org\/BlogPosting\" itemprop=\"blogPost\" ><div class='avia_textblock  '   itemprop=\"text\" ><p style=\"text-align: center;\"><strong><span style=\"font-size: 18pt;\">Realizan entrega de terrenos para instalaci\u00f3n de luminaria p\u00fablica en Valle Verde <\/span><\/strong><\/p>\n<div id=\"gtx-trans\" style=\"position: absolute; left: -50px; top: 4.31534px;\">\n<div class=\"gtx-trans-icon\"><\/div>\n<\/div>\n<\/div><\/section><\/div><div class=\"flex_column av_one_full  flex_column_div av-zero-column-padding first  avia-builder-el-4  el_after_av_one_full  el_before_av_hr  column-top-margin\" style='border-radius:0px; '><section class=\"av_textblock_section \"  itemscope=\"itemscope\" itemtype=\"https:\/\/schema.org\/BlogPosting\" itemprop=\"blogPost\" ><div class='avia_textblock  '   itemprop=\"text\" ><p style=\"text-align: justify;\">Con la presencia de los concejales de la comuna de Ays\u00e9n, dirigentes del sector y el equipo de la Direcci\u00f3n de Obras Municipales, el alcalde Julio Uribe Alvarado, encabez\u00f3 la entrega de terrenos correspondiente al proyecto \u201cAlumbrado P\u00fablico Ruta X-574 Km 10\u201d. El cual sumar\u00e1 50 postaciones nuevas en la zona de intervenci\u00f3n con un financiamiento superior a los 81 millones de pesos provenientes desde la Subsecretar\u00eda de Desarrollo Regional y Administrativo (Subdere). El plazo de t\u00e9rmino se encuentra estimado para mayo del presente a\u00f1o, resolviendo de esta manera una demanda hist\u00f3rica del lugar.<\/p>\n<p style=\"text-align: justify;\">Al respecto, la primera autoridad de la comuna porte\u00f1a, Julio Uribe Alvarado, destac\u00f3 la felicidad que esto trae para la gesti\u00f3n que encabeza dar una respuesta concreta a un largo camino de gestiones. \u201choy tenemos una empresa que tiene bastante experiencia y queremos tener la confianza de que este proyecto se ejecutar\u00e1 de la mejor forma y en los tiempos que se requieren\u201d, a\u00f1adiendo que esto contribuye con la seguridad de Valle Verde.<\/p>\n<p style=\"text-align: justify;\">Por su parte, el concejal Jorge Figueroa Jara, relat\u00f3 los hechos ocurridos enfatizando la revisi\u00f3n de la iniciativa efectuada en las sesiones del Concejo Municipal para\u00a0 beneficiar a las familias del sector de Valle Verde. \u201cTiene aproximadamente 1,3 kil\u00f3metros de iluminaci\u00f3n lo cual busca entregar una seguridad a los vecinos y que hoy subsana una deuda del Estado m\u00e1s que del municipio, con esto se da el vamos a la seguridad y queremos que est\u00e9 iluminado el sector\u201d.<\/p>\n<p style=\"text-align: justify;\">Finalmente, el presidente del Comit\u00e9 de Adelanto de Valle Verde, Iv\u00e1n Barrientos, manifest\u00f3 su alegr\u00eda porque, seg\u00fan los plazos establecidos, este invierno no ser\u00e1 oscuro en la zona. Adem\u00e1s, el dirigente coment\u00f3 que buscaran complementar el tramo de intervenci\u00f3n con nuevas iniciativas para llegar hasta la carretera con la luminaria p\u00fablica y agradeci\u00f3 las gestiones realizadas por el municipio y la labor efectuada por el alcalde Uribe ante la agilizaci\u00f3n esta soluci\u00f3n que resuelve una demanda hist\u00f3rica de 40 a\u00f1os.<\/p>\n<\/div><\/section><\/div><div  style='height:50px' class='hr hr-invisible   avia-builder-el-6  el_after_av_one_full  el_before_av_social_share '><span class='hr-inner ' ><span class='hr-inner-style'><\/span><\/span><\/div><\/p>\n<div  class='av-social-sharing-box  avia-builder-el-7  el_after_av_hr  el_before_av_hr  '><div class='av-share-box'><h5 class='av-share-link-description av-no-toc '>Compartir esta noticia<\/h5><ul class='av-share-box-list noLightbox'><li class='av-share-link av-social-link-facebook' ><a target=\"_blank\" aria-label=\"Compartir en Facebook\" href='https:\/\/www.facebook.com\/sharer.php?u=https:\/\/radiorevelacionfm.cl\/?p=12895&#038;t=Realizan%20entrega%20de%20terrenos%20para%20instalaci%C3%B3n%20de%20luminaria%20p%C3%BAblica%20en%20Valle%20Verde' aria-hidden='false' data-av_icon='\ue8f3' data-av_iconfont='entypo-fontello' title='' data-avia-related-tooltip='Compartir en Facebook' rel=\"noopener\"><span class='avia_hidden_link_text'>Compartir en Facebook<\/span><\/a><\/li><li class='av-share-link av-social-link-twitter' ><a target=\"_blank\" aria-label=\"Compartir en Twitter\" href='https:\/\/twitter.com\/share?text=Realizan%20entrega%20de%20terrenos%20para%20instalaci%C3%B3n%20de%20luminaria%20p%C3%BAblica%20en%20Valle%20Verde&#038;url=https:\/\/radiorevelacionfm.cl\/?p=12895' aria-hidden='false' data-av_icon='\ue8f1' data-av_iconfont='entypo-fontello' title='' data-avia-related-tooltip='Compartir en Twitter' rel=\"noopener\"><span class='avia_hidden_link_text'>Compartir en Twitter<\/span><\/a><\/li><li class='av-share-link av-social-link-whatsapp' ><a target=\"_blank\" aria-label=\"Compartir en Whatsapp\" href='https:\/\/api.whatsapp.com\/send?text=https:\/\/radiorevelacionfm.cl\/?p=12895' aria-hidden='false' data-av_icon='\uf232' data-av_iconfont='entypo-fontello' title='' data-avia-related-tooltip='Compartir en Whatsapp' rel=\"noopener\"><span class='avia_hidden_link_text'>Compartir en Whatsapp<\/span><\/a><\/li><li class='av-share-link av-social-link-linkedin' ><a target=\"_blank\" aria-label=\"Compartir en LinkedIn\" href='https:\/\/linkedin.com\/shareArticle?mini=true&#038;title=Realizan%20entrega%20de%20terrenos%20para%20instalaci%C3%B3n%20de%20luminaria%20p%C3%BAblica%20en%20Valle%20Verde&#038;url=https:\/\/radiorevelacionfm.cl\/?p=12895' aria-hidden='false' data-av_icon='\ue8fc' data-av_iconfont='entypo-fontello' title='' data-avia-related-tooltip='Compartir en LinkedIn' rel=\"noopener\"><span class='avia_hidden_link_text'>Compartir en LinkedIn<\/span><\/a><\/li><li class='av-share-link av-social-link-mail' ><a  aria-label=\"Compartir por correo\" href='mailto:?subject=Realizan%20entrega%20de%20terrenos%20para%20instalaci%C3%B3n%20de%20luminaria%20p%C3%BAblica%20en%20Valle%20Verde&#038;body=https:\/\/radiorevelacionfm.cl\/?p=12895' aria-hidden='false' data-av_icon='\ue805' data-av_iconfont='entypo-fontello' title='' data-avia-related-tooltip='Compartir por correo'><span class='avia_hidden_link_text'>Compartir por correo<\/span><\/a><\/li><\/ul><\/div><\/div>\n<div  style='height:50px' class='hr hr-invisible   avia-builder-el-8  el_after_av_social_share  el_before_av_comments_list '><span class='hr-inner ' ><span class='hr-inner-style'><\/span><\/span><\/div>\n<div  class='av-buildercomment  av-blog-meta-html-info-disabled av-blog-meta-tag-disabled  '><\/div>\n","protected":false},"excerpt":{"rendered":"","protected":false},"author":1,"featured_media":12896,"comment_status":"open","ping_status":"open","sticky":false,"template":"","format":"standard","meta":{"footnotes":""},"categories":[38],"tags":[],"class_list":["post-12895","post","type-post","status-publish","format-standard","has-post-thumbnail","hentry","category-regional"],"jetpack_featured_media_url":"https:\/\/radiorevelacionfm.cl\/wp-content\/uploads\/2022\/01\/km10-alumbrado0-1_optimized.jpeg","_links":{"self":[{"href":"https:\/\/radiorevelacionfm.cl\/index.php?rest_route=\/wp\/v2\/posts\/12895","targetHints":{"allow":["GET"]}}],"collection":[{"href":"https:\/\/radiorevelacionfm.cl\/index.php?rest_route=\/wp\/v2\/posts"}],"about":[{"href":"https:\/\/radiorevelacionfm.cl\/index.php?rest_route=\/wp\/v2\/types\/post"}],"author":[{"embeddable":true,"href":"https:\/\/radiorevelacionfm.cl\/index.php?rest_route=\/wp\/v2\/users\/1"}],"replies":[{"embeddable":true,"href":"https:\/\/radiorevelacionfm.cl\/index.php?rest_route=%2Fwp%2Fv2%2Fcomments&post=12895"}],"version-history":[{"count":2,"href":"https:\/\/radiorevelacionfm.cl\/index.php?rest_route=\/wp\/v2\/posts\/12895\/revisions"}],"predecessor-version":[{"id":12900,"href":"https:\/\/radiorevelacionfm.cl\/index.php?rest_route=\/wp\/v2\/posts\/12895\/revisions\/12900"}],"wp:featuredmedia":[{"embeddable":true,"href":"https:\/\/radiorevelacionfm.cl\/index.php?rest_route=\/wp\/v2\/media\/12896"}],"wp:attachment":[{"href":"https:\/\/radiorevelacionfm.cl\/index.php?rest_route=%2Fwp%2Fv2%2Fmedia&parent=12895"}],"wp:term":[{"taxonomy":"category","embeddable":true,"href":"https:\/\/radiorevelacionfm.cl\/index.php?rest_route=%2Fwp%2Fv2%2Fcategories&post=12895"},{"taxonomy":"post_tag","embeddable":true,"href":"https:\/\/radiorevelacionfm.cl\/index.php?rest_route=%2Fwp%2Fv2%2Ftags&post=12895"}],"curies":[{"name":"wp","href":"https:\/\/api.w.org\/{rel}","templated":true}]}}