{"id":12892,"date":"2022-01-17T09:36:39","date_gmt":"2022-01-17T12:36:39","guid":{"rendered":"https:\/\/radiorevelacionfm.cl\/?p=12892"},"modified":"2022-01-17T12:12:10","modified_gmt":"2022-01-17T15:12:10","slug":"el-inminente-choque-entre-expertos-ambientales-por-el-plazo-maximo-para-que-chile-alcance-la-carbono-neutralidad","status":"publish","type":"post","link":"https:\/\/radiorevelacionfm.cl\/?p=12892","title":{"rendered":"El inminente \u00abchoque\u00bb entre expertos ambientales por el plazo m\u00e1ximo para que Chile alcance la carbono neutralidad"},"content":{"rendered":"<div class=\"flex_column av_one_full  flex_column_div av-zero-column-padding first  avia-builder-el-0  el_before_av_one_full  avia-builder-el-first  \" style='border-radius:0px; '><div  class='avia-image-container  av-styling-    avia-builder-el-1  avia-builder-el-no-sibling  avia-align-center '  itemprop=\"image\" itemscope=\"itemscope\" itemtype=\"https:\/\/schema.org\/ImageObject\"  ><div class='avia-image-container-inner'><div class='avia-image-overlay-wrap'><img decoding=\"async\" class='wp-image-12893 avia-img-lazy-loading-not-12893 avia_image' src=\"https:\/\/radiorevelacionfm.cl\/wp-content\/uploads\/2022\/01\/Maisa-Rojas-_-Marcelo-Mena-1-1.jpg\" alt='' title='Maisa Rojas _ Marcelo Mena (1) (1)' height=\"600\" width=\"900\"  itemprop=\"thumbnailUrl\" srcset=\"https:\/\/radiorevelacionfm.cl\/wp-content\/uploads\/2022\/01\/Maisa-Rojas-_-Marcelo-Mena-1-1.jpg 900w, https:\/\/radiorevelacionfm.cl\/wp-content\/uploads\/2022\/01\/Maisa-Rojas-_-Marcelo-Mena-1-1-300x200.jpg 300w, https:\/\/radiorevelacionfm.cl\/wp-content\/uploads\/2022\/01\/Maisa-Rojas-_-Marcelo-Mena-1-1-768x512.jpg 768w, https:\/\/radiorevelacionfm.cl\/wp-content\/uploads\/2022\/01\/Maisa-Rojas-_-Marcelo-Mena-1-1-705x470.jpg 705w, https:\/\/radiorevelacionfm.cl\/wp-content\/uploads\/2022\/01\/Maisa-Rojas-_-Marcelo-Mena-1-1-600x400.jpg 600w\" sizes=\"(max-width: 900px) 100vw, 900px\" \/><\/div><\/div><\/div><\/div><div class=\"flex_column av_one_full  flex_column_div av-zero-column-padding first  avia-builder-el-2  el_after_av_one_full  el_before_av_one_full  column-top-margin\" style='border-radius:0px; '><section class=\"av_textblock_section \"  itemscope=\"itemscope\" itemtype=\"https:\/\/schema.org\/BlogPosting\" itemprop=\"blogPost\" ><div class='avia_textblock  '   itemprop=\"text\" ><p style=\"text-align: center;\"><span style=\"font-size: 18pt;\"><b><span lang=\"ES\">El inminente \u00ab<i>choque\u00bb<span class=\"v1gmail-Apple-converted-space\">\u00a0<\/span><\/i>entre<span class=\"v1gmail-Apple-converted-space\">\u00a0<\/span><\/span><\/b><b><span lang=\"X-NONE\">expertos ambientales por el plazo m\u00e1ximo para que Chile alcance la carbono neutralidad<\/span><\/b><\/span><\/p>\n<div id=\"gtx-trans\" style=\"position: absolute; left: -50px; top: 4.31534px;\">\n<div class=\"gtx-trans-icon\"><\/div>\n<\/div>\n<\/div><\/section><\/div><div class=\"flex_column av_one_full  flex_column_div av-zero-column-padding first  avia-builder-el-4  el_after_av_one_full  el_before_av_hr  column-top-margin\" style='border-radius:0px; '><section class=\"av_textblock_section \"  itemscope=\"itemscope\" itemtype=\"https:\/\/schema.org\/BlogPosting\" itemprop=\"blogPost\" ><div class='avia_textblock  '   itemprop=\"text\" ><p class=\"v1MsoNormal\" style=\"text-align: justify;\"><span lang=\"ES\">Una controversia por twitter fue el motor principal de la confrontaci<\/span><span lang=\"X-NONE\">\u00f3n de visiones sobre el plazo definitivo para que Chile alcance la carbono neutralidad, cita que se materializar\u00e1 el pr\u00f3ximo martes durante la sesi\u00f3n la Comisi\u00f3n de Medio Ambiente de la C\u00e1mara de Diputados.\u00a0<span class=\"v1gmail-Apple-converted-space\">\u00a0<\/span><a href=\"https:\/\/www.camara.cl\/legislacion\/comisiones\/citaciones_semana.aspx?prmSemana=2022-03\" target=\"_blank\" rel=\"noopener noreferrer\">Ese d\u00eda<\/a><span class=\"v1gmail-Apple-converted-space\">\u00a0<\/span>expondr\u00e1n la directora del<span class=\"v1gmail-Apple-converted-space\">\u00a0<\/span><\/span><span lang=\"ES\">Centro de Ciencia del Clima y la Resiliencia (CR2), Maisa Rojas Corradi, y Marcelo Mena Carrasco, ex Ministro del Medio Ambiente del segundo gobierno de Michelle Bachelet.<\/span><\/p>\n<p class=\"v1MsoNormal\" style=\"text-align: justify;\"><span lang=\"ES\">Los diputados decidieron convocar a ambos expertos a ra<\/span><span lang=\"X-NONE\">\u00edz de un twitter de la polit\u00f3loga Pamela Poo Cisternas, quien dando cuenta de la discusi\u00f3n de la Ley Marco de Cambio Clim\u00e1tico,<span class=\"v1gmail-Apple-converted-space\">\u00a0<\/span><a href=\"https:\/\/twitter.com\/pamela_poo\/status\/1481081139616002048\" target=\"_blank\" rel=\"noopener noreferrer\">adelant\u00f3<\/a><span class=\"v1gmail-Apple-converted-space\">\u00a0<\/span>en tono cr\u00edtico que para la sesi\u00f3n del 12 de enero pasado \u00abla Comisi\u00f3n de Medio Ambiente debiera discutir la fecha de la carbono neutralidad para Chile. El Senado aprob\u00f3 al a\u00f1o 2050, hab\u00eda senadoras que incluso estimaban que era tarde, pero el MMA presion\u00f3 y sali\u00f3 al 2050\u00bb.\u00a0<span class=\"v1gmail-Apple-converted-space\">\u00a0<\/span>Luego agreg\u00f3 que<span class=\"v1gmail-Apple-converted-space\">\u00a0<\/span>\u00ablos diputad@s @gastonsaavedra, @amarolabra @ricardocelis<span class=\"v1gmail-Apple-converted-space\">\u00a0<\/span>\u00a0Sandoval entre otres, plantean que esta debiera ser al 2040. Lo anterior, porque creen en que se necesita m\u00e1s ambici\u00f3n ante la Crisis Clim\u00e1tica y Ecol\u00f3gica de la cual somos testigos\u00bb.<\/span><\/p>\n<p class=\"v1MsoNormal\" style=\"text-align: justify;\"><span lang=\"X-NONE\">Fue ante el primer tuit que Rojas le<span class=\"v1gmail-Apple-converted-space\">\u00a0<\/span><a href=\"https:\/\/twitter.com\/Maisa_Rojas\/with_replies\" target=\"_blank\" rel=\"noopener noreferrer\">replic\u00f3 que<\/a><span class=\"v1gmail-Apple-converted-space\">\u00a0<\/span>\u00abescenarios evaluados en el IPCC dicen 2050 para limitar calentamiento a1.5C. estudios para Chile muestran factibilidad(pero dif\u00edcil). En el senado se acord\u00f3 &#8216;a m\u00e1s tardar el 2050&#8217;&#8230;dando posibilidad de adelantar meta pq se revisa cada 5 a\u00f1os (loop de ambici\u00f3n de Acuerdo de Paris)\u00bb.<\/span><\/p>\n<p class=\"v1MsoNormal\" style=\"text-align: justify;\"><span lang=\"X-NONE\">Este intercambio fue mencionado durante la \u00faltima sesi\u00f3n, ante lo cual las y los diputados decidieron invitar a Rojas y Mena, ya que este \u00faltimo<span class=\"v1gmail-Apple-converted-space\">\u00a0<\/span><a href=\"https:\/\/twitter.com\/marcelomena\/status\/1372923316034502659\" target=\"_blank\" rel=\"noopener noreferrer\">ha apoyado<\/a><span class=\"v1gmail-Apple-converted-space\">\u00a0<\/span>la carbono neutralidad al 2040.\u00a0<span class=\"v1gmail-Apple-converted-space\">\u00a0<\/span>\u00ab<\/span><span lang=\"ES\">E<\/span><span lang=\"X-NONE\">stamos en una crisis clim\u00e1tica, econ\u00f3mica, y sanitaria. Podemos revertirla apostando por Chile y su futuro verde. Ac\u00e1 una serie de propuestas ambiciosas que escribimos junto al equipo de econom\u00eda del clima de @HeraldoMunoz. Medidas que aceleran la descarbonizaci\u00f3n y aire limpio<\/span><span lang=\"X-NONE\">\u00bb escribi\u00f3 en marzo de 2021, como encargado medioambiental del ex precandidato presidencial del PPD Heraldo Mu\u00f1oz.<\/span><\/p>\n<p class=\"v1MsoNormal\" style=\"text-align: justify;\"><b><span lang=\"X-NONE\">Tramitaci\u00f3n<\/span><\/b><\/p>\n<p class=\"v1MsoNormal\" style=\"text-align: justify;\"><span lang=\"X-NONE\">El proyecto de Ley Marco de Cambio Clim\u00e1tico fue ingresado por el Ejecutivo en enero de 2020, siendo aprobado por el Senado el 12 de octubre pasado luego de ser revisado por las comisiones de Hacienda, Medio Ambiente y Bienes Nacionales, y Especial sobre Recursos H\u00eddricos, Desertificaci\u00f3n y Sequ\u00eda,.<\/span><\/p>\n<p class=\"v1MsoNormal\" style=\"text-align: justify;\"><span lang=\"X-NONE\">Actualmente la propuesta est\u00e1 radicada en la Comisi\u00f3n de Medio Ambiente de la C\u00e1mara de Diputados, cuya pr\u00f3xima sesi\u00f3n ser\u00e1 transmitida por el portal<span class=\"v1gmail-Apple-converted-space\">\u00a0<\/span><a href=\"http:\/\/www.democraciaenvivo.cl\/\" target=\"_blank\" rel=\"noopener noreferrer\">www.democraciaenvivo.cl<\/a>, desde las 10:30 y hasta las 12:00 hras.<\/span><\/p>\n<p class=\"v1MsoNormal\" style=\"text-align: justify;\"><span lang=\"X-NONE\">\u00a0<\/span><\/p>\n<\/div><\/section><\/div><div  style='height:50px' class='hr hr-invisible   avia-builder-el-6  el_after_av_one_full  el_before_av_social_share '><span class='hr-inner ' ><span class='hr-inner-style'><\/span><\/span><\/div><\/p>\n<div  class='av-social-sharing-box  avia-builder-el-7  el_after_av_hr  el_before_av_hr  '><div class='av-share-box'><h5 class='av-share-link-description av-no-toc '>Compartir esta noticia<\/h5><ul class='av-share-box-list noLightbox'><li class='av-share-link av-social-link-facebook' ><a target=\"_blank\" aria-label=\"Compartir en Facebook\" href='https:\/\/www.facebook.com\/sharer.php?u=https:\/\/radiorevelacionfm.cl\/?p=12892&#038;t=El%20inminente%20%C2%ABchoque%C2%BB%20entre%20expertos%20ambientales%20por%20el%20plazo%20m%C3%A1ximo%20para%20que%20Chile%20alcance%20la%20carbono%20neutralidad' aria-hidden='false' data-av_icon='\ue8f3' data-av_iconfont='entypo-fontello' title='' data-avia-related-tooltip='Compartir en Facebook' rel=\"noopener\"><span class='avia_hidden_link_text'>Compartir en Facebook<\/span><\/a><\/li><li class='av-share-link av-social-link-twitter' ><a target=\"_blank\" aria-label=\"Compartir en Twitter\" href='https:\/\/twitter.com\/share?text=El%20inminente%20%C2%ABchoque%C2%BB%20entre%20expertos%20ambientales%20por%20el%20plazo%20m%C3%A1ximo%20para%20que%20Chile%20alcance%20la%20carbono%20neutralidad&#038;url=https:\/\/radiorevelacionfm.cl\/?p=12892' aria-hidden='false' data-av_icon='\ue8f1' data-av_iconfont='entypo-fontello' title='' data-avia-related-tooltip='Compartir en Twitter' rel=\"noopener\"><span class='avia_hidden_link_text'>Compartir en Twitter<\/span><\/a><\/li><li class='av-share-link av-social-link-whatsapp' ><a target=\"_blank\" aria-label=\"Compartir en Whatsapp\" href='https:\/\/api.whatsapp.com\/send?text=https:\/\/radiorevelacionfm.cl\/?p=12892' aria-hidden='false' data-av_icon='\uf232' data-av_iconfont='entypo-fontello' title='' data-avia-related-tooltip='Compartir en Whatsapp' rel=\"noopener\"><span class='avia_hidden_link_text'>Compartir en Whatsapp<\/span><\/a><\/li><li class='av-share-link av-social-link-linkedin' ><a target=\"_blank\" aria-label=\"Compartir en LinkedIn\" href='https:\/\/linkedin.com\/shareArticle?mini=true&#038;title=El%20inminente%20%C2%ABchoque%C2%BB%20entre%20expertos%20ambientales%20por%20el%20plazo%20m%C3%A1ximo%20para%20que%20Chile%20alcance%20la%20carbono%20neutralidad&#038;url=https:\/\/radiorevelacionfm.cl\/?p=12892' aria-hidden='false' data-av_icon='\ue8fc' data-av_iconfont='entypo-fontello' title='' data-avia-related-tooltip='Compartir en LinkedIn' rel=\"noopener\"><span class='avia_hidden_link_text'>Compartir en LinkedIn<\/span><\/a><\/li><li class='av-share-link av-social-link-mail' ><a  aria-label=\"Compartir por correo\" href='mailto:?subject=El%20inminente%20%C2%ABchoque%C2%BB%20entre%20expertos%20ambientales%20por%20el%20plazo%20m%C3%A1ximo%20para%20que%20Chile%20alcance%20la%20carbono%20neutralidad&#038;body=https:\/\/radiorevelacionfm.cl\/?p=12892' aria-hidden='false' data-av_icon='\ue805' data-av_iconfont='entypo-fontello' title='' data-avia-related-tooltip='Compartir por correo'><span class='avia_hidden_link_text'>Compartir por correo<\/span><\/a><\/li><\/ul><\/div><\/div>\n<div  style='height:50px' class='hr hr-invisible   avia-builder-el-8  el_after_av_social_share  el_before_av_comments_list '><span class='hr-inner ' ><span class='hr-inner-style'><\/span><\/span><\/div>\n<div  class='av-buildercomment  av-blog-meta-html-info-disabled av-blog-meta-tag-disabled  '><\/div>\n","protected":false},"excerpt":{"rendered":"","protected":false},"author":1,"featured_media":12893,"comment_status":"open","ping_status":"open","sticky":false,"template":"","format":"standard","meta":{"footnotes":""},"categories":[39],"tags":[],"class_list":["post-12892","post","type-post","status-publish","format-standard","has-post-thumbnail","hentry","category-medio-ambiente"],"jetpack_featured_media_url":"https:\/\/radiorevelacionfm.cl\/wp-content\/uploads\/2022\/01\/Maisa-Rojas-_-Marcelo-Mena-1-1.jpg","_links":{"self":[{"href":"https:\/\/radiorevelacionfm.cl\/index.php?rest_route=\/wp\/v2\/posts\/12892","targetHints":{"allow":["GET"]}}],"collection":[{"href":"https:\/\/radiorevelacionfm.cl\/index.php?rest_route=\/wp\/v2\/posts"}],"about":[{"href":"https:\/\/radiorevelacionfm.cl\/index.php?rest_route=\/wp\/v2\/types\/post"}],"author":[{"embeddable":true,"href":"https:\/\/radiorevelacionfm.cl\/index.php?rest_route=\/wp\/v2\/users\/1"}],"replies":[{"embeddable":true,"href":"https:\/\/radiorevelacionfm.cl\/index.php?rest_route=%2Fwp%2Fv2%2Fcomments&post=12892"}],"version-history":[{"count":2,"href":"https:\/\/radiorevelacionfm.cl\/index.php?rest_route=\/wp\/v2\/posts\/12892\/revisions"}],"predecessor-version":[{"id":12901,"href":"https:\/\/radiorevelacionfm.cl\/index.php?rest_route=\/wp\/v2\/posts\/12892\/revisions\/12901"}],"wp:featuredmedia":[{"embeddable":true,"href":"https:\/\/radiorevelacionfm.cl\/index.php?rest_route=\/wp\/v2\/media\/12893"}],"wp:attachment":[{"href":"https:\/\/radiorevelacionfm.cl\/index.php?rest_route=%2Fwp%2Fv2%2Fmedia&parent=12892"}],"wp:term":[{"taxonomy":"category","embeddable":true,"href":"https:\/\/radiorevelacionfm.cl\/index.php?rest_route=%2Fwp%2Fv2%2Fcategories&post=12892"},{"taxonomy":"post_tag","embeddable":true,"href":"https:\/\/radiorevelacionfm.cl\/index.php?rest_route=%2Fwp%2Fv2%2Ftags&post=12892"}],"curies":[{"name":"wp","href":"https:\/\/api.w.org\/{rel}","templated":true}]}}