{"id":12889,"date":"2022-01-17T09:09:01","date_gmt":"2022-01-17T12:09:01","guid":{"rendered":"https:\/\/radiorevelacionfm.cl\/?p=12889"},"modified":"2022-01-17T09:09:01","modified_gmt":"2022-01-17T12:09:01","slug":"convocan-en-guadal-a-segundo-taller-de-tenencia-responsable-enfocado-al-cuidado-de-las-mascotas","status":"publish","type":"post","link":"https:\/\/radiorevelacionfm.cl\/?p=12889","title":{"rendered":"Convocan en Guadal a segundo taller de tenencia responsable enfocado al cuidado de las mascotas"},"content":{"rendered":"<div class=\"flex_column av_one_full  flex_column_div av-zero-column-padding first  avia-builder-el-0  el_before_av_one_full  avia-builder-el-first  \" style='border-radius:0px; '><div  class='avia-image-container  av-styling-    avia-builder-el-1  avia-builder-el-no-sibling  avia-align-center '  itemprop=\"image\" itemscope=\"itemscope\" itemtype=\"https:\/\/schema.org\/ImageObject\"  ><div class='avia-image-container-inner'><div class='avia-image-overlay-wrap'><img decoding=\"async\" class='wp-image-12890 avia-img-lazy-loading-not-12890 avia_image' src=\"https:\/\/radiorevelacionfm.cl\/wp-content\/uploads\/2022\/01\/Mascotas4-1-1.jpg\" alt='' title='Mascotas4 (1) (1)' height=\"600\" width=\"1030\"  itemprop=\"thumbnailUrl\" srcset=\"https:\/\/radiorevelacionfm.cl\/wp-content\/uploads\/2022\/01\/Mascotas4-1-1.jpg 1030w, https:\/\/radiorevelacionfm.cl\/wp-content\/uploads\/2022\/01\/Mascotas4-1-1-300x175.jpg 300w, https:\/\/radiorevelacionfm.cl\/wp-content\/uploads\/2022\/01\/Mascotas4-1-1-768x447.jpg 768w, https:\/\/radiorevelacionfm.cl\/wp-content\/uploads\/2022\/01\/Mascotas4-1-1-705x411.jpg 705w, https:\/\/radiorevelacionfm.cl\/wp-content\/uploads\/2022\/01\/Mascotas4-1-1-600x350.jpg 600w\" sizes=\"(max-width: 1030px) 100vw, 1030px\" \/><\/div><\/div><\/div><\/div><div class=\"flex_column av_one_full  flex_column_div av-zero-column-padding first  avia-builder-el-2  el_after_av_one_full  el_before_av_one_full  column-top-margin\" style='border-radius:0px; '><section class=\"av_textblock_section \"  itemscope=\"itemscope\" itemtype=\"https:\/\/schema.org\/BlogPosting\" itemprop=\"blogPost\" ><div class='avia_textblock  '   itemprop=\"text\" ><p style=\"text-align: center;\"><span style=\"font-size: 18pt;\"><b><span lang=\"ES\">Convocan en Guadal a segundo taller de tenencia responsable enfocado al cuidado de las mascotas<\/span><\/b><\/span><\/p>\n<div id=\"gtx-trans\" style=\"position: absolute; left: -50px; top: 4.31534px;\">\n<div class=\"gtx-trans-icon\"><\/div>\n<\/div>\n<\/div><\/section><\/div><div class=\"flex_column av_one_full  flex_column_div av-zero-column-padding first  avia-builder-el-4  el_after_av_one_full  el_before_av_hr  column-top-margin\" style='border-radius:0px; '><section class=\"av_textblock_section \"  itemscope=\"itemscope\" itemtype=\"https:\/\/schema.org\/BlogPosting\" itemprop=\"blogPost\" ><div class='avia_textblock  '   itemprop=\"text\" ><p class=\"v1MsoNormal\" style=\"text-align: justify;\"><span lang=\"ES\">Para el s<\/span><span lang=\"X-NONE\">\u00e1bado 22 de enero a partir de las 15,30 hrs est\u00e1 convocado el segundo taller de tenencia responsable de mascotas que impulsa en Puerto Guadal la Agrupaci\u00f3n \u00ab<i>Brigada Lo \u00fanico que tengo<\/i>\u00bb de Chile Chico, con recursos de la Subsecretar\u00eda de Desarrollo Regional y Administrativo (Subdere) y la colaboraci\u00f3n de la Junta de Vecinos N8 de Puerto Guadal y la Municipalidad de Chile Chico. La actividad se enmarca en el proyecto \u00ab<\/span><span lang=\"ES\">Educar para Cuidar y Disfrutar con Nuestras Mascotas\u00bb, cuyo primer encuentro estuvo a cargo de la veterinaria Franc<\/span><span lang=\"X-NONE\">\u00edn Herrera Villegas.<\/span><\/p>\n<p class=\"v1MsoNormal\" style=\"text-align: justify;\"><span lang=\"X-NONE\">La primera jornada se realiz\u00f3 el s\u00e1bado 4 de diciembre, ocasi\u00f3n en que se abord\u00f3 todo lo relacionado con los cuidados de salud de perros y gatos, y las principales enfermedades que les afectan. Adem\u00e1s se entregaron implementos para el cuidado de las mascotas y ejemplares del libro \u00ab<i>Las aventuras de No\u00e9<\/i>\u00ab, editado por la Fundaci\u00f3n Arca, que est\u00e1 apoyando la iniciativa.<\/span><\/p>\n<p class=\"v1MsoNormal\" style=\"text-align: justify;\"><b><span lang=\"ES\">Segundo taller<\/span><\/b><\/p>\n<p class=\"v1MsoNormal\" style=\"text-align: justify;\"><span lang=\"ES\">El segundo taller, que se impartir<\/span><span lang=\"X-NONE\">\u00e1 desde las 15,30 hrs en la sede comunitaria (respetando aforos legales por la fase de la comuna de Chile Chico) y tambi\u00e9n en forma online,<\/span><span lang=\"ES\"><span class=\"v1gmail-Apple-converted-space\">\u00a0<\/span>se enfocar<\/span><span lang=\"X-NONE\">\u00e1 en los necesarios cuidados no m\u00e9dicos para las mascotas, como son el corte de pelo, ba\u00f1ado, corte de u\u00f1as, alimentaci\u00f3n, por ejemplo, para que los animales de casa puedan tener una buena calidad de vida. Como en el primer taller, se har\u00e1<span class=\"v1gmail-Apple-converted-space\">\u00a0<\/span><\/span><span lang=\"ES\">entrega del libro \u00abLas aventuras de No\u00e9\u00bb, peluches e implementos para las mascotas.<\/span><\/p>\n<p class=\"v1MsoNormal\" style=\"text-align: justify;\"><span lang=\"ES\">En paralelo, se contin<\/span><span lang=\"X-NONE\">\u00faa<span class=\"v1gmail-Apple-converted-space\">\u00a0<\/span><\/span><span lang=\"ES\">con el programa<span class=\"v1gmail-Apple-converted-space\">\u00a0<\/span><i>\u00abComo perros y gatos\u00bb<\/i><span class=\"v1gmail-Apple-converted-space\">\u00a0<\/span>que conduce la periodista Kay Mu\u00f1oz Lazo y que se emite todos los viernes a las 11 horas por Radio La Perla del Lago. El proyecto asimismo incluye la difusi\u00f3n de infograf\u00edas en redes sociales y c\u00e1psulas en la misma emisora.<\/span><\/p>\n<p class=\"v1MsoNormal\" style=\"text-align: justify;\"><span lang=\"ES\">Inscripciones se pueden realizar al correo<span class=\"v1gmail-Apple-converted-space\">\u00a0<\/span><a href=\"mailto:juntavecinosguadal@gmail.com\" rel=\"noreferrer\">juntavecinosguadal@gmail.com<\/a>, al whatsapp +56982487037 o en la p<\/span><span lang=\"X-NONE\">\u00e1gina de Facebook de la<span class=\"v1gmail-Apple-converted-space\">\u00a0<\/span><\/span><span lang=\"ES\"><a href=\"https:\/\/www.facebook.com\/Junta-de-vecinos-No-8-Puerto-Guadal-1088518024672626\" target=\"_blank\" rel=\"noopener noreferrer\"><span lang=\"X-NONE\">Junta de Vecinos N8 de Puerto Guadal<\/span><\/a><\/span><span lang=\"X-NONE\">.<\/span><\/p>\n<\/div><\/section><\/div><div  style='height:50px' class='hr hr-invisible   avia-builder-el-6  el_after_av_one_full  el_before_av_social_share '><span class='hr-inner ' ><span class='hr-inner-style'><\/span><\/span><\/div><\/p>\n<div  class='av-social-sharing-box  avia-builder-el-7  el_after_av_hr  el_before_av_hr  '><div class='av-share-box'><h5 class='av-share-link-description av-no-toc '>Compartir esta noticia<\/h5><ul class='av-share-box-list noLightbox'><li class='av-share-link av-social-link-facebook' ><a target=\"_blank\" aria-label=\"Compartir en Facebook\" href='https:\/\/www.facebook.com\/sharer.php?u=https:\/\/radiorevelacionfm.cl\/?p=12889&#038;t=Convocan%20en%20Guadal%20a%20segundo%20taller%20de%20tenencia%20responsable%20enfocado%20al%20cuidado%20de%20las%20mascotas' aria-hidden='false' data-av_icon='\ue8f3' data-av_iconfont='entypo-fontello' title='' data-avia-related-tooltip='Compartir en Facebook' rel=\"noopener\"><span class='avia_hidden_link_text'>Compartir en Facebook<\/span><\/a><\/li><li class='av-share-link av-social-link-twitter' ><a target=\"_blank\" aria-label=\"Compartir en Twitter\" href='https:\/\/twitter.com\/share?text=Convocan%20en%20Guadal%20a%20segundo%20taller%20de%20tenencia%20responsable%20enfocado%20al%20cuidado%20de%20las%20mascotas&#038;url=https:\/\/radiorevelacionfm.cl\/?p=12889' aria-hidden='false' data-av_icon='\ue8f1' data-av_iconfont='entypo-fontello' title='' data-avia-related-tooltip='Compartir en Twitter' rel=\"noopener\"><span class='avia_hidden_link_text'>Compartir en Twitter<\/span><\/a><\/li><li class='av-share-link av-social-link-whatsapp' ><a target=\"_blank\" aria-label=\"Compartir en Whatsapp\" href='https:\/\/api.whatsapp.com\/send?text=https:\/\/radiorevelacionfm.cl\/?p=12889' aria-hidden='false' data-av_icon='\uf232' data-av_iconfont='entypo-fontello' title='' data-avia-related-tooltip='Compartir en Whatsapp' rel=\"noopener\"><span class='avia_hidden_link_text'>Compartir en Whatsapp<\/span><\/a><\/li><li class='av-share-link av-social-link-linkedin' ><a target=\"_blank\" aria-label=\"Compartir en LinkedIn\" href='https:\/\/linkedin.com\/shareArticle?mini=true&#038;title=Convocan%20en%20Guadal%20a%20segundo%20taller%20de%20tenencia%20responsable%20enfocado%20al%20cuidado%20de%20las%20mascotas&#038;url=https:\/\/radiorevelacionfm.cl\/?p=12889' aria-hidden='false' data-av_icon='\ue8fc' data-av_iconfont='entypo-fontello' title='' data-avia-related-tooltip='Compartir en LinkedIn' rel=\"noopener\"><span class='avia_hidden_link_text'>Compartir en LinkedIn<\/span><\/a><\/li><li class='av-share-link av-social-link-mail' ><a  aria-label=\"Compartir por correo\" href='mailto:?subject=Convocan%20en%20Guadal%20a%20segundo%20taller%20de%20tenencia%20responsable%20enfocado%20al%20cuidado%20de%20las%20mascotas&#038;body=https:\/\/radiorevelacionfm.cl\/?p=12889' aria-hidden='false' data-av_icon='\ue805' data-av_iconfont='entypo-fontello' title='' data-avia-related-tooltip='Compartir por correo'><span class='avia_hidden_link_text'>Compartir por correo<\/span><\/a><\/li><\/ul><\/div><\/div>\n<div  style='height:50px' class='hr hr-invisible   avia-builder-el-8  el_after_av_social_share  el_before_av_comments_list '><span class='hr-inner ' ><span class='hr-inner-style'><\/span><\/span><\/div>\n<div  class='av-buildercomment  av-blog-meta-html-info-disabled av-blog-meta-tag-disabled  '><\/div>\n","protected":false},"excerpt":{"rendered":"","protected":false},"author":1,"featured_media":12890,"comment_status":"open","ping_status":"open","sticky":false,"template":"","format":"standard","meta":{"footnotes":""},"categories":[38],"tags":[],"class_list":["post-12889","post","type-post","status-publish","format-standard","has-post-thumbnail","hentry","category-regional"],"jetpack_featured_media_url":"https:\/\/radiorevelacionfm.cl\/wp-content\/uploads\/2022\/01\/Mascotas4-1-1.jpg","_links":{"self":[{"href":"https:\/\/radiorevelacionfm.cl\/index.php?rest_route=\/wp\/v2\/posts\/12889","targetHints":{"allow":["GET"]}}],"collection":[{"href":"https:\/\/radiorevelacionfm.cl\/index.php?rest_route=\/wp\/v2\/posts"}],"about":[{"href":"https:\/\/radiorevelacionfm.cl\/index.php?rest_route=\/wp\/v2\/types\/post"}],"author":[{"embeddable":true,"href":"https:\/\/radiorevelacionfm.cl\/index.php?rest_route=\/wp\/v2\/users\/1"}],"replies":[{"embeddable":true,"href":"https:\/\/radiorevelacionfm.cl\/index.php?rest_route=%2Fwp%2Fv2%2Fcomments&post=12889"}],"version-history":[{"count":2,"href":"https:\/\/radiorevelacionfm.cl\/index.php?rest_route=\/wp\/v2\/posts\/12889\/revisions"}],"predecessor-version":[{"id":12899,"href":"https:\/\/radiorevelacionfm.cl\/index.php?rest_route=\/wp\/v2\/posts\/12889\/revisions\/12899"}],"wp:featuredmedia":[{"embeddable":true,"href":"https:\/\/radiorevelacionfm.cl\/index.php?rest_route=\/wp\/v2\/media\/12890"}],"wp:attachment":[{"href":"https:\/\/radiorevelacionfm.cl\/index.php?rest_route=%2Fwp%2Fv2%2Fmedia&parent=12889"}],"wp:term":[{"taxonomy":"category","embeddable":true,"href":"https:\/\/radiorevelacionfm.cl\/index.php?rest_route=%2Fwp%2Fv2%2Fcategories&post=12889"},{"taxonomy":"post_tag","embeddable":true,"href":"https:\/\/radiorevelacionfm.cl\/index.php?rest_route=%2Fwp%2Fv2%2Ftags&post=12889"}],"curies":[{"name":"wp","href":"https:\/\/api.w.org\/{rel}","templated":true}]}}