{"id":12886,"date":"2022-01-17T09:01:46","date_gmt":"2022-01-17T12:01:46","guid":{"rendered":"https:\/\/radiorevelacionfm.cl\/?p=12886"},"modified":"2022-01-17T09:01:46","modified_gmt":"2022-01-17T12:01:46","slug":"reconocen-esfuerzo-y-compromiso-de-jovenes-ayseninos-tras-resultados-en-ptu-2021","status":"publish","type":"post","link":"https:\/\/radiorevelacionfm.cl\/?p=12886","title":{"rendered":"Reconocen esfuerzo y compromiso de j\u00f3venes ayseninos tras resultados en PTU 2021"},"content":{"rendered":"<div class=\"flex_column av_one_full  flex_column_div av-zero-column-padding first  avia-builder-el-0  el_before_av_one_full  avia-builder-el-first  \" style='border-radius:0px; '><div  class='avia-image-container  av-styling-    avia-builder-el-1  avia-builder-el-no-sibling  avia-align-center '  itemprop=\"image\" itemscope=\"itemscope\" itemtype=\"https:\/\/schema.org\/ImageObject\"  ><div class='avia-image-container-inner'><div class='avia-image-overlay-wrap'><img decoding=\"async\" class='wp-image-12887 avia-img-lazy-loading-not-12887 avia_image' src=\"https:\/\/radiorevelacionfm.cl\/wp-content\/uploads\/2022\/01\/Reconocimiento-Alumnos1-1-1.jpg\" alt='' title='Reconocimiento Alumnos1 (1) (1)' height=\"600\" width=\"800\"  itemprop=\"thumbnailUrl\" srcset=\"https:\/\/radiorevelacionfm.cl\/wp-content\/uploads\/2022\/01\/Reconocimiento-Alumnos1-1-1.jpg 800w, https:\/\/radiorevelacionfm.cl\/wp-content\/uploads\/2022\/01\/Reconocimiento-Alumnos1-1-1-300x225.jpg 300w, https:\/\/radiorevelacionfm.cl\/wp-content\/uploads\/2022\/01\/Reconocimiento-Alumnos1-1-1-768x576.jpg 768w, https:\/\/radiorevelacionfm.cl\/wp-content\/uploads\/2022\/01\/Reconocimiento-Alumnos1-1-1-705x529.jpg 705w, https:\/\/radiorevelacionfm.cl\/wp-content\/uploads\/2022\/01\/Reconocimiento-Alumnos1-1-1-600x450.jpg 600w\" sizes=\"(max-width: 800px) 100vw, 800px\" \/><\/div><\/div><\/div><\/div><div class=\"flex_column av_one_full  flex_column_div av-zero-column-padding first  avia-builder-el-2  el_after_av_one_full  el_before_av_one_full  column-top-margin\" style='border-radius:0px; '><section class=\"av_textblock_section \"  itemscope=\"itemscope\" itemtype=\"https:\/\/schema.org\/BlogPosting\" itemprop=\"blogPost\" ><div class='avia_textblock  '   itemprop=\"text\" ><p style=\"text-align: center;\"><strong><span style=\"font-size: 18pt;\">Reconocen esfuerzo y compromiso de j\u00f3venes ayseninos tras resultados en PTU 2021 <\/span><\/strong><\/p>\n<div id=\"gtx-trans\" style=\"position: absolute; left: -50px; top: 4.31534px;\">\n<div class=\"gtx-trans-icon\"><\/div>\n<\/div>\n<\/div><\/section><\/div><div class=\"flex_column av_one_full  flex_column_div av-zero-column-padding first  avia-builder-el-4  el_after_av_one_full  el_before_av_hr  column-top-margin\" style='border-radius:0px; '><section class=\"av_textblock_section \"  itemscope=\"itemscope\" itemtype=\"https:\/\/schema.org\/BlogPosting\" itemprop=\"blogPost\" ><div class='avia_textblock  '   itemprop=\"text\" ><p style=\"text-align: justify;\">Provenientes de los liceos Ma\u00f1ihuales, Polit\u00e9cnico y Ra\u00fal Broussain Campino arribaron hasta la Ilustre Municipalidad de Ays\u00e9n, en compa\u00f1\u00eda de su apoderado o alg\u00fan familiar, los estudiantes que destacaron tras la reciente rendici\u00f3n de la PTU, quienes fueron recibidos por el alcalde, Julio Uribe y la directora DEM, Tamara Villegas, y que compartieron durante cerca de una hora y media respecto a sus sue\u00f1os y anhelos de cara a la educaci\u00f3n superior y los desaf\u00edos venideros.<\/p>\n<p style=\"text-align: justify;\">Al respecto, el edil aysenino, Julio Uribe, enfatiz\u00f3 sobre el trabajo que se desarrolla desde la Direcci\u00f3n de Educaci\u00f3n Municipal indicando que \u201cesta instancia de destacar a nuestros j\u00f3venes es muy hermosa. Como alcalde les deseo lo mejor en la etapa que se aproxima, ya han demostrado ser muy buenos alumnos, y por ello, indicarles que como DEM y municipio los apoyaremos en lo que sea necesario. Es muy importante darlos a conocer ya que son el futuro de Ays\u00e9n, por ello, los motivamos a que contin\u00faen entregando lo mejor. Ays\u00e9n los estar\u00e1 esperando a su regreso para que se sigan desarrollando en su comuna. Estamos seguros que se convertir\u00e1n en los profesionales que Ays\u00e9n requiere\u201d.<\/p>\n<p style=\"text-align: justify;\">Esta invitaci\u00f3n se extendi\u00f3 a la alumna Magdalena Sep\u00falveda del colegio Kalem, quien pese a no pertenecer a los establecimientos secundarios municipales, se convirti\u00f3 en el mejor puntaje regional, por ello, \u201ces un orgullo para todos nosotros como comuna y regi\u00f3n, por ende, el acalde no quiso dejarla fuera de este reconocimiento por lo que tuvimos la instancia de conocerla, conversar con ella, de escucharla, saber respecto de su futuro y lo que ella espera\u201d, manifest\u00f3 la directora DEM, Tamara Villegas.<\/p>\n<p style=\"text-align: justify;\"><strong>Reacciones<\/strong><\/p>\n<p style=\"text-align: justify;\">En este sentido, la estudiante del colegio particular subvencionado -quien alcanz\u00f3 los 833 puntos en la prueba de Comprensi\u00f3n Lectora, con un puntaje ponderado de 790,5, convirti\u00e9ndose en el mejor puntaje regional 2021-, agradeci\u00f3 la invitaci\u00f3n de la Direcci\u00f3n de Educaci\u00f3n Municipal se\u00f1alando que \u201cla verdad es que no estaba segura de continuar estudiando este a\u00f1o, si bien estudi\u00e9 para la prueba, siento que uno no deber\u00eda esforzarse m\u00e1s de la cuenta por entrar a la universidad, sino dar la prueba con los contenidos que te ense\u00f1an en el colegio. Luego de ver los resultados, se produjeron muchos movimientos, si bien quer\u00eda hacer otras cosas ahora estoy postulando a la universidad para estudiar ingenier\u00eda civil, as\u00ed que estoy muy contenta\u201d.<\/p>\n<p style=\"text-align: justify;\">Katherine Cavieres, en tanto, estudiante del liceo Ma\u00f1ihuales, dio a conocer su conformidad tras conocer los resultados de la medici\u00f3n de car\u00e1cter nacional, se\u00f1alando que \u201cme siento muy bien de que me reconozcan mui esfuerzo y representar a mi establecimiento. Las palabras que nos dijo el alcalde siento que fueron las correctas para darnos el apoyo. Lamentablemente me tengo que ir de la regi\u00f3n porque ac\u00e1 no est\u00e1 la carrera que me gusta y espero estudiar, que es terapia ocupacional\u201d.<\/p>\n<p style=\"text-align: justify;\">\u201cEn mi caso, siento que rend\u00ed lo que esperaba, ojal\u00e1 hubiese sido m\u00e1s, pero de todas maneras siento que todo mi esfuerzo dio resultados. Fui parte del preuniversitario del liceo, estaba en la Escuela de Desarrollo de Talentos del liceo, adem\u00e1s, estudiaba por mi cuenta en casa\u201d, narr\u00f3 Efra\u00edn Andrade, del liceo Ra\u00fal Broussain Campino, quien obtuvo 743 puntos en la prueba de Matem\u00e1ticas, adem\u00e1s de 613 en Ciencias y 606 en Historia. \u201cYo quiero estudiar licenciatura en matem\u00e1ticas en la Universidad Cat\u00f3lica, porque me gusta, y mi plan es continuar estudiando para despu\u00e9s convertirme en acad\u00e9mico de alguna universidad, y pasar toda mi vida haciendo y ense\u00f1ando matem\u00e1ticas, que es lo que m\u00e1s me apasiona\u201d, agreg\u00f3.<\/p>\n<p style=\"text-align: justify;\">Finalmente, fue destacado el joven del liceo Polit\u00e9cnico, Emerson Navarro, oriundo de Islas Huichas, quien con mucho sacrificio se traslad\u00f3 hasta Puerto Ays\u00e9n para estudiar, y hoy est\u00e1 decidido a estudiar lo que m\u00e1s le gusta, como es salmonicultura para continuar aportando al sector productivo de la comuna y la regi\u00f3n. \u201cEsto fue una sorpresa para m\u00ed, en general en siendo liceo t\u00e9cnico profesional, no se espera que hay buenos puntajes, pero aqu\u00ed estoy con orgullo para demostrar que al final no importa de qu\u00e9 establecimiento vengas, ni de d\u00f3nde seas, lo importante es el esfuerzo, la dedicaci\u00f3n y la motivaci\u00f3n que le pongas. Mientras te esfuerces al m\u00e1ximo saldr\u00e1s adelante. Quiero estudiar en la universidad Austral la carrera que m\u00e1s me gusta, as\u00ed que continuar\u00e9 esforz\u00e1ndome para cumplir lo que anhelo\u201d.<\/p>\n<\/div><\/section><\/div><div  style='height:50px' class='hr hr-invisible   avia-builder-el-6  el_after_av_one_full  el_before_av_social_share '><span class='hr-inner ' ><span class='hr-inner-style'><\/span><\/span><\/div><\/p>\n<div  class='av-social-sharing-box  avia-builder-el-7  el_after_av_hr  el_before_av_hr  '><div class='av-share-box'><h5 class='av-share-link-description av-no-toc '>Compartir esta noticia<\/h5><ul class='av-share-box-list noLightbox'><li class='av-share-link av-social-link-facebook' ><a target=\"_blank\" aria-label=\"Compartir en Facebook\" href='https:\/\/www.facebook.com\/sharer.php?u=https:\/\/radiorevelacionfm.cl\/?p=12886&#038;t=Reconocen%20esfuerzo%20y%20compromiso%20de%20j%C3%B3venes%20ayseninos%20tras%20resultados%20en%20PTU%202021' aria-hidden='false' data-av_icon='\ue8f3' data-av_iconfont='entypo-fontello' title='' data-avia-related-tooltip='Compartir en Facebook' rel=\"noopener\"><span class='avia_hidden_link_text'>Compartir en Facebook<\/span><\/a><\/li><li class='av-share-link av-social-link-twitter' ><a target=\"_blank\" aria-label=\"Compartir en Twitter\" href='https:\/\/twitter.com\/share?text=Reconocen%20esfuerzo%20y%20compromiso%20de%20j%C3%B3venes%20ayseninos%20tras%20resultados%20en%20PTU%202021&#038;url=https:\/\/radiorevelacionfm.cl\/?p=12886' aria-hidden='false' data-av_icon='\ue8f1' data-av_iconfont='entypo-fontello' title='' data-avia-related-tooltip='Compartir en Twitter' rel=\"noopener\"><span class='avia_hidden_link_text'>Compartir en Twitter<\/span><\/a><\/li><li class='av-share-link av-social-link-whatsapp' ><a target=\"_blank\" aria-label=\"Compartir en Whatsapp\" href='https:\/\/api.whatsapp.com\/send?text=https:\/\/radiorevelacionfm.cl\/?p=12886' aria-hidden='false' data-av_icon='\uf232' data-av_iconfont='entypo-fontello' title='' data-avia-related-tooltip='Compartir en Whatsapp' rel=\"noopener\"><span class='avia_hidden_link_text'>Compartir en Whatsapp<\/span><\/a><\/li><li class='av-share-link av-social-link-linkedin' ><a target=\"_blank\" aria-label=\"Compartir en LinkedIn\" href='https:\/\/linkedin.com\/shareArticle?mini=true&#038;title=Reconocen%20esfuerzo%20y%20compromiso%20de%20j%C3%B3venes%20ayseninos%20tras%20resultados%20en%20PTU%202021&#038;url=https:\/\/radiorevelacionfm.cl\/?p=12886' aria-hidden='false' data-av_icon='\ue8fc' data-av_iconfont='entypo-fontello' title='' data-avia-related-tooltip='Compartir en LinkedIn' rel=\"noopener\"><span class='avia_hidden_link_text'>Compartir en LinkedIn<\/span><\/a><\/li><li class='av-share-link av-social-link-mail' ><a  aria-label=\"Compartir por correo\" href='mailto:?subject=Reconocen%20esfuerzo%20y%20compromiso%20de%20j%C3%B3venes%20ayseninos%20tras%20resultados%20en%20PTU%202021&#038;body=https:\/\/radiorevelacionfm.cl\/?p=12886' aria-hidden='false' data-av_icon='\ue805' data-av_iconfont='entypo-fontello' title='' data-avia-related-tooltip='Compartir por correo'><span class='avia_hidden_link_text'>Compartir por correo<\/span><\/a><\/li><\/ul><\/div><\/div>\n<div  style='height:50px' class='hr hr-invisible   avia-builder-el-8  el_after_av_social_share  el_before_av_comments_list '><span class='hr-inner ' ><span class='hr-inner-style'><\/span><\/span><\/div>\n<div  class='av-buildercomment  av-blog-meta-html-info-disabled av-blog-meta-tag-disabled  '><\/div>\n","protected":false},"excerpt":{"rendered":"","protected":false},"author":1,"featured_media":12887,"comment_status":"open","ping_status":"open","sticky":false,"template":"","format":"standard","meta":{"footnotes":""},"categories":[38],"tags":[],"class_list":["post-12886","post","type-post","status-publish","format-standard","has-post-thumbnail","hentry","category-regional"],"jetpack_featured_media_url":"https:\/\/radiorevelacionfm.cl\/wp-content\/uploads\/2022\/01\/Reconocimiento-Alumnos1-1-1.jpg","_links":{"self":[{"href":"https:\/\/radiorevelacionfm.cl\/index.php?rest_route=\/wp\/v2\/posts\/12886","targetHints":{"allow":["GET"]}}],"collection":[{"href":"https:\/\/radiorevelacionfm.cl\/index.php?rest_route=\/wp\/v2\/posts"}],"about":[{"href":"https:\/\/radiorevelacionfm.cl\/index.php?rest_route=\/wp\/v2\/types\/post"}],"author":[{"embeddable":true,"href":"https:\/\/radiorevelacionfm.cl\/index.php?rest_route=\/wp\/v2\/users\/1"}],"replies":[{"embeddable":true,"href":"https:\/\/radiorevelacionfm.cl\/index.php?rest_route=%2Fwp%2Fv2%2Fcomments&post=12886"}],"version-history":[{"count":2,"href":"https:\/\/radiorevelacionfm.cl\/index.php?rest_route=\/wp\/v2\/posts\/12886\/revisions"}],"predecessor-version":[{"id":12898,"href":"https:\/\/radiorevelacionfm.cl\/index.php?rest_route=\/wp\/v2\/posts\/12886\/revisions\/12898"}],"wp:featuredmedia":[{"embeddable":true,"href":"https:\/\/radiorevelacionfm.cl\/index.php?rest_route=\/wp\/v2\/media\/12887"}],"wp:attachment":[{"href":"https:\/\/radiorevelacionfm.cl\/index.php?rest_route=%2Fwp%2Fv2%2Fmedia&parent=12886"}],"wp:term":[{"taxonomy":"category","embeddable":true,"href":"https:\/\/radiorevelacionfm.cl\/index.php?rest_route=%2Fwp%2Fv2%2Fcategories&post=12886"},{"taxonomy":"post_tag","embeddable":true,"href":"https:\/\/radiorevelacionfm.cl\/index.php?rest_route=%2Fwp%2Fv2%2Ftags&post=12886"}],"curies":[{"name":"wp","href":"https:\/\/api.w.org\/{rel}","templated":true}]}}