{"id":12882,"date":"2022-01-16T19:17:22","date_gmt":"2022-01-16T22:17:22","guid":{"rendered":"https:\/\/radiorevelacionfm.cl\/?p=12882"},"modified":"2022-01-16T19:17:22","modified_gmt":"2022-01-16T22:17:22","slug":"concejal-de-chile-chico-repudia-nulo-actuar-de-autoridades-ante-una-ruta-ch-265-intransitable","status":"publish","type":"post","link":"https:\/\/radiorevelacionfm.cl\/?p=12882","title":{"rendered":"Concejal de Chile Chico repudia nulo actuar de autoridades ante una ruta CH 265 \u201cintransitable\u201d"},"content":{"rendered":"<div class=\"flex_column av_one_full  flex_column_div av-zero-column-padding first  avia-builder-el-0  el_before_av_one_full  avia-builder-el-first  \" style='border-radius:0px; '><div  class='avia-image-container  av-styling-    avia-builder-el-1  avia-builder-el-no-sibling  avia-align-center '  itemprop=\"image\" itemscope=\"itemscope\" itemtype=\"https:\/\/schema.org\/ImageObject\"  ><div class='avia-image-container-inner'><div class='avia-image-overlay-wrap'><img decoding=\"async\" class='wp-image-12883 avia-img-lazy-loading-not-12883 avia_image' src=\"https:\/\/radiorevelacionfm.cl\/wp-content\/uploads\/2022\/01\/ch-265-1_optimized.jpeg\" alt='' title='ch-265-(1)_optimized' height=\"600\" width=\"800\"  itemprop=\"thumbnailUrl\" srcset=\"https:\/\/radiorevelacionfm.cl\/wp-content\/uploads\/2022\/01\/ch-265-1_optimized.jpeg 800w, https:\/\/radiorevelacionfm.cl\/wp-content\/uploads\/2022\/01\/ch-265-1_optimized-300x225.jpeg 300w, https:\/\/radiorevelacionfm.cl\/wp-content\/uploads\/2022\/01\/ch-265-1_optimized-768x576.jpeg 768w, https:\/\/radiorevelacionfm.cl\/wp-content\/uploads\/2022\/01\/ch-265-1_optimized-705x529.jpeg 705w, https:\/\/radiorevelacionfm.cl\/wp-content\/uploads\/2022\/01\/ch-265-1_optimized-600x450.jpeg 600w\" sizes=\"(max-width: 800px) 100vw, 800px\" \/><\/div><\/div><\/div><\/div><div class=\"flex_column av_one_full  flex_column_div av-zero-column-padding first  avia-builder-el-2  el_after_av_one_full  el_before_av_one_full  column-top-margin\" style='border-radius:0px; '><section class=\"av_textblock_section \"  itemscope=\"itemscope\" itemtype=\"https:\/\/schema.org\/BlogPosting\" itemprop=\"blogPost\" ><div class='avia_textblock  '   itemprop=\"text\" ><p style=\"text-align: center;\"><strong><span style=\"font-size: 18pt;\">Concejal de Chile Chico repudia nulo actuar de autoridades ante una ruta CH 265 \u201cintransitable\u201d<\/span><\/strong><\/p>\n<div id=\"gtx-trans\" style=\"position: absolute; left: -50px; top: 4.31534px;\">\n<div class=\"gtx-trans-icon\"><\/div>\n<\/div>\n<\/div><\/section><\/div><div class=\"flex_column av_one_full  flex_column_div av-zero-column-padding first  avia-builder-el-4  el_after_av_one_full  el_before_av_hr  column-top-margin\" style='border-radius:0px; '><section class=\"av_textblock_section \"  itemscope=\"itemscope\" itemtype=\"https:\/\/schema.org\/BlogPosting\" itemprop=\"blogPost\" ><div class='avia_textblock  '   itemprop=\"text\" ><p style=\"text-align: justify;\">Claramente la conectividad es algo con lo que el Gobierno del Presidente Sebasti\u00e1n Pi\u00f1era, est\u00e1 en deuda con toda la comunidad de Chile Chico y quienes viven en la cuenca del Lago General Carrera, Puerto Guadal, Mall\u00edn Grande, Fachinal, Puerto Bertrand y cada punto rural del territorio.<\/p>\n<p style=\"text-align: justify;\">A los constantes problemas con las barcazas se suma el p\u00e9simo estado de la ruta CH 265 que conecta la capital comunal y el resto de la regi\u00f3n de Ays\u00e9n. Siendo la \u00fanica v\u00eda para muchas familias, la mantenci\u00f3n de este camino pareciera no ser prioridad para el ejecutivo.<\/p>\n<p style=\"text-align: justify;\">El Concejal Mario Figueroa Mayorga, se refiere a esta preocupante situaci\u00f3n.<\/p>\n<p style=\"text-align: justify;\">\u201cNos preocupa la ruta CH 265 que une principalmente Chile Chico con el resto de la comuna, Mall\u00edn Grande, Fachinal, Puerto Guadal, Puerto Bertrand y el resto del territorio. Estamos en una \u00e9poca donde la gente est\u00e1 sacando la producci\u00f3n ovina, bovina, forraje, hay que recordar tambi\u00e9n que, mucha gente de m\u00e1s al sur viene a comprar forraje ac\u00e1 a Chile Chico, alfalfa, pasto, etc. La producci\u00f3n tambi\u00e9n hortofrut\u00edcola que se est\u00e1 sacando, sumado a ello, que por estas fechas los campesinos sacan la producci\u00f3n de le\u00f1a para el invierno, pero lamentablemente la ruta 256 est\u00e1 en p\u00e9simas condiciones\u201d.<\/p>\n<p style=\"text-align: justify;\">Figueroa, asegur\u00f3 que ha sido testigo de los problemas que deben enfrentar camioneros y quienes transitan por la ruta en mal estado.<\/p>\n<p style=\"text-align: justify;\">\u201cEste Concejal ha sido testigo de c\u00f3mo los camioneros, los amigos campesinos en sus camionetas sufren para hacer este viaje que en una temporada normal y estando en condiciones la ruta uno se demora de Chile Chico a Puerto Guadal 2 horas, a Cochrane quiz\u00e1s te puedes demorar 4 horas, pero hoy en el estado en que esta la ruta te demoras 6, 7, 8 horas si es que llegas. He tenido la oportunidad de conversar con camioneros, rompen neum\u00e1ticos, sufren fallas sus veh\u00edculos, la amortiguaci\u00f3n ni hablar, hemos sido testigos de algunos videos que andan en redes sociales donde los vecinos ya est\u00e1n cansados, por lo tanto, hacemos un llamado a la autoridad competente\u201d.<\/p>\n<p style=\"text-align: justify;\">El Concejal de la comuna de Chile Chico, lament\u00f3 que exista ausencia de mantenci\u00f3n de la ruta CH 265, por ello, no dudar\u00e1 en sumarse a las manifestaciones que est\u00e1n dispuestos a realizar los vecinos, por el p\u00e9simo estado del camino.<\/p>\n<p style=\"text-align: justify;\">\u201cY la verdad es que no se ven trabajos en la ruta, la empresa que esta hoy a cargo de la concesi\u00f3n lamentablemente no s\u00e9 qu\u00e9 problema tiene, no se ven maquinarias trabajando en la ruta, emparejan un poquito, pero la verdad es que hoy el camino esta intransitable. Entonces, no hablemos de turismo, no hablemos de producci\u00f3n, no hablemos de reactivaci\u00f3n econ\u00f3mica, si la ruta esta intransitable. Yo me atrever\u00eda a decir que, ya estamos cansados, los vecinos me han manifestado esto mismo, tambi\u00e9n se lo han dicho a mis colegas Concejales y la verdad es que no se sorprendan las autoridades si el d\u00eda de ma\u00f1ana estamos ah\u00ed cortando la ruta, para que de una vez por todas nos consideren como comunidad\u201d, puntualiz\u00f3 el Concejal Mario Figueroa.<\/p>\n<\/div><\/section><\/div><div  style='height:50px' class='hr hr-invisible   avia-builder-el-6  el_after_av_one_full  el_before_av_social_share '><span class='hr-inner ' ><span class='hr-inner-style'><\/span><\/span><\/div><\/p>\n<div  class='av-social-sharing-box  avia-builder-el-7  el_after_av_hr  el_before_av_hr  '><div class='av-share-box'><h5 class='av-share-link-description av-no-toc '>Compartir esta noticia<\/h5><ul class='av-share-box-list noLightbox'><li class='av-share-link av-social-link-facebook' ><a target=\"_blank\" aria-label=\"Compartir en Facebook\" href='https:\/\/www.facebook.com\/sharer.php?u=https:\/\/radiorevelacionfm.cl\/?p=12882&#038;t=Concejal%20de%20Chile%20Chico%20repudia%20nulo%20actuar%20de%20autoridades%20ante%20una%20ruta%20CH%20265%20%E2%80%9Cintransitable%E2%80%9D' aria-hidden='false' data-av_icon='\ue8f3' data-av_iconfont='entypo-fontello' title='' data-avia-related-tooltip='Compartir en Facebook' rel=\"noopener\"><span class='avia_hidden_link_text'>Compartir en Facebook<\/span><\/a><\/li><li class='av-share-link av-social-link-twitter' ><a target=\"_blank\" aria-label=\"Compartir en Twitter\" href='https:\/\/twitter.com\/share?text=Concejal%20de%20Chile%20Chico%20repudia%20nulo%20actuar%20de%20autoridades%20ante%20una%20ruta%20CH%20265%20%E2%80%9Cintransitable%E2%80%9D&#038;url=https:\/\/radiorevelacionfm.cl\/?p=12882' aria-hidden='false' data-av_icon='\ue8f1' data-av_iconfont='entypo-fontello' title='' data-avia-related-tooltip='Compartir en Twitter' rel=\"noopener\"><span class='avia_hidden_link_text'>Compartir en Twitter<\/span><\/a><\/li><li class='av-share-link av-social-link-whatsapp' ><a target=\"_blank\" aria-label=\"Compartir en Whatsapp\" href='https:\/\/api.whatsapp.com\/send?text=https:\/\/radiorevelacionfm.cl\/?p=12882' aria-hidden='false' data-av_icon='\uf232' data-av_iconfont='entypo-fontello' title='' data-avia-related-tooltip='Compartir en Whatsapp' rel=\"noopener\"><span class='avia_hidden_link_text'>Compartir en Whatsapp<\/span><\/a><\/li><li class='av-share-link av-social-link-linkedin' ><a target=\"_blank\" aria-label=\"Compartir en LinkedIn\" href='https:\/\/linkedin.com\/shareArticle?mini=true&#038;title=Concejal%20de%20Chile%20Chico%20repudia%20nulo%20actuar%20de%20autoridades%20ante%20una%20ruta%20CH%20265%20%E2%80%9Cintransitable%E2%80%9D&#038;url=https:\/\/radiorevelacionfm.cl\/?p=12882' aria-hidden='false' data-av_icon='\ue8fc' data-av_iconfont='entypo-fontello' title='' data-avia-related-tooltip='Compartir en LinkedIn' rel=\"noopener\"><span class='avia_hidden_link_text'>Compartir en LinkedIn<\/span><\/a><\/li><li class='av-share-link av-social-link-mail' ><a  aria-label=\"Compartir por correo\" href='mailto:?subject=Concejal%20de%20Chile%20Chico%20repudia%20nulo%20actuar%20de%20autoridades%20ante%20una%20ruta%20CH%20265%20%E2%80%9Cintransitable%E2%80%9D&#038;body=https:\/\/radiorevelacionfm.cl\/?p=12882' aria-hidden='false' data-av_icon='\ue805' data-av_iconfont='entypo-fontello' title='' data-avia-related-tooltip='Compartir por correo'><span class='avia_hidden_link_text'>Compartir por correo<\/span><\/a><\/li><\/ul><\/div><\/div>\n<div  style='height:50px' class='hr hr-invisible   avia-builder-el-8  el_after_av_social_share  el_before_av_comments_list '><span class='hr-inner ' ><span class='hr-inner-style'><\/span><\/span><\/div>\n<div  class='av-buildercomment  av-blog-meta-html-info-disabled av-blog-meta-tag-disabled  '><\/div>\n","protected":false},"excerpt":{"rendered":"","protected":false},"author":1,"featured_media":12883,"comment_status":"open","ping_status":"open","sticky":false,"template":"","format":"standard","meta":{"footnotes":""},"categories":[38],"tags":[],"class_list":["post-12882","post","type-post","status-publish","format-standard","has-post-thumbnail","hentry","category-regional"],"jetpack_featured_media_url":"https:\/\/radiorevelacionfm.cl\/wp-content\/uploads\/2022\/01\/ch-265-1_optimized.jpeg","_links":{"self":[{"href":"https:\/\/radiorevelacionfm.cl\/index.php?rest_route=\/wp\/v2\/posts\/12882","targetHints":{"allow":["GET"]}}],"collection":[{"href":"https:\/\/radiorevelacionfm.cl\/index.php?rest_route=\/wp\/v2\/posts"}],"about":[{"href":"https:\/\/radiorevelacionfm.cl\/index.php?rest_route=\/wp\/v2\/types\/post"}],"author":[{"embeddable":true,"href":"https:\/\/radiorevelacionfm.cl\/index.php?rest_route=\/wp\/v2\/users\/1"}],"replies":[{"embeddable":true,"href":"https:\/\/radiorevelacionfm.cl\/index.php?rest_route=%2Fwp%2Fv2%2Fcomments&post=12882"}],"version-history":[{"count":2,"href":"https:\/\/radiorevelacionfm.cl\/index.php?rest_route=\/wp\/v2\/posts\/12882\/revisions"}],"predecessor-version":[{"id":12885,"href":"https:\/\/radiorevelacionfm.cl\/index.php?rest_route=\/wp\/v2\/posts\/12882\/revisions\/12885"}],"wp:featuredmedia":[{"embeddable":true,"href":"https:\/\/radiorevelacionfm.cl\/index.php?rest_route=\/wp\/v2\/media\/12883"}],"wp:attachment":[{"href":"https:\/\/radiorevelacionfm.cl\/index.php?rest_route=%2Fwp%2Fv2%2Fmedia&parent=12882"}],"wp:term":[{"taxonomy":"category","embeddable":true,"href":"https:\/\/radiorevelacionfm.cl\/index.php?rest_route=%2Fwp%2Fv2%2Fcategories&post=12882"},{"taxonomy":"post_tag","embeddable":true,"href":"https:\/\/radiorevelacionfm.cl\/index.php?rest_route=%2Fwp%2Fv2%2Ftags&post=12882"}],"curies":[{"name":"wp","href":"https:\/\/api.w.org\/{rel}","templated":true}]}}