{"id":12878,"date":"2022-01-16T18:20:06","date_gmt":"2022-01-16T21:20:06","guid":{"rendered":"https:\/\/radiorevelacionfm.cl\/?p=12878"},"modified":"2022-01-16T18:20:06","modified_gmt":"2022-01-16T21:20:06","slug":"inician-nuevo-pilotaje-de-electromovilidad-con-6-taxis-colectivos","status":"publish","type":"post","link":"https:\/\/radiorevelacionfm.cl\/?p=12878","title":{"rendered":"Inician nuevo pilotaje de electromovilidad con 6 taxis colectivos"},"content":{"rendered":"<div class=\"flex_column av_one_full  flex_column_div av-zero-column-padding first  avia-builder-el-0  el_before_av_one_full  avia-builder-el-first  \" style='border-radius:0px; '><div  class='avia-image-container  av-styling-    avia-builder-el-1  avia-builder-el-no-sibling  avia-align-center '  itemprop=\"image\" itemscope=\"itemscope\" itemtype=\"https:\/\/schema.org\/ImageObject\"  ><div class='avia-image-container-inner'><div class='avia-image-overlay-wrap'><img decoding=\"async\" class='wp-image-12879 avia-img-lazy-loading-not-12879 avia_image' src=\"https:\/\/radiorevelacionfm.cl\/wp-content\/uploads\/2022\/01\/Electromovilidad-46-1-1.jpg\" alt='' title='Electromovilidad (46) (1) (1)' height=\"600\" width=\"1070\"  itemprop=\"thumbnailUrl\" srcset=\"https:\/\/radiorevelacionfm.cl\/wp-content\/uploads\/2022\/01\/Electromovilidad-46-1-1.jpg 1070w, https:\/\/radiorevelacionfm.cl\/wp-content\/uploads\/2022\/01\/Electromovilidad-46-1-1-300x168.jpg 300w, https:\/\/radiorevelacionfm.cl\/wp-content\/uploads\/2022\/01\/Electromovilidad-46-1-1-1030x578.jpg 1030w, https:\/\/radiorevelacionfm.cl\/wp-content\/uploads\/2022\/01\/Electromovilidad-46-1-1-768x431.jpg 768w, https:\/\/radiorevelacionfm.cl\/wp-content\/uploads\/2022\/01\/Electromovilidad-46-1-1-705x395.jpg 705w, https:\/\/radiorevelacionfm.cl\/wp-content\/uploads\/2022\/01\/Electromovilidad-46-1-1-600x336.jpg 600w\" sizes=\"(max-width: 1070px) 100vw, 1070px\" \/><\/div><\/div><\/div><\/div><div class=\"flex_column av_one_full  flex_column_div av-zero-column-padding first  avia-builder-el-2  el_after_av_one_full  el_before_av_one_full  column-top-margin\" style='border-radius:0px; '><section class=\"av_textblock_section \"  itemscope=\"itemscope\" itemtype=\"https:\/\/schema.org\/BlogPosting\" itemprop=\"blogPost\" ><div class='avia_textblock  '   itemprop=\"text\" ><p style=\"text-align: center;\"><span style=\"font-size: 18pt;\"><b>Inician nuevo pilotaje de electromovilidad con 6 taxis colectivos<\/b><\/span><\/p>\n<div id=\"gtx-trans\" style=\"position: absolute; left: -50px; top: 4.31534px;\">\n<div class=\"gtx-trans-icon\"><\/div>\n<\/div>\n<\/div><\/section><\/div><div class=\"flex_column av_one_full  flex_column_div av-zero-column-padding first  avia-builder-el-4  el_after_av_one_full  el_before_av_hr  column-top-margin\" style='border-radius:0px; '><section class=\"av_textblock_section \"  itemscope=\"itemscope\" itemtype=\"https:\/\/schema.org\/BlogPosting\" itemprop=\"blogPost\" ><div class='avia_textblock  '   itemprop=\"text\" ><p style=\"font-weight: 400; text-align: justify;\">Un nuevo paso hacia la electromovilidad se ha dado en Ays\u00e9n con el inicio de un nuevo pilotaje que implementar\u00e1 5 taxis colectivos para la capital regional y uno en Puerto Ays\u00e9n. Para anunciar esta iniciativa la ministra de Transportes y Telecomunicaciones Gloria Hutt, el seremiTT Fabi\u00e1n Rojas, representantes de la empresa Voltera, Edelaysen y la senadora Ximena \u00d3rdenes se reunieron con los transportistas que decidieron implementar sus servicios de transporte p\u00fablico.<\/p>\n<p style=\"font-weight: 400; text-align: justify;\">Esta es la segunda experiencia de este tipo en la regi\u00f3n, en donde a trav\u00e9s de una alianza p\u00fablico privada entre el Ministerio de Transportes y Telecomunicaciones (MTT), Edelaysen y Ministerio de Energ\u00eda se implement\u00f3 un piloto donde ingresaron dos taxis colectivos el\u00e9ctricos a Coyhaique. Considerando los beneficios logrados por los operadores de estos veh\u00edculos, se gestion\u00f3 esta nueva etapa para diversificar la matriz energ\u00e9tica en el transporte p\u00fablico.<\/p>\n<p style=\"font-weight: 400; text-align: justify;\">En esta oportunidad la empresa privada, facilit\u00f3 el modelo de veh\u00edculo el\u00e9ctrico \u201cVoltera T\u201d. Luego de cumplir las observaciones del Centro de Control y Certificaci\u00f3n Vehicular, entidad dependiente del MTT y de resolver asuntos administrativos de la inscripci\u00f3n de los veh\u00edculos al Registro de Transporte P\u00fablico, se pudo concretar esta medida.<\/p>\n<p style=\"font-weight: 400; text-align: justify;\">La ministra Hutt, destac\u00f3 que se sigan impulsando estas medidas que ya han demostrado su eficiencia en la regi\u00f3n. \u201cNos alegran mucho estos acuerdos p\u00fablico privados, donde se unen la empresa de energ\u00eda, los gremios de taxis, el Estado tambi\u00e9n como promotor, porque cuando se juntan las partes ganan las personas para un mejor bienestar de los pasajeros. Adem\u00e1s creemos que el taxi colectivo funciona de forma muy eficiente en Coyhaique\u201d, declar\u00f3 la secretaria de Estado.<\/p>\n<p style=\"font-weight: 400; text-align: justify;\">Jos\u00e9 Mar\u00eda Hurtado de la empresa Voltera se\u00f1al\u00f3 que la empresa adem\u00e1s de entregar estos veh\u00edculos para el pilotaje tambi\u00e9n brindar\u00e1 asesor\u00eda a los transportistas: \u201cLlevamos dos a\u00f1os trabajando en este tema, con nuestros proveedores y la l\u00edneas de taxis colectivos para hacer esto una realidad. Vamos a estar acompa\u00f1ando de aqu\u00ed en adelante, y apoyar en el aprendizaje para utilizar estos autos de forma \u00f3ptima. Creemos que esto va a a ser un ejemplo y un puntapi\u00e9 inicial para la transici\u00f3n a la electromovilidad en todo Chile\u201d.<\/p>\n<p style=\"font-weight: 400; text-align: justify;\">Desde Edelaysen, Leonardo Mor\u00e1n explic\u00f3 que en el marco del trabajo de la mesa de descontaminaci\u00f3n se ha avanzado en soluciones t\u00e9cnicas y econ\u00f3micas como la calefacci\u00f3n el\u00e9ctrica, la tarifa ecoaire de climatizaci\u00f3n el\u00e9ctrica, agua caliente sanitaria y la electromovilidad con el primer piloto en la regi\u00f3n.<\/p>\n<p style=\"font-weight: 400; text-align: justify;\">\u201cEsta tecnolog\u00eda es mucho m\u00e1s eficiente, econ\u00f3mica y limpia. Hoy estamos refrendando el compromiso que tenemos con la regi\u00f3n y con la descontaminaci\u00f3n implementando infraestructura de carga y alargadores para este nuevo piloto\u201d, inform\u00f3.<\/p>\n<p style=\"font-weight: 400; text-align: justify;\">La senadora \u00d3rdenes valor\u00f3 que se siga avanzando en esta pol\u00edticas p\u00fablicas que se hace cargo de desaf\u00edos como la contaminaci\u00f3n: \u201cEsto es un ejercicio importante en materia de c\u00f3mo avanzamos a una pol\u00edtica de mejorar la calidad del aire. Hay que ir reproduciendo esto en las distintas regiones, incluso en las localidades m\u00e1s aisladas. En el contexto del cambio clim\u00e1tico, las energ\u00edas limpias son una buena soluci\u00f3n para enfrentar este desaf\u00edo global\u201d.<\/p>\n<p style=\"font-weight: 400; text-align: justify;\">Desde el punto de vista del transporte regional, el seremi del ramo agreg\u00f3 que se debe continuar promoviendo la electromovilidad: \u201cQueremos que Ays\u00e9n se vuelva un referente a nivel nacional y tambi\u00e9n a nivel latinoamericano con el desarrollo del transporte colectivo menor. Lo que viene es la promoci\u00f3n de estas tecnolog\u00edas m\u00e1s amigables para el medio ambiente, pero que tambi\u00e9n generan una calidad de servicio distinta para los usuarios y tambi\u00e9n para los operadores\u201d.<\/p>\n<p style=\"font-weight: 400; text-align: justify;\">Esto fue confirmado por Mauricio Vargas, transportista del primer piloto de veh\u00edculos el\u00e9ctricos en taxis colectivos, que decidi\u00f3 ser parte de esta nueva etapa del desarrollo de la electromovilidad. \u201cHoy nos hace mucho sentido este tipo de veh\u00edculos para el transporte p\u00fablico, son amigables con el medioambiente, no contaminan y tienen externalidades muy beneficiosas para los taxistas y tambi\u00e9n para los usuarios. Econ\u00f3micamente tambi\u00e9n son muy rentables, comparando el precio de los combustibles y que el consumo de energ\u00eda el\u00e9ctrica es mucho menor para estos veh\u00edculos\u201d, subray\u00f3.\u201d<\/p>\n<p style=\"font-weight: 400; text-align: justify;\">Luego de cumplir con las inscripciones de los veh\u00edculos y se instalen sus distintivos como parte de este Piloto, estos seis veh\u00edculos el\u00e9ctricos iniciaran sus servicios en las ciudades de Coyhaique y Puerto Ays\u00e9n.<\/p>\n<p style=\"font-weight: 400; text-align: justify;\"><strong>\u00a0<\/strong><\/p>\n<\/div><\/section><\/div><div  style='height:50px' class='hr hr-invisible   avia-builder-el-6  el_after_av_one_full  el_before_av_social_share '><span class='hr-inner ' ><span class='hr-inner-style'><\/span><\/span><\/div><\/p>\n<div  class='av-social-sharing-box  avia-builder-el-7  el_after_av_hr  el_before_av_hr  '><div class='av-share-box'><h5 class='av-share-link-description av-no-toc '>Compartir esta noticia<\/h5><ul class='av-share-box-list noLightbox'><li class='av-share-link av-social-link-facebook' ><a target=\"_blank\" aria-label=\"Compartir en Facebook\" href='https:\/\/www.facebook.com\/sharer.php?u=https:\/\/radiorevelacionfm.cl\/?p=12878&#038;t=Inician%20nuevo%20pilotaje%20de%20electromovilidad%20con%206%20taxis%20colectivos' aria-hidden='false' data-av_icon='\ue8f3' data-av_iconfont='entypo-fontello' title='' data-avia-related-tooltip='Compartir en Facebook' rel=\"noopener\"><span class='avia_hidden_link_text'>Compartir en Facebook<\/span><\/a><\/li><li class='av-share-link av-social-link-twitter' ><a target=\"_blank\" aria-label=\"Compartir en Twitter\" href='https:\/\/twitter.com\/share?text=Inician%20nuevo%20pilotaje%20de%20electromovilidad%20con%206%20taxis%20colectivos&#038;url=https:\/\/radiorevelacionfm.cl\/?p=12878' aria-hidden='false' data-av_icon='\ue8f1' data-av_iconfont='entypo-fontello' title='' data-avia-related-tooltip='Compartir en Twitter' rel=\"noopener\"><span class='avia_hidden_link_text'>Compartir en Twitter<\/span><\/a><\/li><li class='av-share-link av-social-link-whatsapp' ><a target=\"_blank\" aria-label=\"Compartir en Whatsapp\" href='https:\/\/api.whatsapp.com\/send?text=https:\/\/radiorevelacionfm.cl\/?p=12878' aria-hidden='false' data-av_icon='\uf232' data-av_iconfont='entypo-fontello' title='' data-avia-related-tooltip='Compartir en Whatsapp' rel=\"noopener\"><span class='avia_hidden_link_text'>Compartir en Whatsapp<\/span><\/a><\/li><li class='av-share-link av-social-link-linkedin' ><a target=\"_blank\" aria-label=\"Compartir en LinkedIn\" href='https:\/\/linkedin.com\/shareArticle?mini=true&#038;title=Inician%20nuevo%20pilotaje%20de%20electromovilidad%20con%206%20taxis%20colectivos&#038;url=https:\/\/radiorevelacionfm.cl\/?p=12878' aria-hidden='false' data-av_icon='\ue8fc' data-av_iconfont='entypo-fontello' title='' data-avia-related-tooltip='Compartir en LinkedIn' rel=\"noopener\"><span class='avia_hidden_link_text'>Compartir en LinkedIn<\/span><\/a><\/li><li class='av-share-link av-social-link-mail' ><a  aria-label=\"Compartir por correo\" href='mailto:?subject=Inician%20nuevo%20pilotaje%20de%20electromovilidad%20con%206%20taxis%20colectivos&#038;body=https:\/\/radiorevelacionfm.cl\/?p=12878' aria-hidden='false' data-av_icon='\ue805' data-av_iconfont='entypo-fontello' title='' data-avia-related-tooltip='Compartir por correo'><span class='avia_hidden_link_text'>Compartir por correo<\/span><\/a><\/li><\/ul><\/div><\/div>\n<div  style='height:50px' class='hr hr-invisible   avia-builder-el-8  el_after_av_social_share  el_before_av_comments_list '><span class='hr-inner ' ><span class='hr-inner-style'><\/span><\/span><\/div>\n<div  class='av-buildercomment  av-blog-meta-html-info-disabled av-blog-meta-tag-disabled  '><\/div>\n","protected":false},"excerpt":{"rendered":"","protected":false},"author":1,"featured_media":12879,"comment_status":"open","ping_status":"open","sticky":false,"template":"","format":"standard","meta":{"footnotes":""},"categories":[59],"tags":[],"class_list":["post-12878","post","type-post","status-publish","format-standard","has-post-thumbnail","hentry","category-transporte"],"jetpack_featured_media_url":"https:\/\/radiorevelacionfm.cl\/wp-content\/uploads\/2022\/01\/Electromovilidad-46-1-1.jpg","_links":{"self":[{"href":"https:\/\/radiorevelacionfm.cl\/index.php?rest_route=\/wp\/v2\/posts\/12878","targetHints":{"allow":["GET"]}}],"collection":[{"href":"https:\/\/radiorevelacionfm.cl\/index.php?rest_route=\/wp\/v2\/posts"}],"about":[{"href":"https:\/\/radiorevelacionfm.cl\/index.php?rest_route=\/wp\/v2\/types\/post"}],"author":[{"embeddable":true,"href":"https:\/\/radiorevelacionfm.cl\/index.php?rest_route=\/wp\/v2\/users\/1"}],"replies":[{"embeddable":true,"href":"https:\/\/radiorevelacionfm.cl\/index.php?rest_route=%2Fwp%2Fv2%2Fcomments&post=12878"}],"version-history":[{"count":2,"href":"https:\/\/radiorevelacionfm.cl\/index.php?rest_route=\/wp\/v2\/posts\/12878\/revisions"}],"predecessor-version":[{"id":12881,"href":"https:\/\/radiorevelacionfm.cl\/index.php?rest_route=\/wp\/v2\/posts\/12878\/revisions\/12881"}],"wp:featuredmedia":[{"embeddable":true,"href":"https:\/\/radiorevelacionfm.cl\/index.php?rest_route=\/wp\/v2\/media\/12879"}],"wp:attachment":[{"href":"https:\/\/radiorevelacionfm.cl\/index.php?rest_route=%2Fwp%2Fv2%2Fmedia&parent=12878"}],"wp:term":[{"taxonomy":"category","embeddable":true,"href":"https:\/\/radiorevelacionfm.cl\/index.php?rest_route=%2Fwp%2Fv2%2Fcategories&post=12878"},{"taxonomy":"post_tag","embeddable":true,"href":"https:\/\/radiorevelacionfm.cl\/index.php?rest_route=%2Fwp%2Fv2%2Ftags&post=12878"}],"curies":[{"name":"wp","href":"https:\/\/api.w.org\/{rel}","templated":true}]}}