{"id":12874,"date":"2022-01-16T18:07:37","date_gmt":"2022-01-16T21:07:37","guid":{"rendered":"https:\/\/radiorevelacionfm.cl\/?p=12874"},"modified":"2022-01-16T18:07:37","modified_gmt":"2022-01-16T21:07:37","slug":"en-cisnes-y-la-junta-trabajan-para-crear-nuevos-y-modernos-centros-de-residuos","status":"publish","type":"post","link":"https:\/\/radiorevelacionfm.cl\/?p=12874","title":{"rendered":"En Cisnes y La Junta trabajan para crear nuevos y modernos centros de residuos"},"content":{"rendered":"<div class=\"flex_column av_one_full  flex_column_div av-zero-column-padding first  avia-builder-el-0  el_before_av_one_full  avia-builder-el-first  \" style='border-radius:0px; '><div  class='avia-image-container  av-styling-    avia-builder-el-1  avia-builder-el-no-sibling  avia-align-center '  itemprop=\"image\" itemscope=\"itemscope\" itemtype=\"https:\/\/schema.org\/ImageObject\"  ><div class='avia-image-container-inner'><div class='avia-image-overlay-wrap'><img decoding=\"async\" class='wp-image-12875 avia-img-lazy-loading-not-12875 avia_image' src=\"https:\/\/radiorevelacionfm.cl\/wp-content\/uploads\/2022\/01\/visita-terreno-gore-y-municipio-1_optimized.jpeg\" alt='' title='visita-terreno-gore-y-municipio-(1)_optimized' height=\"600\" width=\"800\"  itemprop=\"thumbnailUrl\" srcset=\"https:\/\/radiorevelacionfm.cl\/wp-content\/uploads\/2022\/01\/visita-terreno-gore-y-municipio-1_optimized.jpeg 800w, https:\/\/radiorevelacionfm.cl\/wp-content\/uploads\/2022\/01\/visita-terreno-gore-y-municipio-1_optimized-300x225.jpeg 300w, https:\/\/radiorevelacionfm.cl\/wp-content\/uploads\/2022\/01\/visita-terreno-gore-y-municipio-1_optimized-768x576.jpeg 768w, https:\/\/radiorevelacionfm.cl\/wp-content\/uploads\/2022\/01\/visita-terreno-gore-y-municipio-1_optimized-705x529.jpeg 705w, https:\/\/radiorevelacionfm.cl\/wp-content\/uploads\/2022\/01\/visita-terreno-gore-y-municipio-1_optimized-600x450.jpeg 600w\" sizes=\"(max-width: 800px) 100vw, 800px\" \/><\/div><\/div><\/div><\/div><div class=\"flex_column av_one_full  flex_column_div av-zero-column-padding first  avia-builder-el-2  el_after_av_one_full  el_before_av_one_full  column-top-margin\" style='border-radius:0px; '><section class=\"av_textblock_section \"  itemscope=\"itemscope\" itemtype=\"https:\/\/schema.org\/BlogPosting\" itemprop=\"blogPost\" ><div class='avia_textblock  '   itemprop=\"text\" ><p style=\"text-align: center;\"><strong><span style=\"font-size: 18pt;\">En Cisnes y La Junta trabajan para crear nuevos y modernos centros de residuos <\/span><\/strong><\/p>\n<div id=\"gtx-trans\" style=\"position: absolute; left: -50px; top: 4.31534px;\">\n<div class=\"gtx-trans-icon\"><\/div>\n<\/div>\n<\/div><\/section><\/div><div class=\"flex_column av_one_full  flex_column_div av-zero-column-padding first  avia-builder-el-4  el_after_av_one_full  el_before_av_hr  column-top-margin\" style='border-radius:0px; '><section class=\"av_textblock_section \"  itemscope=\"itemscope\" itemtype=\"https:\/\/schema.org\/BlogPosting\" itemprop=\"blogPost\" ><div class='avia_textblock  '   itemprop=\"text\" ><p style=\"text-align: justify;\">Recientemente el Alcalde Francisco Roncagliolo, Oscar del Solar director infraestructura y Mauricio Quezada, a cargo de la unidad que esta abordado el tema de residuos, ambos profesionales del Gobierno Regional de Ays\u00e9n, el Consejero Regional Luis Co\u00f1uecar, la Concejala Ximena Ar\u00e9valo en Puerto Cisnes, los Concejales Larry Letcher y Cristian Jaramillo en La Junta, como as\u00ed tambi\u00e9n, el equipo de Secplan del Municipio, realizaron visitas a terreno.<\/p>\n<p style=\"text-align: justify;\">El principal objetivo de este recorrido fue constatar el estado actual de los vertederos de Puerto Cisnes y La Junta, con la idea de generar algunos compromisos de trabajo colaborativos y coordinados entre la Municipalidad y el Gobierno Regional, para cumplir el Plan Regional de Manejo de Residuos y llegar a contar en la comuna con modernos centros de gesti\u00f3n de residuos, dando un paso importante en el tratamiento de la basura domiciliaria. Tal como lo destac\u00f3 el Alcalde de Cisnes, Francisco Roncagliolo Lepio.<\/p>\n<p style=\"text-align: justify;\">\u201cPara nuestro Municipio y nuestra comuna es fundamental trabajar en conjunto con el Gobierno Regional de Ays\u00e9n y as\u00ed llevar adelante los desaf\u00edos de mejorar nuestros lugares de disposici\u00f3n de residuos s\u00f3lidos en la comuna. Tenemos un desaf\u00edo importante en Puerto Cisnes y en La Junta con sus respectivos vertederos, por lo mismo, agradecemos el trabajo colaborativo, los compromisos, de poder llevar este desaf\u00edo en conjunto con el Gobierno Regional y esperamos ya en los pr\u00f3ximos meses, poder tener novedades para nuestros vecinos. La idea es ir de esta forma trabajando codo a codo, por mejorar nuestras condiciones ambientales en la comuna de Cisnes\u201d.<\/p>\n<p style=\"text-align: justify;\">El tema del cuidado al medio ambiente y el correcto tratamiento de residuos en cada punto del territorio, son una prioridad para la Gobernadora Regional de Ays\u00e9n, Andrea Mac\u00edas Palma. Es asi que, desde GORE, pusieron en valor el trabajo colaborativo que se est\u00e1 llevando adelante con la Municipalidad de Cisnes.<\/p>\n<p style=\"text-align: justify;\">\u201cComo Gobierno Regional tenemos como misi\u00f3n liderar el desarrollo sustentable de la regi\u00f3n de Ays\u00e9n,\u00a0 es por esto que el existe el Plan de Gesti\u00f3n Regional de Residuos S\u00f3lidos Municipales 2015-2035, mediante el cual se entregan los lineamientos en gesti\u00f3n de residuos a las comunas de nuestra regi\u00f3n. Dado esto, el d\u00eda 23 de diciembre de 2021, se dio inicio a un trabajo conjunto entre el Gobierno Regional y la Municipalidad de Cisnes, que como hito de inicio se realiz\u00f3 una visita del Equipo Municipal de Cisnes encabezado por su Alcalde, Francisco Roncagliolo Lepio y la Divisi\u00f3n de Infraestructura y Transportes, representada por su Jefe de Divisi\u00f3n Oscar del Solar Navarrete, en la cual se efectu\u00f3 un recorrido por los sitios de disposici\u00f3n final de Puerto Cisnes y La Junta, para finalizar en una reuni\u00f3n en esta \u00faltima localidad\u201d.<\/p>\n<p style=\"text-align: justify;\">En el trabajo colaborativo Gobierno Regional de Ays\u00e9n y Municipio de Cisnes, se fijaron algunos acuerdos, \u201cdentro de los compromisos adquiridos se encuentran por parte del municipio, realizar gestiones para la adquisici\u00f3n de terrenos para los nuevos centros de gesti\u00f3n de residuos de Puerto\u00a0 Cisnes y La Junta, ampliar el actual vertedero de Junta para entregar una vida \u00fatil de por lo menos 4 a\u00f1os m\u00e1s, realizar las gestiones operativas que permitan la reducir la cantidad de residuos que llegan a disposici\u00f3n final, por parte del Gobierno Regional se priorizar\u00e1 la adquisici\u00f3n de camiones recolectores, apoyo t\u00e9cnico para la recomendaci\u00f3n de los Centros de Gesti\u00f3n de Residuos, y el financiamiento a trav\u00e9s de FRIL de puntos limpios\u201d.<\/p>\n<p style=\"text-align: justify;\">El Alcalde Roncagliolo, puso \u00e9nfasis en que estas iniciativas avancen, ya que, de ello depende dejar un territorio como se lo merecen nuestras futuras generaciones, trabajo que tambi\u00e9n nos lleve a mostrar un entorno cada vez m\u00e1s atractivo para quienes nos visitan, en una zona eminentemente tur\u00edstica.<\/p>\n<\/div><\/section><\/div><div  style='height:50px' class='hr hr-invisible   avia-builder-el-6  el_after_av_one_full  el_before_av_social_share '><span class='hr-inner ' ><span class='hr-inner-style'><\/span><\/span><\/div><\/p>\n<div  class='av-social-sharing-box  avia-builder-el-7  el_after_av_hr  el_before_av_hr  '><div class='av-share-box'><h5 class='av-share-link-description av-no-toc '>Compartir esta noticia<\/h5><ul class='av-share-box-list noLightbox'><li class='av-share-link av-social-link-facebook' ><a target=\"_blank\" aria-label=\"Compartir en Facebook\" href='https:\/\/www.facebook.com\/sharer.php?u=https:\/\/radiorevelacionfm.cl\/?p=12874&#038;t=En%20Cisnes%20y%20La%20Junta%20trabajan%20para%20crear%20nuevos%20y%20modernos%20centros%20de%20residuos' aria-hidden='false' data-av_icon='\ue8f3' data-av_iconfont='entypo-fontello' title='' data-avia-related-tooltip='Compartir en Facebook' rel=\"noopener\"><span class='avia_hidden_link_text'>Compartir en Facebook<\/span><\/a><\/li><li class='av-share-link av-social-link-twitter' ><a target=\"_blank\" aria-label=\"Compartir en Twitter\" href='https:\/\/twitter.com\/share?text=En%20Cisnes%20y%20La%20Junta%20trabajan%20para%20crear%20nuevos%20y%20modernos%20centros%20de%20residuos&#038;url=https:\/\/radiorevelacionfm.cl\/?p=12874' aria-hidden='false' data-av_icon='\ue8f1' data-av_iconfont='entypo-fontello' title='' data-avia-related-tooltip='Compartir en Twitter' rel=\"noopener\"><span class='avia_hidden_link_text'>Compartir en Twitter<\/span><\/a><\/li><li class='av-share-link av-social-link-whatsapp' ><a target=\"_blank\" aria-label=\"Compartir en Whatsapp\" href='https:\/\/api.whatsapp.com\/send?text=https:\/\/radiorevelacionfm.cl\/?p=12874' aria-hidden='false' data-av_icon='\uf232' data-av_iconfont='entypo-fontello' title='' data-avia-related-tooltip='Compartir en Whatsapp' rel=\"noopener\"><span class='avia_hidden_link_text'>Compartir en Whatsapp<\/span><\/a><\/li><li class='av-share-link av-social-link-linkedin' ><a target=\"_blank\" aria-label=\"Compartir en LinkedIn\" href='https:\/\/linkedin.com\/shareArticle?mini=true&#038;title=En%20Cisnes%20y%20La%20Junta%20trabajan%20para%20crear%20nuevos%20y%20modernos%20centros%20de%20residuos&#038;url=https:\/\/radiorevelacionfm.cl\/?p=12874' aria-hidden='false' data-av_icon='\ue8fc' data-av_iconfont='entypo-fontello' title='' data-avia-related-tooltip='Compartir en LinkedIn' rel=\"noopener\"><span class='avia_hidden_link_text'>Compartir en LinkedIn<\/span><\/a><\/li><li class='av-share-link av-social-link-mail' ><a  aria-label=\"Compartir por correo\" href='mailto:?subject=En%20Cisnes%20y%20La%20Junta%20trabajan%20para%20crear%20nuevos%20y%20modernos%20centros%20de%20residuos&#038;body=https:\/\/radiorevelacionfm.cl\/?p=12874' aria-hidden='false' data-av_icon='\ue805' data-av_iconfont='entypo-fontello' title='' data-avia-related-tooltip='Compartir por correo'><span class='avia_hidden_link_text'>Compartir por correo<\/span><\/a><\/li><\/ul><\/div><\/div>\n<div  style='height:50px' class='hr hr-invisible   avia-builder-el-8  el_after_av_social_share  el_before_av_comments_list '><span class='hr-inner ' ><span class='hr-inner-style'><\/span><\/span><\/div>\n<div  class='av-buildercomment  av-blog-meta-html-info-disabled av-blog-meta-tag-disabled  '><\/div>\n","protected":false},"excerpt":{"rendered":"","protected":false},"author":1,"featured_media":12875,"comment_status":"open","ping_status":"open","sticky":false,"template":"","format":"standard","meta":{"footnotes":""},"categories":[38],"tags":[],"class_list":["post-12874","post","type-post","status-publish","format-standard","has-post-thumbnail","hentry","category-regional"],"jetpack_featured_media_url":"https:\/\/radiorevelacionfm.cl\/wp-content\/uploads\/2022\/01\/visita-terreno-gore-y-municipio-1_optimized.jpeg","_links":{"self":[{"href":"https:\/\/radiorevelacionfm.cl\/index.php?rest_route=\/wp\/v2\/posts\/12874","targetHints":{"allow":["GET"]}}],"collection":[{"href":"https:\/\/radiorevelacionfm.cl\/index.php?rest_route=\/wp\/v2\/posts"}],"about":[{"href":"https:\/\/radiorevelacionfm.cl\/index.php?rest_route=\/wp\/v2\/types\/post"}],"author":[{"embeddable":true,"href":"https:\/\/radiorevelacionfm.cl\/index.php?rest_route=\/wp\/v2\/users\/1"}],"replies":[{"embeddable":true,"href":"https:\/\/radiorevelacionfm.cl\/index.php?rest_route=%2Fwp%2Fv2%2Fcomments&post=12874"}],"version-history":[{"count":2,"href":"https:\/\/radiorevelacionfm.cl\/index.php?rest_route=\/wp\/v2\/posts\/12874\/revisions"}],"predecessor-version":[{"id":12877,"href":"https:\/\/radiorevelacionfm.cl\/index.php?rest_route=\/wp\/v2\/posts\/12874\/revisions\/12877"}],"wp:featuredmedia":[{"embeddable":true,"href":"https:\/\/radiorevelacionfm.cl\/index.php?rest_route=\/wp\/v2\/media\/12875"}],"wp:attachment":[{"href":"https:\/\/radiorevelacionfm.cl\/index.php?rest_route=%2Fwp%2Fv2%2Fmedia&parent=12874"}],"wp:term":[{"taxonomy":"category","embeddable":true,"href":"https:\/\/radiorevelacionfm.cl\/index.php?rest_route=%2Fwp%2Fv2%2Fcategories&post=12874"},{"taxonomy":"post_tag","embeddable":true,"href":"https:\/\/radiorevelacionfm.cl\/index.php?rest_route=%2Fwp%2Fv2%2Ftags&post=12874"}],"curies":[{"name":"wp","href":"https:\/\/api.w.org\/{rel}","templated":true}]}}