{"id":12870,"date":"2022-01-16T17:58:58","date_gmt":"2022-01-16T20:58:58","guid":{"rendered":"https:\/\/radiorevelacionfm.cl\/?p=12870"},"modified":"2022-01-16T17:58:58","modified_gmt":"2022-01-16T20:58:58","slug":"ministro-prokurica-coloca-la-primera-piedra-del-camino-lago-verde-la-tapera","status":"publish","type":"post","link":"https:\/\/radiorevelacionfm.cl\/?p=12870","title":{"rendered":"Ministro Prokurica coloca la primera piedra del camino Lago Verde-La Tapera"},"content":{"rendered":"<div class=\"flex_column av_one_full  flex_column_div av-zero-column-padding first  avia-builder-el-0  el_before_av_one_full  avia-builder-el-first  \" style='border-radius:0px; '><div  class='avia-image-container  av-styling-    avia-builder-el-1  avia-builder-el-no-sibling  avia-align-center '  itemprop=\"image\" itemscope=\"itemscope\" itemtype=\"https:\/\/schema.org\/ImageObject\"  ><div class='avia-image-container-inner'><div class='avia-image-overlay-wrap'><img decoding=\"async\" class='wp-image-12871 avia-img-lazy-loading-not-12871 avia_image' src=\"https:\/\/radiorevelacionfm.cl\/wp-content\/uploads\/2022\/01\/LagoVerde-Tapera-2022-01-14-1-1.jpeg\" alt='' title='LagoVerde-Tapera 2022-01-14 (1) (1)' height=\"600\" width=\"1268\"  itemprop=\"thumbnailUrl\" srcset=\"https:\/\/radiorevelacionfm.cl\/wp-content\/uploads\/2022\/01\/LagoVerde-Tapera-2022-01-14-1-1.jpeg 1268w, https:\/\/radiorevelacionfm.cl\/wp-content\/uploads\/2022\/01\/LagoVerde-Tapera-2022-01-14-1-1-300x142.jpeg 300w, https:\/\/radiorevelacionfm.cl\/wp-content\/uploads\/2022\/01\/LagoVerde-Tapera-2022-01-14-1-1-1030x487.jpeg 1030w, https:\/\/radiorevelacionfm.cl\/wp-content\/uploads\/2022\/01\/LagoVerde-Tapera-2022-01-14-1-1-768x363.jpeg 768w, https:\/\/radiorevelacionfm.cl\/wp-content\/uploads\/2022\/01\/LagoVerde-Tapera-2022-01-14-1-1-705x334.jpeg 705w, https:\/\/radiorevelacionfm.cl\/wp-content\/uploads\/2022\/01\/LagoVerde-Tapera-2022-01-14-1-1-600x284.jpeg 600w\" sizes=\"(max-width: 1268px) 100vw, 1268px\" \/><\/div><\/div><\/div><\/div><div class=\"flex_column av_one_full  flex_column_div av-zero-column-padding first  avia-builder-el-2  el_after_av_one_full  el_before_av_one_full  column-top-margin\" style='border-radius:0px; '><section class=\"av_textblock_section \"  itemscope=\"itemscope\" itemtype=\"https:\/\/schema.org\/BlogPosting\" itemprop=\"blogPost\" ><div class='avia_textblock  '   itemprop=\"text\" ><p style=\"text-align: center;\"><strong><span style=\"font-size: 18pt;\">Ministro Prokurica coloca la primera piedra del camino Lago Verde-La Tapera <\/span><\/strong><\/p>\n<div id=\"gtx-trans\" style=\"position: absolute; left: -50px; top: 4.31534px;\">\n<div class=\"gtx-trans-icon\"><\/div>\n<\/div>\n<\/div><\/section><\/div><div class=\"flex_column av_one_full  flex_column_div av-zero-column-padding first  avia-builder-el-4  el_after_av_one_full  el_before_av_hr  column-top-margin\" style='border-radius:0px; '><section class=\"av_textblock_section \"  itemscope=\"itemscope\" itemtype=\"https:\/\/schema.org\/BlogPosting\" itemprop=\"blogPost\" ><div class='avia_textblock  '   itemprop=\"text\" ><p style=\"text-align: justify;\">El ministro de Defensa Nacional, Baldo Prokurica, puso la primera piedra en la construcci\u00f3n del camino Lago Verde \u2013 La Tapera, en la Regi\u00f3n de Ays\u00e9n, ruta que ser\u00e1 construida por el Cuerpo Militar del Trabajo (CMT) del Ej\u00e9rcito, y que tendr\u00e1 una extensi\u00f3n de 80 kil\u00f3metros<\/p>\n<p style=\"text-align: justify;\">Gracias al nuevo camino se podr\u00e1n reducir los desplazamientos entre ambas localidades en hasta cuatro horas, y se potenciar\u00e1 el valor tur\u00edstico que tiene esta alejada zona monta\u00f1osa de la Patagonia chilena.<\/p>\n<p style=\"text-align: justify;\">La construcci\u00f3n de esta ruta \u2014ubicada a unos 100 kil\u00f3metros al este de la ciudad de Coyhaique\u2014 se realizar\u00e1 gracias a un acuerdo firmado con el ministerio de Obras P\u00fablicas, consta de un presupuesto de $8.400 millones e implicar\u00e1 una fuerza de trabajo variable de hasta 60 personas.<\/p>\n<p style=\"text-align: justify;\">Las ejecuciones de estas obras fueron entregadas al CMT debido a las complejidades de la zona, y su lejan\u00eda respecto a los lugares de abastecimientos.<\/p>\n<p style=\"text-align: justify;\">El ministro Prokurica sostuvo que para los cerca de mil habitantes de la comuna de Lago Verde este d\u00eda es hist\u00f3rico, ya que implicar\u00e1 una mejora concreta en su calidad de vida. Al mismo tiempo, recalc\u00f3 la polivalencia de nuestras Fuerzas Armadas y su aporte al desarrollo nacional, agregando que la construcci\u00f3n de estas obras son una prueba concreta que est\u00e1n al servicio de todos los chilenos.<\/p>\n<p style=\"text-align: justify;\">\u201cAc\u00e1 el impulso privado no llega o le cuesta mucho llegar, pero s\u00ed lo pueden hacer nuestras Fuerzas Armadas aprovechando sus caracter\u00edsticas de polivalencia y tambi\u00e9n impulsadas por sus \u00e1reas de misi\u00f3n, las que, junto a garantizar la Seguridad Nacional, incluyen ayudar a sus compatriotas en caso de tragedias, emergencias y desastres naturales, y sobre todo el contribuir al desarrollo nacional\u201d, dijo Baldo Prokurica en la ceremonia, que tambi\u00e9n cont\u00f3 con la presencia de la Delegada Presidencial Regional de Ays\u00e9n, Margarita Ossa,\u00a0 el seremi de Obras P\u00fablicas, El\u00edas Fern\u00e1ndez, el alcalde de Lago Verde, Nelson Opazo, y el comandante en jefe de la IV Divisi\u00f3n de Ej\u00e9rcito, general Luis P\u00e9rez.<\/p>\n<p style=\"text-align: justify;\">Con estas obras, el Titular de Defensa record\u00f3 que el CMT alcanzar\u00e1 los dos mil kil\u00f3metros de carreteras construidos en sus 70 a\u00f1os de existencia, distancia similar a la que existe entre Santiago y Arica, a los que suma la construcci\u00f3n de otros 2 kil\u00f3metros de puentes, m\u00e1s de 5 kil\u00f3metros de pistas de aer\u00f3dromos, as\u00ed como rampas para barcazas y muelles.<\/p>\n<p style=\"text-align: justify;\">En ese mismo sentido, la Delegada Presidencial Regional de Ays\u00e9n, Margarita Ossa, relev\u00f3 que \u201cen estos \u00faltimos 4 a\u00f1os han sido evidentes los diversos avances en materia de conectividad que se han impulsado en la administraci\u00f3n del Presidente Sebasti\u00e1n Pi\u00f1era; esta es una m\u00e1s y una de las m\u00e1s relevantes porque llega a una zona muy aislada de nuestra regi\u00f3n porque el impacto que va a tener en su calidad de vida va ser enorme y estamos muy contentos como gobierno de ser quienes afianzamos estos proyectos que entregan dignidad a cientos de familias de Lago Verde, Villa La Tapera y sus alrededores\u201d.<\/p>\n<p style=\"text-align: justify;\">El General de brigada Luis P\u00e9rez, comandante de la IV Divisi\u00f3n de Ej\u00e9rcito, destac\u00f3 el trabajo hist\u00f3rico que han realizado los hombres del CMT. \u201cQuiero hacer un homenaje a las personas que nos acompa\u00f1an hoy d\u00eda, a los pobladores de esta regi\u00f3n tan inh\u00f3spita pero tan hermosa a la vez, y tambi\u00e9n hacer un homenaje y recordar a esos 23 soldados que han fallecido en la construcci\u00f3n de esta Carretera Austral desde 1982. Como Ej\u00e9rcito de Chile y CMT esperamos que este camino sea un aporte y cumpla con todas las expectativas de los pobladores\u201d.<\/p>\n<p style=\"text-align: justify;\">En tanto, el alcalde de Lago Verde, Nelson Opazo, manifest\u00f3 que estas obras significan \u201cir cerrando un ciclo de gestiones a todo nivel, respondiendo a las inquietudes manifestadas por nuestros vecinos, que forman parte de un territorio que tiene m\u00e1s de 300 kil\u00f3metros de frontera y los porcentajes de aislamiento m\u00e1s grandes de Chile. Este es un potente mensaje de c\u00f3mo en este pa\u00eds estamos haciendo soberan\u00eda\u201d.<\/p>\n<p style=\"text-align: justify;\"><strong>Cuerpo Militar del Trabajo <\/strong><\/p>\n<p style=\"text-align: justify;\">El Cuerpo Militar del Trabajo naci\u00f3 en 1953, cuando en el segundo gobierno del General Carlos Ib\u00e1\u00f1ez del Campo se cre\u00f3 la Inspecci\u00f3n del Servicio Militar del Trabajo, como un organismo dependiente del Ministerio de Defensa Nacional, el cual siete a\u00f1os m\u00e1s tarde pas\u00f3 a denominarse Cuerpo Militar del Trabajo, concentrado su labor en zonas cordilleranas de dif\u00edcil acceso o en lugares alejados de los centros de abastecimiento.<\/p>\n<p style=\"text-align: justify;\">Esta instituci\u00f3n est\u00e1 compuesta actualmente por cerca de 500 personas, donde se cuentan personal militar del Ej\u00e9rcito como personal civil, expertos en la construcci\u00f3n de este tipo de obras.<\/p>\n<p style=\"text-align: justify;\">A la fecha, el CMT ha construido y puesto al servicio p\u00fablico en la regi\u00f3n de Los Lagos, 247 kil\u00f3metros del camino longitudinal, 329 kil\u00f3metros de caminos transversales, 1.150 metros de pistas de aterrizajes, 319 metros de puentes definitivos y la instalaci\u00f3n de 174 metros de puentes mecano.<\/p>\n<p style=\"text-align: justify;\">En la regi\u00f3n de Ays\u00e9n, cuyas obras fueron iniciadas en 1982 se han construido 224 kil\u00f3metros del camino longitudinal, 267 kil\u00f3metros de caminos transversales, 3.200 metros de pistas de aterrizaje, 388 metros de puentes definitivos y la Instalaci\u00f3n de 600 metros de puentes mecano.<\/p>\n<p style=\"text-align: justify;\">En total, el CMT ha participado y construido obras equivalentes al 50% de la ruta longitudinal austral, que en la actualidad se extiende desde Puerto Montt en la X regi\u00f3n hasta Punta Pisag\u00fca en la XI regi\u00f3n (1.234 kil\u00f3metros), esta \u00faltima ubicada a 15 kil\u00f3metros de los Campos de Hielo Norte.<\/p>\n<\/div><\/section><\/div><div  style='height:50px' class='hr hr-invisible   avia-builder-el-6  el_after_av_one_full  el_before_av_social_share '><span class='hr-inner ' ><span class='hr-inner-style'><\/span><\/span><\/div><\/p>\n<div  class='av-social-sharing-box  avia-builder-el-7  el_after_av_hr  el_before_av_hr  '><div class='av-share-box'><h5 class='av-share-link-description av-no-toc '>Compartir esta noticia<\/h5><ul class='av-share-box-list noLightbox'><li class='av-share-link av-social-link-facebook' ><a target=\"_blank\" aria-label=\"Compartir en Facebook\" href='https:\/\/www.facebook.com\/sharer.php?u=https:\/\/radiorevelacionfm.cl\/?p=12870&#038;t=Ministro%20Prokurica%20coloca%20la%20primera%20piedra%20del%20camino%20Lago%20Verde-La%20Tapera' aria-hidden='false' data-av_icon='\ue8f3' data-av_iconfont='entypo-fontello' title='' data-avia-related-tooltip='Compartir en Facebook' rel=\"noopener\"><span class='avia_hidden_link_text'>Compartir en Facebook<\/span><\/a><\/li><li class='av-share-link av-social-link-twitter' ><a target=\"_blank\" aria-label=\"Compartir en Twitter\" href='https:\/\/twitter.com\/share?text=Ministro%20Prokurica%20coloca%20la%20primera%20piedra%20del%20camino%20Lago%20Verde-La%20Tapera&#038;url=https:\/\/radiorevelacionfm.cl\/?p=12870' aria-hidden='false' data-av_icon='\ue8f1' data-av_iconfont='entypo-fontello' title='' data-avia-related-tooltip='Compartir en Twitter' rel=\"noopener\"><span class='avia_hidden_link_text'>Compartir en Twitter<\/span><\/a><\/li><li class='av-share-link av-social-link-whatsapp' ><a target=\"_blank\" aria-label=\"Compartir en Whatsapp\" href='https:\/\/api.whatsapp.com\/send?text=https:\/\/radiorevelacionfm.cl\/?p=12870' aria-hidden='false' data-av_icon='\uf232' data-av_iconfont='entypo-fontello' title='' data-avia-related-tooltip='Compartir en Whatsapp' rel=\"noopener\"><span class='avia_hidden_link_text'>Compartir en Whatsapp<\/span><\/a><\/li><li class='av-share-link av-social-link-linkedin' ><a target=\"_blank\" aria-label=\"Compartir en LinkedIn\" href='https:\/\/linkedin.com\/shareArticle?mini=true&#038;title=Ministro%20Prokurica%20coloca%20la%20primera%20piedra%20del%20camino%20Lago%20Verde-La%20Tapera&#038;url=https:\/\/radiorevelacionfm.cl\/?p=12870' aria-hidden='false' data-av_icon='\ue8fc' data-av_iconfont='entypo-fontello' title='' data-avia-related-tooltip='Compartir en LinkedIn' rel=\"noopener\"><span class='avia_hidden_link_text'>Compartir en LinkedIn<\/span><\/a><\/li><li class='av-share-link av-social-link-mail' ><a  aria-label=\"Compartir por correo\" href='mailto:?subject=Ministro%20Prokurica%20coloca%20la%20primera%20piedra%20del%20camino%20Lago%20Verde-La%20Tapera&#038;body=https:\/\/radiorevelacionfm.cl\/?p=12870' aria-hidden='false' data-av_icon='\ue805' data-av_iconfont='entypo-fontello' title='' data-avia-related-tooltip='Compartir por correo'><span class='avia_hidden_link_text'>Compartir por correo<\/span><\/a><\/li><\/ul><\/div><\/div>\n<div  style='height:50px' class='hr hr-invisible   avia-builder-el-8  el_after_av_social_share  el_before_av_comments_list '><span class='hr-inner ' ><span class='hr-inner-style'><\/span><\/span><\/div>\n<div  class='av-buildercomment  av-blog-meta-html-info-disabled av-blog-meta-tag-disabled  '><\/div>\n","protected":false},"excerpt":{"rendered":"","protected":false},"author":1,"featured_media":12871,"comment_status":"open","ping_status":"open","sticky":false,"template":"","format":"standard","meta":{"footnotes":""},"categories":[38],"tags":[],"class_list":["post-12870","post","type-post","status-publish","format-standard","has-post-thumbnail","hentry","category-regional"],"jetpack_featured_media_url":"https:\/\/radiorevelacionfm.cl\/wp-content\/uploads\/2022\/01\/LagoVerde-Tapera-2022-01-14-1-1.jpeg","_links":{"self":[{"href":"https:\/\/radiorevelacionfm.cl\/index.php?rest_route=\/wp\/v2\/posts\/12870","targetHints":{"allow":["GET"]}}],"collection":[{"href":"https:\/\/radiorevelacionfm.cl\/index.php?rest_route=\/wp\/v2\/posts"}],"about":[{"href":"https:\/\/radiorevelacionfm.cl\/index.php?rest_route=\/wp\/v2\/types\/post"}],"author":[{"embeddable":true,"href":"https:\/\/radiorevelacionfm.cl\/index.php?rest_route=\/wp\/v2\/users\/1"}],"replies":[{"embeddable":true,"href":"https:\/\/radiorevelacionfm.cl\/index.php?rest_route=%2Fwp%2Fv2%2Fcomments&post=12870"}],"version-history":[{"count":2,"href":"https:\/\/radiorevelacionfm.cl\/index.php?rest_route=\/wp\/v2\/posts\/12870\/revisions"}],"predecessor-version":[{"id":12873,"href":"https:\/\/radiorevelacionfm.cl\/index.php?rest_route=\/wp\/v2\/posts\/12870\/revisions\/12873"}],"wp:featuredmedia":[{"embeddable":true,"href":"https:\/\/radiorevelacionfm.cl\/index.php?rest_route=\/wp\/v2\/media\/12871"}],"wp:attachment":[{"href":"https:\/\/radiorevelacionfm.cl\/index.php?rest_route=%2Fwp%2Fv2%2Fmedia&parent=12870"}],"wp:term":[{"taxonomy":"category","embeddable":true,"href":"https:\/\/radiorevelacionfm.cl\/index.php?rest_route=%2Fwp%2Fv2%2Fcategories&post=12870"},{"taxonomy":"post_tag","embeddable":true,"href":"https:\/\/radiorevelacionfm.cl\/index.php?rest_route=%2Fwp%2Fv2%2Ftags&post=12870"}],"curies":[{"name":"wp","href":"https:\/\/api.w.org\/{rel}","templated":true}]}}