{"id":12859,"date":"2022-01-16T13:49:07","date_gmt":"2022-01-16T16:49:07","guid":{"rendered":"https:\/\/radiorevelacionfm.cl\/?p=12859"},"modified":"2022-01-16T16:44:21","modified_gmt":"2022-01-16T19:44:21","slug":"asociacion-de-gobernadores-ras-entrega-agenda-de-descentralizacion-al-presidente-electo-gabriel-boric","status":"publish","type":"post","link":"https:\/\/radiorevelacionfm.cl\/?p=12859","title":{"rendered":"Asociaci\u00f3n de Gobernadores\/as entrega agenda de descentralizaci\u00f3n al Presidente Electo Gabriel Boric"},"content":{"rendered":"<div class=\"flex_column av_one_full  flex_column_div av-zero-column-padding first  avia-builder-el-0  el_before_av_one_full  avia-builder-el-first  \" style='border-radius:0px; '><div  class='avia-image-container  av-styling-    avia-builder-el-1  avia-builder-el-no-sibling  avia-align-center '  itemprop=\"image\" itemscope=\"itemscope\" itemtype=\"https:\/\/schema.org\/ImageObject\"  ><div class='avia-image-container-inner'><div class='avia-image-overlay-wrap'><img decoding=\"async\" class='wp-image-12860 avia-img-lazy-loading-not-12860 avia_image' src=\"https:\/\/radiorevelacionfm.cl\/wp-content\/uploads\/2022\/01\/foto-1-asociacion-1_optimized.jpeg\" alt='' title='foto-1-asociaci\u00f3n-(1)_optimized' height=\"600\" width=\"1046\"  itemprop=\"thumbnailUrl\" srcset=\"https:\/\/radiorevelacionfm.cl\/wp-content\/uploads\/2022\/01\/foto-1-asociacion-1_optimized.jpeg 1046w, https:\/\/radiorevelacionfm.cl\/wp-content\/uploads\/2022\/01\/foto-1-asociacion-1_optimized-300x172.jpeg 300w, https:\/\/radiorevelacionfm.cl\/wp-content\/uploads\/2022\/01\/foto-1-asociacion-1_optimized-1030x591.jpeg 1030w, https:\/\/radiorevelacionfm.cl\/wp-content\/uploads\/2022\/01\/foto-1-asociacion-1_optimized-768x441.jpeg 768w, https:\/\/radiorevelacionfm.cl\/wp-content\/uploads\/2022\/01\/foto-1-asociacion-1_optimized-705x404.jpeg 705w, https:\/\/radiorevelacionfm.cl\/wp-content\/uploads\/2022\/01\/foto-1-asociacion-1_optimized-600x344.jpeg 600w\" sizes=\"(max-width: 1046px) 100vw, 1046px\" \/><\/div><\/div><\/div><\/div>\n<div class=\"flex_column av_one_full  flex_column_div av-zero-column-padding first  avia-builder-el-2  el_after_av_one_full  el_before_av_one_full  column-top-margin\" style='border-radius:0px; '><section class=\"av_textblock_section \"  itemscope=\"itemscope\" itemtype=\"https:\/\/schema.org\/BlogPosting\" itemprop=\"blogPost\" ><div class='avia_textblock  '   itemprop=\"text\" ><p style=\"text-align: center;\"><strong><span style=\"font-size: 18pt;\">Asociaci\u00f3n de Gobernadores\/as entrega agenda de descentralizaci\u00f3n al Presidente Electo Gabriel Boric<\/span><\/strong><\/p>\n<div id=\"gtx-trans\" style=\"position: absolute; left: -50px; top: 4.31534px;\">\n<div class=\"gtx-trans-icon\"><\/div>\n<\/div>\n<\/div><\/section><\/div><div class=\"flex_column av_one_full  flex_column_div av-zero-column-padding first  avia-builder-el-4  el_after_av_one_full  el_before_av_hr  column-top-margin\" style='border-radius:0px; '><section class=\"av_textblock_section \"  itemscope=\"itemscope\" itemtype=\"https:\/\/schema.org\/BlogPosting\" itemprop=\"blogPost\" ><div class='avia_textblock  '   itemprop=\"text\" ><p style=\"text-align: justify;\">Combinar el cumplimiento del programa de Gobierno del Presidente Electo Gabriel Boric con las prioridades actuales de los Gobiernos Regionales, fue la primera propuesta que acordaron las m\u00e1ximas autoridades de cada una de las regiones de todo el pa\u00eds para conversar con el futuro Mandatario.<\/p>\n<p style=\"text-align: justify;\">\u00abMe ha correspondido, Presidente, poder plantear algunos puntos que tienen que ver con la ley corta que hemos establecido en tres momentos. Como Gobernadores Regionales solicitamos que se reconozca efectivamente que la administraci\u00f3n superior de cada regi\u00f3n de cada regi\u00f3n corresponde a los Gobernadores Regionales y por tanto, es \u00e9l y las Gobernadoras Regionales quienes tienen esta posibilidad\u00bb, comenz\u00f3 su exposici\u00f3n la m\u00e1xima autoridad regional de Ays\u00e9n, Andrea Mac\u00edas Palma.<\/p>\n<p style=\"text-align: justify;\">En la sesi\u00f3n se coordin\u00f3 como Asociaci\u00f3n, cu\u00e1l ser\u00e1 la hoja de ruta, realizando un breve acuerdo de los ejes principales de trabajo. Para los primeros cien d\u00edas, los Gobernadores proponen la eliminaci\u00f3n de la figura del delegado presidencial, mayor flexibilidad en la organizaci\u00f3n presupuestaria de cada regi\u00f3n, entregar en plenitud la administraci\u00f3n a su respectivo Gobierno Regional, traspaso de nuevas competencias, presidir los Comit\u00e9s Regionales asociados a la gesti\u00f3n descentralizada del ordenamiento territorial y protecci\u00f3n ambiental.<\/p>\n<p style=\"text-align: justify;\">\u00abUn segundo punto tiene que ver con la flexibilidad presupuestaria, lo hemos dicho muchas veces, los territorios no necesitamos tutelaje, hoy d\u00eda hay capacidades suficientes instaladas y adem\u00e1s de ello el reconocimiento de la propia ciudadan\u00eda de escoger de manera libre, soberana y democr\u00e1tica a nuestras m\u00e1ximas autoridades regionales, por lo tanto que se requiere mayor libertad para que los jefes superiores de servicio puedan efectivamente organizar los presupuestos de las regiones. Nadie mejor que nosotros sabe y entiende cu\u00e1les son las necesidades que tienen los distintos Gobiernos Regionales\u00bb, prosigui\u00f3 la Gobernadora de Ays\u00e9n.<\/p>\n<p style=\"text-align: justify;\">En la misma l\u00ednea, en un plano de mayor plazo, las autoridades acordaron proponer autonom\u00eda presupuestaria y una Ley de Rentas Regionales, esto \u00faltimo en el marco de la nueva constituci\u00f3n pol\u00edtica que definir\u00e1 a Chile como \u00abun Estado descentralizado\u00bb. Por \u00faltimo, se trabaj\u00f3 tambi\u00e9n medidas de cara m\u00e1s administrativas que tienen relaci\u00f3n con comisiones de trabajo permanente, coordinaci\u00f3n con Ministros de Estado, articulaci\u00f3n y cooperaci\u00f3n.<\/p>\n<p style=\"text-align: justify;\">Al finalizar la reuni\u00f3n, el Presidente Electo Gabriel Boric afirm\u00f3 que una de las trancas para el desarrollo integral del pa\u00eds es el excesivo centralismo que se aplica, no solo a nivel nacional, sino tambi\u00e9n a las mismas regiones. \u00abHe visto en los Gobernadores y Gobernadoras regionales un compromiso para avanzar en la descentralizaci\u00f3n. Revisamos un n\u00famero de propuestas que nos han hecho, tanto administrativas como legales, vamos a trabajar en conjunto una vez designemos a nuestros colaboradores y colaboradoras. Vamos a poder armar las mesas de trabajo, nos hemos comprometido, adem\u00e1s, a tener una reuni\u00f3n semestral presencial que de seguro va a ser en las distintas regiones, vamos a ir rotando y creo que estamos en sinton\u00eda y esto es una muy buena noticia porque con los 16 Gobernadores y Gobernadoras, vamos a trabajar en conjunto\u00bb, indico el futuro Mandatario.<\/p>\n<p style=\"text-align: justify;\">La Asociaci\u00f3n de Gobernadores y Gobernadoras qued\u00f3 compuesta, por Patricio Vallesp\u00edn de la regi\u00f3n de Los Lagos como Presidente, nuestra Gobernadora Regional Andrea Mac\u00edas como vicepresidenta, Luciano Rivas, de La Araucan\u00eda, como tesorero y Rodrigo D\u00edaz, del B\u00edo B\u00edo, como secretario de la directiva.<\/p>\n<\/div><\/section><\/div><\/p>\n<div  style='height:50px' class='hr hr-invisible   avia-builder-el-6  el_after_av_one_full  el_before_av_social_share '><span class='hr-inner ' ><span class='hr-inner-style'><\/span><\/span><\/div>\n<div  class='av-social-sharing-box  avia-builder-el-7  el_after_av_hr  el_before_av_hr  '><div class='av-share-box'><h5 class='av-share-link-description av-no-toc '>Compartir esta noticia<\/h5><ul class='av-share-box-list noLightbox'><li class='av-share-link av-social-link-facebook' ><a target=\"_blank\" aria-label=\"Compartir en Facebook\" href='https:\/\/www.facebook.com\/sharer.php?u=https:\/\/radiorevelacionfm.cl\/?p=12859&#038;t=Asociaci%C3%B3n%20de%20Gobernadores%2Fas%20entrega%20agenda%20de%20descentralizaci%C3%B3n%20al%20Presidente%20Electo%20Gabriel%20Boric' aria-hidden='false' data-av_icon='\ue8f3' data-av_iconfont='entypo-fontello' title='' data-avia-related-tooltip='Compartir en Facebook' rel=\"noopener\"><span class='avia_hidden_link_text'>Compartir en Facebook<\/span><\/a><\/li><li class='av-share-link av-social-link-twitter' ><a target=\"_blank\" aria-label=\"Compartir en Twitter\" href='https:\/\/twitter.com\/share?text=Asociaci%C3%B3n%20de%20Gobernadores%2Fas%20entrega%20agenda%20de%20descentralizaci%C3%B3n%20al%20Presidente%20Electo%20Gabriel%20Boric&#038;url=https:\/\/radiorevelacionfm.cl\/?p=12859' aria-hidden='false' data-av_icon='\ue8f1' data-av_iconfont='entypo-fontello' title='' data-avia-related-tooltip='Compartir en Twitter' rel=\"noopener\"><span class='avia_hidden_link_text'>Compartir en Twitter<\/span><\/a><\/li><li class='av-share-link av-social-link-whatsapp' ><a target=\"_blank\" aria-label=\"Compartir en Whatsapp\" href='https:\/\/api.whatsapp.com\/send?text=https:\/\/radiorevelacionfm.cl\/?p=12859' aria-hidden='false' data-av_icon='\uf232' data-av_iconfont='entypo-fontello' title='' data-avia-related-tooltip='Compartir en Whatsapp' rel=\"noopener\"><span class='avia_hidden_link_text'>Compartir en Whatsapp<\/span><\/a><\/li><li class='av-share-link av-social-link-linkedin' ><a target=\"_blank\" aria-label=\"Compartir en LinkedIn\" href='https:\/\/linkedin.com\/shareArticle?mini=true&#038;title=Asociaci%C3%B3n%20de%20Gobernadores%2Fas%20entrega%20agenda%20de%20descentralizaci%C3%B3n%20al%20Presidente%20Electo%20Gabriel%20Boric&#038;url=https:\/\/radiorevelacionfm.cl\/?p=12859' aria-hidden='false' data-av_icon='\ue8fc' data-av_iconfont='entypo-fontello' title='' data-avia-related-tooltip='Compartir en LinkedIn' rel=\"noopener\"><span class='avia_hidden_link_text'>Compartir en LinkedIn<\/span><\/a><\/li><li class='av-share-link av-social-link-mail' ><a  aria-label=\"Compartir por correo\" href='mailto:?subject=Asociaci%C3%B3n%20de%20Gobernadores%2Fas%20entrega%20agenda%20de%20descentralizaci%C3%B3n%20al%20Presidente%20Electo%20Gabriel%20Boric&#038;body=https:\/\/radiorevelacionfm.cl\/?p=12859' aria-hidden='false' data-av_icon='\ue805' data-av_iconfont='entypo-fontello' title='' data-avia-related-tooltip='Compartir por correo'><span class='avia_hidden_link_text'>Compartir por correo<\/span><\/a><\/li><\/ul><\/div><\/div>\n<div  style='height:50px' class='hr hr-invisible   avia-builder-el-8  el_after_av_social_share  el_before_av_comments_list '><span class='hr-inner ' ><span class='hr-inner-style'><\/span><\/span><\/div>\n<div  class='av-buildercomment  av-blog-meta-html-info-disabled av-blog-meta-tag-disabled  '><\/div>\n","protected":false},"excerpt":{"rendered":"","protected":false},"author":1,"featured_media":12860,"comment_status":"open","ping_status":"open","sticky":false,"template":"","format":"standard","meta":{"footnotes":""},"categories":[35],"tags":[],"class_list":["post-12859","post","type-post","status-publish","format-standard","has-post-thumbnail","hentry","category-politica"],"jetpack_featured_media_url":"https:\/\/radiorevelacionfm.cl\/wp-content\/uploads\/2022\/01\/foto-1-asociacion-1_optimized.jpeg","_links":{"self":[{"href":"https:\/\/radiorevelacionfm.cl\/index.php?rest_route=\/wp\/v2\/posts\/12859","targetHints":{"allow":["GET"]}}],"collection":[{"href":"https:\/\/radiorevelacionfm.cl\/index.php?rest_route=\/wp\/v2\/posts"}],"about":[{"href":"https:\/\/radiorevelacionfm.cl\/index.php?rest_route=\/wp\/v2\/types\/post"}],"author":[{"embeddable":true,"href":"https:\/\/radiorevelacionfm.cl\/index.php?rest_route=\/wp\/v2\/users\/1"}],"replies":[{"embeddable":true,"href":"https:\/\/radiorevelacionfm.cl\/index.php?rest_route=%2Fwp%2Fv2%2Fcomments&post=12859"}],"version-history":[{"count":3,"href":"https:\/\/radiorevelacionfm.cl\/index.php?rest_route=\/wp\/v2\/posts\/12859\/revisions"}],"predecessor-version":[{"id":12864,"href":"https:\/\/radiorevelacionfm.cl\/index.php?rest_route=\/wp\/v2\/posts\/12859\/revisions\/12864"}],"wp:featuredmedia":[{"embeddable":true,"href":"https:\/\/radiorevelacionfm.cl\/index.php?rest_route=\/wp\/v2\/media\/12860"}],"wp:attachment":[{"href":"https:\/\/radiorevelacionfm.cl\/index.php?rest_route=%2Fwp%2Fv2%2Fmedia&parent=12859"}],"wp:term":[{"taxonomy":"category","embeddable":true,"href":"https:\/\/radiorevelacionfm.cl\/index.php?rest_route=%2Fwp%2Fv2%2Fcategories&post=12859"},{"taxonomy":"post_tag","embeddable":true,"href":"https:\/\/radiorevelacionfm.cl\/index.php?rest_route=%2Fwp%2Fv2%2Ftags&post=12859"}],"curies":[{"name":"wp","href":"https:\/\/api.w.org\/{rel}","templated":true}]}}