{"id":12847,"date":"2022-01-14T19:14:31","date_gmt":"2022-01-14T22:14:31","guid":{"rendered":"https:\/\/radiorevelacionfm.cl\/?p=12847"},"modified":"2022-01-14T19:14:31","modified_gmt":"2022-01-14T22:14:31","slug":"zona-norte-de-la-region-cuenta-con-la-1era-oficina-de-atencion-a-victimas-de-violencia-intrafamiliar-en-puerto-cisnes","status":"publish","type":"post","link":"https:\/\/radiorevelacionfm.cl\/?p=12847","title":{"rendered":"Zona norte de la regi\u00f3n cuenta con la 1era oficina de atenci\u00f3n a v\u00edctimas de violencia intrafamiliar en Puerto Cisnes"},"content":{"rendered":"<div class=\"flex_column av_one_full  flex_column_div av-zero-column-padding first  avia-builder-el-0  el_before_av_one_full  avia-builder-el-first  \" style='border-radius:0px; '><div  class='avia-image-container  av-styling-    avia-builder-el-1  avia-builder-el-no-sibling  avia-align-center '  itemprop=\"image\" itemscope=\"itemscope\" itemtype=\"https:\/\/schema.org\/ImageObject\"  ><div class='avia-image-container-inner'><div class='avia-image-overlay-wrap'><img decoding=\"async\" class='wp-image-12848 avia-img-lazy-loading-not-12848 avia_image' src=\"https:\/\/radiorevelacionfm.cl\/wp-content\/uploads\/2022\/01\/PUERTO-CISNES-1-1-1.jpg\" alt='' title='PUERTO CISNES (1) (1) (1)' height=\"600\" width=\"818\"  itemprop=\"thumbnailUrl\" srcset=\"https:\/\/radiorevelacionfm.cl\/wp-content\/uploads\/2022\/01\/PUERTO-CISNES-1-1-1.jpg 818w, https:\/\/radiorevelacionfm.cl\/wp-content\/uploads\/2022\/01\/PUERTO-CISNES-1-1-1-300x220.jpg 300w, https:\/\/radiorevelacionfm.cl\/wp-content\/uploads\/2022\/01\/PUERTO-CISNES-1-1-1-768x563.jpg 768w, https:\/\/radiorevelacionfm.cl\/wp-content\/uploads\/2022\/01\/PUERTO-CISNES-1-1-1-705x517.jpg 705w, https:\/\/radiorevelacionfm.cl\/wp-content\/uploads\/2022\/01\/PUERTO-CISNES-1-1-1-600x440.jpg 600w\" sizes=\"(max-width: 818px) 100vw, 818px\" \/><\/div><\/div><\/div><\/div><div class=\"flex_column av_one_full  flex_column_div av-zero-column-padding first  avia-builder-el-2  el_after_av_one_full  el_before_av_one_full  column-top-margin\" style='border-radius:0px; '><section class=\"av_textblock_section \"  itemscope=\"itemscope\" itemtype=\"https:\/\/schema.org\/BlogPosting\" itemprop=\"blogPost\" ><div class='avia_textblock  '   itemprop=\"text\" ><p style=\"text-align: center;\"><span style=\"font-size: 18pt;\"><strong>Zona norte de la regi\u00f3n cuenta con la 1era oficina de atenci\u00f3n a v\u00edctimas de violencia intrafamiliar en Puerto Cisnes<\/strong><\/span><\/p>\n<div id=\"gtx-trans\" style=\"position: absolute; left: -50px; top: 4.31534px;\">\n<div class=\"gtx-trans-icon\"><\/div>\n<\/div>\n<\/div><\/section><\/div><div class=\"flex_column av_one_full  flex_column_div av-zero-column-padding first  avia-builder-el-4  el_after_av_one_full  el_before_av_hr  column-top-margin\" style='border-radius:0px; '><section class=\"av_textblock_section \"  itemscope=\"itemscope\" itemtype=\"https:\/\/schema.org\/BlogPosting\" itemprop=\"blogPost\" ><div class='avia_textblock  '   itemprop=\"text\" ><p style=\"text-align: justify;\">Durante el mes de enero, y como un hecho territorial relevante, Carabineros de la Regi\u00f3n de Ays\u00e9n determin\u00f3 la instalaci\u00f3n de la primera oficina de violencia intrafamiliar de la zona norte en la comuna de Cisnes. Este hecho, que viene a atender una situaci\u00f3n que se hab\u00eda visibilizado desde la Secretar\u00eda Regional Ministerial de la Mujer y la Equidad de G\u00e9nero desde hace un tiempo, permite a trav\u00e9s de la instituci\u00f3n, atender de manera \u00e1gil y especializada a v\u00edctimas de estos delitos.<\/p>\n<p style=\"text-align: justify;\">Al respecto la Seremi de la cartera B\u00e1rbara Ort\u00fazar valor\u00f3 la determinaci\u00f3n del alto mando de esta instituci\u00f3n \u201cSabemos que para terminar con la violencia contra la mujer estamos todas y todos llamados a involucrarnos, por lo que el trabajo intersectorial es fundamental. Ejemplo de esto, ha sido la excelente disposici\u00f3n que ha tenido Carabineros, quienes en un esfuerzo importante accedieron a la solicitud que hicimos desde esta Secretar\u00eda Regional Ministerial para poder contar con una funcionaria con dedicaci\u00f3n exclusiva en tem\u00e1tica mujer en la Subcomisar\u00eda de Puerto Cisnes, y mediante esta designaci\u00f3n, implementar como un hecho in\u00e9dito en la comuna de Cisnes, la primera Oficina de atenci\u00f3n de violencia intrafamiliar\u201d.<\/p>\n<p style=\"text-align: justify;\">La instalaci\u00f3n se hizo posible gracias a la alianza realizada con Carabineros, quienes, desde hace unos meses, en un esfuerzo institucional, designaron a la Sargento 2do Paredes, \u00fanica mujer en la Subcomisaria de Cisnes, a la dedicaci\u00f3n a tiempo completo para estas tem\u00e1ticas. Sumando a este esfuerzo, est\u00e1 la implementaci\u00f3n adem\u00e1s de un espacio f\u00edsico exclusivo lo que se observa como un salto cualitativo para la atenci\u00f3n, promoci\u00f3n y prevenci\u00f3n de las violencias en la zona norte.<\/p>\n<p style=\"text-align: justify;\">Al respecto Diego Ortiz Villaroel, Teniente de Carabineros, Subcomisario de la Subcomisaria de Puerto Cisnes, dependiente de la prefectura de carabineros Ays\u00e9n se\u00f1al\u00f3: A contar de este a\u00f1o, contaremos en la Subcomisaria de carabineros de Puerto Cisnes con una oficina dedicada exclusivamente al tema relacionado con la violencia intrafamiliar y equidad de g\u00e9nero. Esto nos ha permitido darle m\u00e1s realce y, una atenci\u00f3n completamente prioritaria a aquellas v\u00edctimas de violencia intrafamiliar que muchas veces en sectores tan apartados como estos, no es tan singular. De esta forma y, gracias al apoyo de la Seremi de la Mujer y la Equidad de G\u00e9nero de nuestra regi\u00f3n, nos ha permitido avanzar en este punto y poder abarcar lugares mucho m\u00e1s apartados como lo son la comuna de Lago Verde, Cisnes y Guaitecas, donde, hemos podido abarcar y contener informaci\u00f3n completamente\u00a0 relevante y que nos va permitir ir realizando visitas dentro de estos sectores donde tenemos los cuarteles policiales y se concentra la mayor cantidad de personas o p\u00fablico en general, con la finalidad de poder hacer una\u00a0 difusi\u00f3n, educar, o dar informaci\u00f3n completamente relevante en cuanto a la seguridad que debe sentir una v\u00edctima de violencia intrafamiliar ante el hecho de una denuncia. Es s\u00faper importante que nos acerquemos todos a carabineros o a los estamentos p\u00fablicos que nos permiten poner a disposici\u00f3n del ministerio p\u00fablico hechos de car\u00e1cter que revisten delitos en estas circunstancias. Tengo la Certeza que la Sargento Danitza Paredes Mar\u00edn va a realizar durante esta labor un excelente trabajo, cuenta con todo el apoyo de este mando y de nuestra Seremi de la Mujer y Equidad de G\u00e9nero\u201d.<\/p>\n<p style=\"text-align: justify;\">El objetivo de esta Oficina es acoger las denuncias de violencia Intrafamiliar (V.I.F) lo cual implica atender las violencias a mujeres, ni\u00f1os, ni\u00f1as y adolescentes, adultos\/as mayores y hombres.<\/p>\n<p style=\"text-align: justify;\">\u201cLa primera acogida es fundamental, dado que vivir una situaci\u00f3n de violencia, es algo que se debe atender, no s\u00f3lo de manera oportuna, sino que tambi\u00e9n con el criterio y las condiciones que permitan a las v\u00edctimas sentirse protegidas y apoyadas. Es por esto, que contar con un espacio en el cual se atiendan de manera pertinente estas situaciones y adem\u00e1s, con una funcionaria altamente capacitada es fundamental. Por ello, agradezco profundamente el apoyo de Carabineros de Chile, con su representante regional, el General Hugo Zenteno, quien ha mostrado una permanente disposici\u00f3n para avanzar en estas tem\u00e1ticas, mejorando tiempos de respuesta y entregando las facilidades que permitan a las v\u00edctimas contar con mejores condiciones de atenci\u00f3n, as\u00ed como a la comunidad tener actividades de prevenci\u00f3n permanentemente, lo cual es clave para avanzar en el cambio cultural que tanto necesitamos para terminar con la violencia\u201d<\/p>\n<p style=\"text-align: justify;\">Para m\u00e1s informaci\u00f3n y atenci\u00f3n a las personas podr\u00e1 acercarse a la Oficina ubicada en la Subcomisaria de Puerto Cisnes ubicada en Gabriela Mistral #730 desde las 08:00 a las 18:00 de lunes a domingo o llamar al tel\u00e9fono 67 256 72 05.<\/p>\n<\/div><\/section><\/div><div  style='height:50px' class='hr hr-invisible   avia-builder-el-6  el_after_av_one_full  el_before_av_social_share '><span class='hr-inner ' ><span class='hr-inner-style'><\/span><\/span><\/div><\/p>\n<div  class='av-social-sharing-box  avia-builder-el-7  el_after_av_hr  el_before_av_hr  '><div class='av-share-box'><h5 class='av-share-link-description av-no-toc '>Compartir esta noticia<\/h5><ul class='av-share-box-list noLightbox'><li class='av-share-link av-social-link-facebook' ><a target=\"_blank\" aria-label=\"Compartir en Facebook\" href='https:\/\/www.facebook.com\/sharer.php?u=https:\/\/radiorevelacionfm.cl\/?p=12847&#038;t=Zona%20norte%20de%20la%20regi%C3%B3n%20cuenta%20con%20la%201era%20oficina%20de%20atenci%C3%B3n%20a%20v%C3%ADctimas%20de%20violencia%20intrafamiliar%20en%20Puerto%20Cisnes' aria-hidden='false' data-av_icon='\ue8f3' data-av_iconfont='entypo-fontello' title='' data-avia-related-tooltip='Compartir en Facebook' rel=\"noopener\"><span class='avia_hidden_link_text'>Compartir en Facebook<\/span><\/a><\/li><li class='av-share-link av-social-link-twitter' ><a target=\"_blank\" aria-label=\"Compartir en Twitter\" href='https:\/\/twitter.com\/share?text=Zona%20norte%20de%20la%20regi%C3%B3n%20cuenta%20con%20la%201era%20oficina%20de%20atenci%C3%B3n%20a%20v%C3%ADctimas%20de%20violencia%20intrafamiliar%20en%20Puerto%20Cisnes&#038;url=https:\/\/radiorevelacionfm.cl\/?p=12847' aria-hidden='false' data-av_icon='\ue8f1' data-av_iconfont='entypo-fontello' title='' data-avia-related-tooltip='Compartir en Twitter' rel=\"noopener\"><span class='avia_hidden_link_text'>Compartir en Twitter<\/span><\/a><\/li><li class='av-share-link av-social-link-whatsapp' ><a target=\"_blank\" aria-label=\"Compartir en Whatsapp\" href='https:\/\/api.whatsapp.com\/send?text=https:\/\/radiorevelacionfm.cl\/?p=12847' aria-hidden='false' data-av_icon='\uf232' data-av_iconfont='entypo-fontello' title='' data-avia-related-tooltip='Compartir en Whatsapp' rel=\"noopener\"><span class='avia_hidden_link_text'>Compartir en Whatsapp<\/span><\/a><\/li><li class='av-share-link av-social-link-linkedin' ><a target=\"_blank\" aria-label=\"Compartir en LinkedIn\" href='https:\/\/linkedin.com\/shareArticle?mini=true&#038;title=Zona%20norte%20de%20la%20regi%C3%B3n%20cuenta%20con%20la%201era%20oficina%20de%20atenci%C3%B3n%20a%20v%C3%ADctimas%20de%20violencia%20intrafamiliar%20en%20Puerto%20Cisnes&#038;url=https:\/\/radiorevelacionfm.cl\/?p=12847' aria-hidden='false' data-av_icon='\ue8fc' data-av_iconfont='entypo-fontello' title='' data-avia-related-tooltip='Compartir en LinkedIn' rel=\"noopener\"><span class='avia_hidden_link_text'>Compartir en LinkedIn<\/span><\/a><\/li><li class='av-share-link av-social-link-mail' ><a  aria-label=\"Compartir por correo\" href='mailto:?subject=Zona%20norte%20de%20la%20regi%C3%B3n%20cuenta%20con%20la%201era%20oficina%20de%20atenci%C3%B3n%20a%20v%C3%ADctimas%20de%20violencia%20intrafamiliar%20en%20Puerto%20Cisnes&#038;body=https:\/\/radiorevelacionfm.cl\/?p=12847' aria-hidden='false' data-av_icon='\ue805' data-av_iconfont='entypo-fontello' title='' data-avia-related-tooltip='Compartir por correo'><span class='avia_hidden_link_text'>Compartir por correo<\/span><\/a><\/li><\/ul><\/div><\/div>\n<div  style='height:50px' class='hr hr-invisible   avia-builder-el-8  el_after_av_social_share  el_before_av_comments_list '><span class='hr-inner ' ><span class='hr-inner-style'><\/span><\/span><\/div>\n<div  class='av-buildercomment  av-blog-meta-html-info-disabled av-blog-meta-tag-disabled  '><\/div>\n","protected":false},"excerpt":{"rendered":"","protected":false},"author":1,"featured_media":12848,"comment_status":"open","ping_status":"open","sticky":false,"template":"","format":"standard","meta":{"footnotes":""},"categories":[38],"tags":[],"class_list":["post-12847","post","type-post","status-publish","format-standard","has-post-thumbnail","hentry","category-regional"],"jetpack_featured_media_url":"https:\/\/radiorevelacionfm.cl\/wp-content\/uploads\/2022\/01\/PUERTO-CISNES-1-1-1.jpg","_links":{"self":[{"href":"https:\/\/radiorevelacionfm.cl\/index.php?rest_route=\/wp\/v2\/posts\/12847","targetHints":{"allow":["GET"]}}],"collection":[{"href":"https:\/\/radiorevelacionfm.cl\/index.php?rest_route=\/wp\/v2\/posts"}],"about":[{"href":"https:\/\/radiorevelacionfm.cl\/index.php?rest_route=\/wp\/v2\/types\/post"}],"author":[{"embeddable":true,"href":"https:\/\/radiorevelacionfm.cl\/index.php?rest_route=\/wp\/v2\/users\/1"}],"replies":[{"embeddable":true,"href":"https:\/\/radiorevelacionfm.cl\/index.php?rest_route=%2Fwp%2Fv2%2Fcomments&post=12847"}],"version-history":[{"count":2,"href":"https:\/\/radiorevelacionfm.cl\/index.php?rest_route=\/wp\/v2\/posts\/12847\/revisions"}],"predecessor-version":[{"id":12850,"href":"https:\/\/radiorevelacionfm.cl\/index.php?rest_route=\/wp\/v2\/posts\/12847\/revisions\/12850"}],"wp:featuredmedia":[{"embeddable":true,"href":"https:\/\/radiorevelacionfm.cl\/index.php?rest_route=\/wp\/v2\/media\/12848"}],"wp:attachment":[{"href":"https:\/\/radiorevelacionfm.cl\/index.php?rest_route=%2Fwp%2Fv2%2Fmedia&parent=12847"}],"wp:term":[{"taxonomy":"category","embeddable":true,"href":"https:\/\/radiorevelacionfm.cl\/index.php?rest_route=%2Fwp%2Fv2%2Fcategories&post=12847"},{"taxonomy":"post_tag","embeddable":true,"href":"https:\/\/radiorevelacionfm.cl\/index.php?rest_route=%2Fwp%2Fv2%2Ftags&post=12847"}],"curies":[{"name":"wp","href":"https:\/\/api.w.org\/{rel}","templated":true}]}}