{"id":12843,"date":"2022-01-14T18:52:32","date_gmt":"2022-01-14T21:52:32","guid":{"rendered":"https:\/\/radiorevelacionfm.cl\/?p=12843"},"modified":"2022-01-14T18:52:32","modified_gmt":"2022-01-14T21:52:32","slug":"fosis-certifico-a-emprendedores-as-de-la-comuna-de-aysen","status":"publish","type":"post","link":"https:\/\/radiorevelacionfm.cl\/?p=12843","title":{"rendered":"FOSIS certific\u00f3 a emprendedores\/as de la comuna de Ays\u00e9n"},"content":{"rendered":"<div class=\"flex_column av_one_full  flex_column_div av-zero-column-padding first  avia-builder-el-0  el_before_av_one_full  avia-builder-el-first  \" style='border-radius:0px; '><div  class='avia-image-container  av-styling-    avia-builder-el-1  avia-builder-el-no-sibling  avia-align-center '  itemprop=\"image\" itemscope=\"itemscope\" itemtype=\"https:\/\/schema.org\/ImageObject\"  ><div class='avia-image-container-inner'><div class='avia-image-overlay-wrap'><img decoding=\"async\" class='wp-image-12844 avia-img-lazy-loading-not-12844 avia_image' src=\"https:\/\/radiorevelacionfm.cl\/wp-content\/uploads\/2022\/01\/a1-1_optimized.jpeg\" alt='' title='a1-(1)_optimized' height=\"600\" width=\"1067\"  itemprop=\"thumbnailUrl\" srcset=\"https:\/\/radiorevelacionfm.cl\/wp-content\/uploads\/2022\/01\/a1-1_optimized.jpeg 1067w, https:\/\/radiorevelacionfm.cl\/wp-content\/uploads\/2022\/01\/a1-1_optimized-300x169.jpeg 300w, https:\/\/radiorevelacionfm.cl\/wp-content\/uploads\/2022\/01\/a1-1_optimized-1030x579.jpeg 1030w, https:\/\/radiorevelacionfm.cl\/wp-content\/uploads\/2022\/01\/a1-1_optimized-768x432.jpeg 768w, https:\/\/radiorevelacionfm.cl\/wp-content\/uploads\/2022\/01\/a1-1_optimized-705x396.jpeg 705w, https:\/\/radiorevelacionfm.cl\/wp-content\/uploads\/2022\/01\/a1-1_optimized-600x337.jpeg 600w\" sizes=\"(max-width: 1067px) 100vw, 1067px\" \/><\/div><\/div><\/div><\/div><div class=\"flex_column av_one_full  flex_column_div av-zero-column-padding first  avia-builder-el-2  el_after_av_one_full  el_before_av_one_full  column-top-margin\" style='border-radius:0px; '><section class=\"av_textblock_section \"  itemscope=\"itemscope\" itemtype=\"https:\/\/schema.org\/BlogPosting\" itemprop=\"blogPost\" ><div class='avia_textblock  '   itemprop=\"text\" ><p style=\"text-align: center;\"><span style=\"font-size: 18pt;\"><strong>FOSIS certific\u00f3 a emprendedores\/as de la comuna de Ays\u00e9n\u00a0<\/strong><\/span><\/p>\n<\/div><\/section><\/div><div class=\"flex_column av_one_full  flex_column_div av-zero-column-padding first  avia-builder-el-4  el_after_av_one_full  el_before_av_hr  column-top-margin\" style='border-radius:0px; '><section class=\"av_textblock_section \"  itemscope=\"itemscope\" itemtype=\"https:\/\/schema.org\/BlogPosting\" itemprop=\"blogPost\" ><div class='avia_textblock  '   itemprop=\"text\" ><p style=\"text-align: justify;\">De manera presencial se han llevado a cabo las ceremonias de cierre y certificaci\u00f3n de los distintos programas Yo Emprendo que han sido ejecutados por el Fondo de Solidaridad e Inversi\u00f3n Social, FOSIS, con apoyo de la Consultora Imagina Ays\u00e9n en la comuna de Ays\u00e9n.<\/p>\n<p style=\"text-align: justify;\">Los y las participantes de Villa Ma\u00f1ihuales, Puerto Ays\u00e9n y Puerto Chacabuco finalizaron exitosamente esta instancia formativa orientada a personas con caracter\u00edsticas emprendedoras, que tienen una idea de negocio o desarrollan una actividad econ\u00f3mica incipiente, en distintos niveles, por lo que requieren apoyo para potenciar sus iniciativas.<\/p>\n<p style=\"text-align: justify;\">Gracias a las distintas etapas contempladas por el programa Yo Emprendo, las usuarias y usuarios recibieron capacitaci\u00f3n y asesor\u00eda t\u00e9cnica de manera remota mediante sesiones realizadas en plataformas digitales y llamados; junto con el financiamiento de un plan de negocios, lo que les permiti\u00f3 adquirir herramientas, maquinaria o insumos para mejorar la productividad de sus emprendimientos.<\/p>\n<p style=\"text-align: justify;\">El Seremi de Desarrollo Social y Familia, Marcelo J\u00e9lvez, destac\u00f3 que \u201chemos certificado a 3 grandes grupos de personas emprendedoras que en tiempos de pandemia se supieron reinventar. Aqu\u00ed hay que destacar el gran esfuerzo que hizo FOSIS a trav\u00e9s de las consultoras para que estas personas pudieran recibir la capacitaci\u00f3n en tiempos de pandemia y lograr lo que los negocios, ideas de negocios y emprendimientos que cada uno decidi\u00f3 iniciar se cumplan. Escuchamos testimonios s\u00faper importantes de beneficiarios que est\u00e1n agradecidos, que se sienten capacitados y que ya tienen claro su p\u00fablico objetivo. Muchos de ellos van a comercializar sus productos en la comuna de Ays\u00e9n y eso nos llena de orgullo como Ministerio porque los objetivos que FOSIS se puso en la pandemia se est\u00e1n cumpliendo\u201d.<\/p>\n<p style=\"text-align: justify;\">Adriana Asprilla tiene un centro de spa integral en Puerto Ays\u00e9n y valor\u00f3 positivamente la intervenci\u00f3n del FOSIS en su emprendimiento. \u201cMi experiencia en este programa ha sido excelente porque tenemos muy buenos l\u00edderes, mucho apoyo emocional, siempre est\u00e1n pendientes de ti, te llaman y no te dejan rendirte. Es una gran oportunidad para nosotras las mujeres que somos jefas de hogar, para poder desarrollarnos m\u00e1s como mujeres e iniciar nuestros propios proyectos. Me sirvi\u00f3 mucho este programa ya que ten\u00eda desconocimiento de muchos m\u00e9todos de c\u00f3mo manejar un negocio y tambi\u00e9n me ayud\u00f3 a desarrollarme en la parte laboral, ya que por medio de FOSIS nos dieron las herramientas e insumos para poder iniciar mi trabajo y darme a conocer ante mis clientes. Gracias a este programa compr\u00e9 insumos, una m\u00e1quina y pude hacer mi iniciaci\u00f3n de actividades\u201d.<\/p>\n<p style=\"text-align: justify;\">La emprendedora de Villa Ma\u00f1ihuales, Francia Sep\u00falveda, en el contexto de la ceremonia de certificaci\u00f3n del programa Yo Emprendo asegur\u00f3 que \u201crealmente este momento es muy emocionante, el a\u00f1o pasado no lo pudimos hacer por el tema de la pandemia. Lo que FOSIS nos ofrece es algo que las personas no se han dado cuenta, nos est\u00e1n entregando, solamente con que nos sentemos frente a nuestro computador para conversar, charlas y aprender. Para mi FOSIS ha sido una ayuda, una bendici\u00f3n de dios, todo lo que hemos logrado con mi esposo. Llevamos 2 a\u00f1os con nuestro negocio Mini Mercado Francis, donde vendemos todos los productos de limpieza que busque la gente de nuestra Villa. Gracias a FOSIS yo el a\u00f1o pasado postul\u00e9 para una vitrina y una escalera, ahora nos lleg\u00f3 para habilitar el punto de venta\u201d.<\/p>\n<p style=\"text-align: justify;\">Gracias a las distintas modalidades del programa Yo Emprendo se ha podido entregar apoyo a familias que son parte del Subsistema de Seguridades y Oportunidades, adultos mayores y emprendedoras o emprendedores de la comuna de Ays\u00e9n que buscan iniciar o desarrollar emprendimientos en distintos niveles de avance.<\/p>\n<\/div><\/section><\/div><div  style='height:50px' class='hr hr-invisible   avia-builder-el-6  el_after_av_one_full  el_before_av_social_share '><span class='hr-inner ' ><span class='hr-inner-style'><\/span><\/span><\/div><\/p>\n<div  class='av-social-sharing-box  avia-builder-el-7  el_after_av_hr  el_before_av_hr  '><div class='av-share-box'><h5 class='av-share-link-description av-no-toc '>Compartir esta noticia<\/h5><ul class='av-share-box-list noLightbox'><li class='av-share-link av-social-link-facebook' ><a target=\"_blank\" aria-label=\"Compartir en Facebook\" href='https:\/\/www.facebook.com\/sharer.php?u=https:\/\/radiorevelacionfm.cl\/?p=12843&#038;t=FOSIS%20certific%C3%B3%20a%20emprendedores%2Fas%20de%20la%20comuna%20de%20Ays%C3%A9n' aria-hidden='false' data-av_icon='\ue8f3' data-av_iconfont='entypo-fontello' title='' data-avia-related-tooltip='Compartir en Facebook' rel=\"noopener\"><span class='avia_hidden_link_text'>Compartir en Facebook<\/span><\/a><\/li><li class='av-share-link av-social-link-twitter' ><a target=\"_blank\" aria-label=\"Compartir en Twitter\" href='https:\/\/twitter.com\/share?text=FOSIS%20certific%C3%B3%20a%20emprendedores%2Fas%20de%20la%20comuna%20de%20Ays%C3%A9n&#038;url=https:\/\/radiorevelacionfm.cl\/?p=12843' aria-hidden='false' data-av_icon='\ue8f1' data-av_iconfont='entypo-fontello' title='' data-avia-related-tooltip='Compartir en Twitter' rel=\"noopener\"><span class='avia_hidden_link_text'>Compartir en Twitter<\/span><\/a><\/li><li class='av-share-link av-social-link-whatsapp' ><a target=\"_blank\" aria-label=\"Compartir en Whatsapp\" href='https:\/\/api.whatsapp.com\/send?text=https:\/\/radiorevelacionfm.cl\/?p=12843' aria-hidden='false' data-av_icon='\uf232' data-av_iconfont='entypo-fontello' title='' data-avia-related-tooltip='Compartir en Whatsapp' rel=\"noopener\"><span class='avia_hidden_link_text'>Compartir en Whatsapp<\/span><\/a><\/li><li class='av-share-link av-social-link-linkedin' ><a target=\"_blank\" aria-label=\"Compartir en LinkedIn\" href='https:\/\/linkedin.com\/shareArticle?mini=true&#038;title=FOSIS%20certific%C3%B3%20a%20emprendedores%2Fas%20de%20la%20comuna%20de%20Ays%C3%A9n&#038;url=https:\/\/radiorevelacionfm.cl\/?p=12843' aria-hidden='false' data-av_icon='\ue8fc' data-av_iconfont='entypo-fontello' title='' data-avia-related-tooltip='Compartir en LinkedIn' rel=\"noopener\"><span class='avia_hidden_link_text'>Compartir en LinkedIn<\/span><\/a><\/li><li class='av-share-link av-social-link-mail' ><a  aria-label=\"Compartir por correo\" href='mailto:?subject=FOSIS%20certific%C3%B3%20a%20emprendedores%2Fas%20de%20la%20comuna%20de%20Ays%C3%A9n&#038;body=https:\/\/radiorevelacionfm.cl\/?p=12843' aria-hidden='false' data-av_icon='\ue805' data-av_iconfont='entypo-fontello' title='' data-avia-related-tooltip='Compartir por correo'><span class='avia_hidden_link_text'>Compartir por correo<\/span><\/a><\/li><\/ul><\/div><\/div>\n<div  style='height:50px' class='hr hr-invisible   avia-builder-el-8  el_after_av_social_share  el_before_av_comments_list '><span class='hr-inner ' ><span class='hr-inner-style'><\/span><\/span><\/div>\n<div  class='av-buildercomment  av-blog-meta-html-info-disabled av-blog-meta-tag-disabled  '><\/div>\n","protected":false},"excerpt":{"rendered":"","protected":false},"author":1,"featured_media":12844,"comment_status":"open","ping_status":"open","sticky":false,"template":"","format":"standard","meta":{"footnotes":""},"categories":[38],"tags":[],"class_list":["post-12843","post","type-post","status-publish","format-standard","has-post-thumbnail","hentry","category-regional"],"jetpack_featured_media_url":"https:\/\/radiorevelacionfm.cl\/wp-content\/uploads\/2022\/01\/a1-1_optimized.jpeg","_links":{"self":[{"href":"https:\/\/radiorevelacionfm.cl\/index.php?rest_route=\/wp\/v2\/posts\/12843","targetHints":{"allow":["GET"]}}],"collection":[{"href":"https:\/\/radiorevelacionfm.cl\/index.php?rest_route=\/wp\/v2\/posts"}],"about":[{"href":"https:\/\/radiorevelacionfm.cl\/index.php?rest_route=\/wp\/v2\/types\/post"}],"author":[{"embeddable":true,"href":"https:\/\/radiorevelacionfm.cl\/index.php?rest_route=\/wp\/v2\/users\/1"}],"replies":[{"embeddable":true,"href":"https:\/\/radiorevelacionfm.cl\/index.php?rest_route=%2Fwp%2Fv2%2Fcomments&post=12843"}],"version-history":[{"count":2,"href":"https:\/\/radiorevelacionfm.cl\/index.php?rest_route=\/wp\/v2\/posts\/12843\/revisions"}],"predecessor-version":[{"id":12846,"href":"https:\/\/radiorevelacionfm.cl\/index.php?rest_route=\/wp\/v2\/posts\/12843\/revisions\/12846"}],"wp:featuredmedia":[{"embeddable":true,"href":"https:\/\/radiorevelacionfm.cl\/index.php?rest_route=\/wp\/v2\/media\/12844"}],"wp:attachment":[{"href":"https:\/\/radiorevelacionfm.cl\/index.php?rest_route=%2Fwp%2Fv2%2Fmedia&parent=12843"}],"wp:term":[{"taxonomy":"category","embeddable":true,"href":"https:\/\/radiorevelacionfm.cl\/index.php?rest_route=%2Fwp%2Fv2%2Fcategories&post=12843"},{"taxonomy":"post_tag","embeddable":true,"href":"https:\/\/radiorevelacionfm.cl\/index.php?rest_route=%2Fwp%2Fv2%2Ftags&post=12843"}],"curies":[{"name":"wp","href":"https:\/\/api.w.org\/{rel}","templated":true}]}}