{"id":12839,"date":"2022-01-14T18:37:47","date_gmt":"2022-01-14T21:37:47","guid":{"rendered":"https:\/\/radiorevelacionfm.cl\/?p=12839"},"modified":"2022-01-14T18:37:47","modified_gmt":"2022-01-14T21:37:47","slug":"dan-inicio-a-la-participacion-ciudadana-del-proyecto-de-diseno-y-normalizacion-de-las-rutas-peatonales-del-hospital-de-coyhaique","status":"publish","type":"post","link":"https:\/\/radiorevelacionfm.cl\/?p=12839","title":{"rendered":"Dan inicio a la participaci\u00f3n ciudadana del proyecto de dise\u00f1o y normalizaci\u00f3n de las Rutas Peatonales del Hospital de Coyhaique"},"content":{"rendered":"<div class=\"flex_column av_one_full  flex_column_div av-zero-column-padding first  avia-builder-el-0  el_before_av_one_full  avia-builder-el-first  \" style='border-radius:0px; '><div  class='avia-image-container  av-styling-    avia-builder-el-1  avia-builder-el-no-sibling  avia-align-center '  itemprop=\"image\" itemscope=\"itemscope\" itemtype=\"https:\/\/schema.org\/ImageObject\"  ><div class='avia-image-container-inner'><div class='avia-image-overlay-wrap'><img decoding=\"async\" class='wp-image-12840 avia-img-lazy-loading-not-12840 avia_image' src=\"https:\/\/radiorevelacionfm.cl\/wp-content\/uploads\/2022\/01\/HRC-1-1.jpg\" alt='' title='HRC (1) (1)' height=\"600\" width=\"679\"  itemprop=\"thumbnailUrl\" srcset=\"https:\/\/radiorevelacionfm.cl\/wp-content\/uploads\/2022\/01\/HRC-1-1.jpg 679w, https:\/\/radiorevelacionfm.cl\/wp-content\/uploads\/2022\/01\/HRC-1-1-300x265.jpg 300w, https:\/\/radiorevelacionfm.cl\/wp-content\/uploads\/2022\/01\/HRC-1-1-600x530.jpg 600w\" sizes=\"(max-width: 679px) 100vw, 679px\" \/><\/div><\/div><\/div><\/div><div class=\"flex_column av_one_full  flex_column_div av-zero-column-padding first  avia-builder-el-2  el_after_av_one_full  el_before_av_one_full  column-top-margin\" style='border-radius:0px; '><section class=\"av_textblock_section \"  itemscope=\"itemscope\" itemtype=\"https:\/\/schema.org\/BlogPosting\" itemprop=\"blogPost\" ><div class='avia_textblock  '   itemprop=\"text\" ><p style=\"text-align: center;\"><span style=\"font-size: 18pt;\"><strong>Dan inicio a la participaci\u00f3n ciudadana del proyecto de dise\u00f1o y normalizaci\u00f3n de las Rutas Peatonales del Hospital de Coyhaique<\/strong><\/span><\/p>\n<div id=\"gtx-trans\" style=\"position: absolute; left: -50px; top: 4.31534px;\">\n<div class=\"gtx-trans-icon\"><\/div>\n<\/div>\n<\/div><\/section><\/div><div class=\"flex_column av_one_full  flex_column_div av-zero-column-padding first  avia-builder-el-4  el_after_av_one_full  el_before_av_hr  column-top-margin\" style='border-radius:0px; '><section class=\"av_textblock_section \"  itemscope=\"itemscope\" itemtype=\"https:\/\/schema.org\/BlogPosting\" itemprop=\"blogPost\" ><div class='avia_textblock  '   itemprop=\"text\" ><p style=\"text-align: justify;\">El objetivo principal de este estudio es realizar el dise\u00f1o del proyecto de Normalizaci\u00f3n y Mejoramiento de\u00a0Rutas Peatonales <strong>Sector Hospital Regional Coyhaique<\/strong>, el cual pretende facilitar el desplazamiento y\u00a0acceso a la poblaci\u00f3n con movilidad reducida, personas con discapacidad visual, adultos mayores, ni\u00f1os, embarazadas entre otros, en los tramos objeto de estudio.<\/p>\n<p style=\"text-align: justify;\">Esta consultor\u00eda tendr\u00e1 una duraci\u00f3n m\u00e1xima de 170 d\u00edas, organizadas en 3 etapas y en cada una de ellas se consideran distintas actividades participativas que permitan obtener las percepciones de la poblaci\u00f3n en general, as\u00ed como espec\u00edficamente quienes requieren de caracter\u00edsticas adicionales en el dise\u00f1o, que aseguren la inclusi\u00f3n y la Accesibilidad Universal.<\/p>\n<p style=\"text-align: justify;\">El director regional del Servicio de Vivienda y Urbanizaci\u00f3n (Serviu), Nelson Quinteros, valor\u00f3 los avances en la participaci\u00f3n ciudadana, ya que \u201cestas obras son una real necesidad para nuestra comunidad. Todos en Coyhaique, llegamos en un momento u otro a este centro de atenci\u00f3n, por lo que mejorar sus accesos directos, es una tarea que asumimos con mucha responsabilidad, sobre todo cuando se trata de mejorar la calidad de vida de personas con movilidad reducida\u201d, enfatiz\u00f3 la autoridad.<\/p>\n<p style=\"text-align: justify;\">En tanto, el Seremi de Vivienda, Diego Silva,\u00a0 asegur\u00f3 que \u201ceste proyecto va en la l\u00ednea de lo que como Ministerio de Vivienda queremos: hacer ciudad, para todos y todas. Nuestro objetivo ha sido y seguir\u00e1 siendo, hacer buenas casas, pero tambi\u00e9n, espacios, parques, calles y veredas que mejoren la calidad de vida de toda la poblaci\u00f3n de nuestra regi\u00f3n\u201d.<\/p>\n<p style=\"text-align: justify;\">El Jefe del Proyecto por parte de la Consultora, Rodrigo Urz\u00faa, enfatiz\u00f3 en la importancia de la participaci\u00f3n ciudadana: \u201cEl objetivo principal del presente estudio es mejorar las condiciones de desplazamiento peatonal de\u00a0las veredas en el Sector Hospital Regional Coyhaique. Ya se nos ha manifestado un inter\u00e9s en mejorar la accesibilidad y la inclusividad en las veredas objeto de estudio, tema que coincide con nuestra preocupaci\u00f3n como consultora y con nuestro lineamiento en t\u00e9rminos de dise\u00f1o. Esperamos contar con m\u00e1s visiones y opiniones en los pr\u00f3ximos talleres participativos. En este sentido, hacemos extensiva la invitaci\u00f3n a toda la comunidad, para seguir participando de las actividades que seguiremos desarrollando en este marco\u201d.<\/p>\n<p style=\"text-align: justify;\">Finalmente, se destaca el canal de comunicaci\u00f3n permanente que se ha dispuesto para la ciudadan\u00eda a trav\u00e9s de la fan page de Facebook \u201cDise\u00f1o Rutas Peatonales Sector Hospital Coyhaique\u201d en la que actualmente se encuentra disponible una encuesta breve que puede ser respondida por toda la comunidad. En este mismo espacio se ir\u00e1n difundiendo las pr\u00f3ximas actividades que se realizar\u00e1n a lo largo de la consultor\u00eda.<\/p>\n<\/div><\/section><\/div><div  style='height:50px' class='hr hr-invisible   avia-builder-el-6  el_after_av_one_full  el_before_av_social_share '><span class='hr-inner ' ><span class='hr-inner-style'><\/span><\/span><\/div><\/p>\n<div  class='av-social-sharing-box  avia-builder-el-7  el_after_av_hr  el_before_av_hr  '><div class='av-share-box'><h5 class='av-share-link-description av-no-toc '>Compartir esta noticia<\/h5><ul class='av-share-box-list noLightbox'><li class='av-share-link av-social-link-facebook' ><a target=\"_blank\" aria-label=\"Compartir en Facebook\" href='https:\/\/www.facebook.com\/sharer.php?u=https:\/\/radiorevelacionfm.cl\/?p=12839&#038;t=Dan%20inicio%20a%20la%20participaci%C3%B3n%20ciudadana%20del%20proyecto%20de%20dise%C3%B1o%20y%20normalizaci%C3%B3n%20de%20las%20Rutas%20Peatonales%20del%20Hospital%20de%20Coyhaique' aria-hidden='false' data-av_icon='\ue8f3' data-av_iconfont='entypo-fontello' title='' data-avia-related-tooltip='Compartir en Facebook' rel=\"noopener\"><span class='avia_hidden_link_text'>Compartir en Facebook<\/span><\/a><\/li><li class='av-share-link av-social-link-twitter' ><a target=\"_blank\" aria-label=\"Compartir en Twitter\" href='https:\/\/twitter.com\/share?text=Dan%20inicio%20a%20la%20participaci%C3%B3n%20ciudadana%20del%20proyecto%20de%20dise%C3%B1o%20y%20normalizaci%C3%B3n%20de%20las%20Rutas%20Peatonales%20del%20Hospital%20de%20Coyhaique&#038;url=https:\/\/radiorevelacionfm.cl\/?p=12839' aria-hidden='false' data-av_icon='\ue8f1' data-av_iconfont='entypo-fontello' title='' data-avia-related-tooltip='Compartir en Twitter' rel=\"noopener\"><span class='avia_hidden_link_text'>Compartir en Twitter<\/span><\/a><\/li><li class='av-share-link av-social-link-whatsapp' ><a target=\"_blank\" aria-label=\"Compartir en Whatsapp\" href='https:\/\/api.whatsapp.com\/send?text=https:\/\/radiorevelacionfm.cl\/?p=12839' aria-hidden='false' data-av_icon='\uf232' data-av_iconfont='entypo-fontello' title='' data-avia-related-tooltip='Compartir en Whatsapp' rel=\"noopener\"><span class='avia_hidden_link_text'>Compartir en Whatsapp<\/span><\/a><\/li><li class='av-share-link av-social-link-linkedin' ><a target=\"_blank\" aria-label=\"Compartir en LinkedIn\" href='https:\/\/linkedin.com\/shareArticle?mini=true&#038;title=Dan%20inicio%20a%20la%20participaci%C3%B3n%20ciudadana%20del%20proyecto%20de%20dise%C3%B1o%20y%20normalizaci%C3%B3n%20de%20las%20Rutas%20Peatonales%20del%20Hospital%20de%20Coyhaique&#038;url=https:\/\/radiorevelacionfm.cl\/?p=12839' aria-hidden='false' data-av_icon='\ue8fc' data-av_iconfont='entypo-fontello' title='' data-avia-related-tooltip='Compartir en LinkedIn' rel=\"noopener\"><span class='avia_hidden_link_text'>Compartir en LinkedIn<\/span><\/a><\/li><li class='av-share-link av-social-link-mail' ><a  aria-label=\"Compartir por correo\" href='mailto:?subject=Dan%20inicio%20a%20la%20participaci%C3%B3n%20ciudadana%20del%20proyecto%20de%20dise%C3%B1o%20y%20normalizaci%C3%B3n%20de%20las%20Rutas%20Peatonales%20del%20Hospital%20de%20Coyhaique&#038;body=https:\/\/radiorevelacionfm.cl\/?p=12839' aria-hidden='false' data-av_icon='\ue805' data-av_iconfont='entypo-fontello' title='' data-avia-related-tooltip='Compartir por correo'><span class='avia_hidden_link_text'>Compartir por correo<\/span><\/a><\/li><\/ul><\/div><\/div>\n<div  style='height:50px' class='hr hr-invisible   avia-builder-el-8  el_after_av_social_share  el_before_av_comments_list '><span class='hr-inner ' ><span class='hr-inner-style'><\/span><\/span><\/div>\n<div  class='av-buildercomment  av-blog-meta-html-info-disabled av-blog-meta-tag-disabled  '><\/div>\n","protected":false},"excerpt":{"rendered":"","protected":false},"author":1,"featured_media":12840,"comment_status":"open","ping_status":"open","sticky":false,"template":"","format":"standard","meta":{"footnotes":""},"categories":[46],"tags":[],"class_list":["post-12839","post","type-post","status-publish","format-standard","has-post-thumbnail","hentry","category-salud"],"jetpack_featured_media_url":"https:\/\/radiorevelacionfm.cl\/wp-content\/uploads\/2022\/01\/HRC-1-1.jpg","_links":{"self":[{"href":"https:\/\/radiorevelacionfm.cl\/index.php?rest_route=\/wp\/v2\/posts\/12839","targetHints":{"allow":["GET"]}}],"collection":[{"href":"https:\/\/radiorevelacionfm.cl\/index.php?rest_route=\/wp\/v2\/posts"}],"about":[{"href":"https:\/\/radiorevelacionfm.cl\/index.php?rest_route=\/wp\/v2\/types\/post"}],"author":[{"embeddable":true,"href":"https:\/\/radiorevelacionfm.cl\/index.php?rest_route=\/wp\/v2\/users\/1"}],"replies":[{"embeddable":true,"href":"https:\/\/radiorevelacionfm.cl\/index.php?rest_route=%2Fwp%2Fv2%2Fcomments&post=12839"}],"version-history":[{"count":2,"href":"https:\/\/radiorevelacionfm.cl\/index.php?rest_route=\/wp\/v2\/posts\/12839\/revisions"}],"predecessor-version":[{"id":12842,"href":"https:\/\/radiorevelacionfm.cl\/index.php?rest_route=\/wp\/v2\/posts\/12839\/revisions\/12842"}],"wp:featuredmedia":[{"embeddable":true,"href":"https:\/\/radiorevelacionfm.cl\/index.php?rest_route=\/wp\/v2\/media\/12840"}],"wp:attachment":[{"href":"https:\/\/radiorevelacionfm.cl\/index.php?rest_route=%2Fwp%2Fv2%2Fmedia&parent=12839"}],"wp:term":[{"taxonomy":"category","embeddable":true,"href":"https:\/\/radiorevelacionfm.cl\/index.php?rest_route=%2Fwp%2Fv2%2Fcategories&post=12839"},{"taxonomy":"post_tag","embeddable":true,"href":"https:\/\/radiorevelacionfm.cl\/index.php?rest_route=%2Fwp%2Fv2%2Ftags&post=12839"}],"curies":[{"name":"wp","href":"https:\/\/api.w.org\/{rel}","templated":true}]}}