{"id":12834,"date":"2022-01-14T18:10:04","date_gmt":"2022-01-14T21:10:04","guid":{"rendered":"https:\/\/radiorevelacionfm.cl\/?p=12834"},"modified":"2022-01-14T18:10:04","modified_gmt":"2022-01-14T21:10:04","slug":"alinco-interpelo-a-ministra-hutt-por-conectividad-en-el-lago-general-carrera","status":"publish","type":"post","link":"https:\/\/radiorevelacionfm.cl\/?p=12834","title":{"rendered":"Alinco interpel\u00f3 a ministra Hutt por conectividad en el Lago General Carrera"},"content":{"rendered":"<div class=\"flex_column av_one_full  flex_column_div av-zero-column-padding first  avia-builder-el-0  el_before_av_one_full  avia-builder-el-first  \" style='border-radius:0px; '><div  class='avia-image-container  av-styling-    avia-builder-el-1  avia-builder-el-no-sibling  avia-align-center '  itemprop=\"image\" itemscope=\"itemscope\" itemtype=\"https:\/\/schema.org\/ImageObject\"  ><div class='avia-image-container-inner'><div class='avia-image-overlay-wrap'><img decoding=\"async\" class='wp-image-12835 avia-img-lazy-loading-not-12835 avia_image' src=\"https:\/\/radiorevelacionfm.cl\/wp-content\/uploads\/2022\/01\/Visita-Ministra-Hutt-1-1.jpg\" alt='' title='Visita Ministra Hutt (1) (1)' height=\"600\" width=\"904\"  itemprop=\"thumbnailUrl\" srcset=\"https:\/\/radiorevelacionfm.cl\/wp-content\/uploads\/2022\/01\/Visita-Ministra-Hutt-1-1.jpg 904w, https:\/\/radiorevelacionfm.cl\/wp-content\/uploads\/2022\/01\/Visita-Ministra-Hutt-1-1-300x199.jpg 300w, https:\/\/radiorevelacionfm.cl\/wp-content\/uploads\/2022\/01\/Visita-Ministra-Hutt-1-1-768x510.jpg 768w, https:\/\/radiorevelacionfm.cl\/wp-content\/uploads\/2022\/01\/Visita-Ministra-Hutt-1-1-705x468.jpg 705w, https:\/\/radiorevelacionfm.cl\/wp-content\/uploads\/2022\/01\/Visita-Ministra-Hutt-1-1-600x398.jpg 600w\" sizes=\"(max-width: 904px) 100vw, 904px\" \/><\/div><\/div><\/div><\/div><div class=\"flex_column av_one_full  flex_column_div av-zero-column-padding first  avia-builder-el-2  el_after_av_one_full  el_before_av_one_full  column-top-margin\" style='border-radius:0px; '><section class=\"av_textblock_section \"  itemscope=\"itemscope\" itemtype=\"https:\/\/schema.org\/BlogPosting\" itemprop=\"blogPost\" ><div class='avia_textblock  '   itemprop=\"text\" ><p style=\"text-align: center;\"><span style=\"font-size: 18pt;\"><strong>Alinco interpel\u00f3 a ministra Hutt por conectividad en el Lago General Carrera<\/strong><\/span><\/p>\n<div id=\"gtx-trans\" style=\"position: absolute; left: -50px; top: 4.31534px;\">\n<div class=\"gtx-trans-icon\"><\/div>\n<\/div>\n<\/div><\/section><\/div><div class=\"flex_column av_one_full  flex_column_div av-zero-column-padding first  avia-builder-el-4  el_after_av_one_full  el_before_av_hr  column-top-margin\" style='border-radius:0px; '><section class=\"av_textblock_section \"  itemscope=\"itemscope\" itemtype=\"https:\/\/schema.org\/BlogPosting\" itemprop=\"blogPost\" ><div class='avia_textblock  '   itemprop=\"text\" ><p style=\"text-align: justify;\">Durante la jornada del jueves, en el contexto de la visita de la ministra de Transportes y Telecomunicaciones, Gloria Hutt, a la comuna de R\u00edo Ib\u00e1\u00f1ez donde se inaugur\u00f3 la Fibra \u00d3ptica Austral, se contemplaba tambi\u00e9n que la secretaria de estado inspeccione las barcazas Tehuelche y Pilchero, debido a las constantes emergencias que se han presentado en cuanto a la conectividad lacustre.<\/p>\n<p style=\"text-align: justify;\">En la instancia participaron autoridades, entre ellos, el diputado Ren\u00e9 Alinco Bustos quien esperaba que la ministra pueda conocer en terreno el real estado de ambas embarcaciones que son la principal v\u00eda de transporte para los habitantes de Chile Chico y R\u00edo Ib\u00e1\u00f1ez, sin embargo, la ceremonia de inauguraci\u00f3n de Fibra \u00d3ptica Austral, se prolong\u00f3 impidiendo que la barcaza Tehuelche pueda ser inspeccionada por la autoridad nacional. En ese sentido, el parlamentario aysenino no dud\u00f3 en dar a conocer su molestia al seremi del ramo, Fabi\u00e1n Rojas -quien hasta se\u00f1al\u00f3 que se querellar\u00eda contra el parlamentario-, y a la propia ministra Hutt, a quien le coment\u00f3 en reiteradas oportunidades que ha sido mal informada respecto de lo que realmente padecen los habitantes de ambas comunas lacustres.<\/p>\n<p style=\"text-align: justify;\">Es as\u00ed que mientras las autoridades mostraban la sala de m\u00e1quinas de la barcaza Pilchero -una vez m\u00e1s en reparaci\u00f3n- ya que la Tehuelche no pudo ser visitada, Alinco solicit\u00f3 la palabra e interpel\u00f3 a la ministra se\u00f1alando que \u201cEste problema viene desde agosto y tiene una serie de situaciones de por qu\u00e9 pr\u00e1cticamente est\u00e1 destruida la barcaza Tehuelche\u2026barcaza que fue construida para una vida \u00fatil de 25 a 30 a\u00f1os y sus fallas corresponden a la mala mantenci\u00f3n que debe hacerse cada 10 mil horas y se le hace cada 25 mil horas. Los repuestos de la Tehuelche no son originales, son alternativos, en definitiva la inoperancia de la autoridad pol\u00edtica regional del Ministerio de Obras P\u00fablicas y Ministerio de Transportes\u2026\u201d, coment\u00f3 el diputado Alinco a una sorprendida ministra de Transportes, a lo que agreg\u00f3 \u201cministra creo que usted ha sido mal informada, aqu\u00ed hay responsabilidades pol\u00edticas y administrativas\u2026las boletas de garant\u00eda de estas barcazas no se han aplicado\u2026\u201d, insisti\u00f3 el parlamentario ante la molestia de la secretaria de Estado y de las autoridades de gobierno en la regi\u00f3n, quienes mostraban a la autoridad nacional sobre las nuevas reparaciones a la que se debe someterse la barcaza Pilchero de aproximadamente 50 a\u00f1os.<\/p>\n<p style=\"text-align: justify;\">Tras la molestia de las autoridades que acompa\u00f1aban a la ministra -delegada presidencial, provincial, alcaldes, entre otros-, finalmente, el parlamentario record\u00f3 que, para este martes 18 de enero a las 17 horas han sido citados a la comisi\u00f3n de Obras P\u00fablicas y Transportes y Telecomunicaciones de la C\u00e1mara de Diputadas y Diputados, la ministra de Transportes, el ministro de OO.PP y el comandante en Jefe de la Armada, \u201cpara que se sirvan explicitar la situaci\u00f3n de la barcaza Tehuelche la cual volvi\u00f3 a funcionar, pero solo con tres de sus cuatro motores. Lo anterior, significa que no est\u00e1 operando adecuadamente- sin dar la necesaria seguridad en su desplazamiento-, ya que carece de la potencia y fuerza necesaria, existiendo fundado temor de que se pueda producir alg\u00fan accidente\u201d, seg\u00fan reza la citaci\u00f3n.<\/p>\n<p style=\"text-align: justify;\">Es importante indicar que previamente el parlamentario convers\u00f3 con trabajadores de la barcaza Pilchero, quienes se mostraron preocupados por el real estado de las embarcaciones. As\u00ed tambi\u00e9n, en la visita ministerial estuvieron presentes los alcaldes Luperciano Mu\u00f1oz y Marcelo Santana de Chile Chico y R\u00edo Ib\u00e1\u00f1ez respectivamente, quienes se mantuvieron en silencio respecto a este importante tema que aqueja principalmente a los habitantes de las comunas que lideran.<\/p>\n<\/div><\/section><\/div><div  style='height:50px' class='hr hr-invisible   avia-builder-el-6  el_after_av_one_full  el_before_av_social_share '><span class='hr-inner ' ><span class='hr-inner-style'><\/span><\/span><\/div><\/p>\n<div  class='av-social-sharing-box  avia-builder-el-7  el_after_av_hr  el_before_av_hr  '><div class='av-share-box'><h5 class='av-share-link-description av-no-toc '>Compartir esta noticia<\/h5><ul class='av-share-box-list noLightbox'><li class='av-share-link av-social-link-facebook' ><a target=\"_blank\" aria-label=\"Compartir en Facebook\" href='https:\/\/www.facebook.com\/sharer.php?u=https:\/\/radiorevelacionfm.cl\/?p=12834&#038;t=Alinco%20interpel%C3%B3%20a%20ministra%20Hutt%20por%20conectividad%20en%20el%20Lago%20General%20Carrera' aria-hidden='false' data-av_icon='\ue8f3' data-av_iconfont='entypo-fontello' title='' data-avia-related-tooltip='Compartir en Facebook' rel=\"noopener\"><span class='avia_hidden_link_text'>Compartir en Facebook<\/span><\/a><\/li><li class='av-share-link av-social-link-twitter' ><a target=\"_blank\" aria-label=\"Compartir en Twitter\" href='https:\/\/twitter.com\/share?text=Alinco%20interpel%C3%B3%20a%20ministra%20Hutt%20por%20conectividad%20en%20el%20Lago%20General%20Carrera&#038;url=https:\/\/radiorevelacionfm.cl\/?p=12834' aria-hidden='false' data-av_icon='\ue8f1' data-av_iconfont='entypo-fontello' title='' data-avia-related-tooltip='Compartir en Twitter' rel=\"noopener\"><span class='avia_hidden_link_text'>Compartir en Twitter<\/span><\/a><\/li><li class='av-share-link av-social-link-whatsapp' ><a target=\"_blank\" aria-label=\"Compartir en Whatsapp\" href='https:\/\/api.whatsapp.com\/send?text=https:\/\/radiorevelacionfm.cl\/?p=12834' aria-hidden='false' data-av_icon='\uf232' data-av_iconfont='entypo-fontello' title='' data-avia-related-tooltip='Compartir en Whatsapp' rel=\"noopener\"><span class='avia_hidden_link_text'>Compartir en Whatsapp<\/span><\/a><\/li><li class='av-share-link av-social-link-linkedin' ><a target=\"_blank\" aria-label=\"Compartir en LinkedIn\" href='https:\/\/linkedin.com\/shareArticle?mini=true&#038;title=Alinco%20interpel%C3%B3%20a%20ministra%20Hutt%20por%20conectividad%20en%20el%20Lago%20General%20Carrera&#038;url=https:\/\/radiorevelacionfm.cl\/?p=12834' aria-hidden='false' data-av_icon='\ue8fc' data-av_iconfont='entypo-fontello' title='' data-avia-related-tooltip='Compartir en LinkedIn' rel=\"noopener\"><span class='avia_hidden_link_text'>Compartir en LinkedIn<\/span><\/a><\/li><li class='av-share-link av-social-link-mail' ><a  aria-label=\"Compartir por correo\" href='mailto:?subject=Alinco%20interpel%C3%B3%20a%20ministra%20Hutt%20por%20conectividad%20en%20el%20Lago%20General%20Carrera&#038;body=https:\/\/radiorevelacionfm.cl\/?p=12834' aria-hidden='false' data-av_icon='\ue805' data-av_iconfont='entypo-fontello' title='' data-avia-related-tooltip='Compartir por correo'><span class='avia_hidden_link_text'>Compartir por correo<\/span><\/a><\/li><\/ul><\/div><\/div>\n<div  style='height:50px' class='hr hr-invisible   avia-builder-el-8  el_after_av_social_share  el_before_av_comments_list '><span class='hr-inner ' ><span class='hr-inner-style'><\/span><\/span><\/div>\n<div  class='av-buildercomment  av-blog-meta-html-info-disabled av-blog-meta-tag-disabled  '><\/div>\n","protected":false},"excerpt":{"rendered":"","protected":false},"author":1,"featured_media":12835,"comment_status":"open","ping_status":"open","sticky":false,"template":"","format":"standard","meta":{"footnotes":""},"categories":[35],"tags":[],"class_list":["post-12834","post","type-post","status-publish","format-standard","has-post-thumbnail","hentry","category-politica"],"jetpack_featured_media_url":"https:\/\/radiorevelacionfm.cl\/wp-content\/uploads\/2022\/01\/Visita-Ministra-Hutt-1-1.jpg","_links":{"self":[{"href":"https:\/\/radiorevelacionfm.cl\/index.php?rest_route=\/wp\/v2\/posts\/12834","targetHints":{"allow":["GET"]}}],"collection":[{"href":"https:\/\/radiorevelacionfm.cl\/index.php?rest_route=\/wp\/v2\/posts"}],"about":[{"href":"https:\/\/radiorevelacionfm.cl\/index.php?rest_route=\/wp\/v2\/types\/post"}],"author":[{"embeddable":true,"href":"https:\/\/radiorevelacionfm.cl\/index.php?rest_route=\/wp\/v2\/users\/1"}],"replies":[{"embeddable":true,"href":"https:\/\/radiorevelacionfm.cl\/index.php?rest_route=%2Fwp%2Fv2%2Fcomments&post=12834"}],"version-history":[{"count":2,"href":"https:\/\/radiorevelacionfm.cl\/index.php?rest_route=\/wp\/v2\/posts\/12834\/revisions"}],"predecessor-version":[{"id":12838,"href":"https:\/\/radiorevelacionfm.cl\/index.php?rest_route=\/wp\/v2\/posts\/12834\/revisions\/12838"}],"wp:featuredmedia":[{"embeddable":true,"href":"https:\/\/radiorevelacionfm.cl\/index.php?rest_route=\/wp\/v2\/media\/12835"}],"wp:attachment":[{"href":"https:\/\/radiorevelacionfm.cl\/index.php?rest_route=%2Fwp%2Fv2%2Fmedia&parent=12834"}],"wp:term":[{"taxonomy":"category","embeddable":true,"href":"https:\/\/radiorevelacionfm.cl\/index.php?rest_route=%2Fwp%2Fv2%2Fcategories&post=12834"},{"taxonomy":"post_tag","embeddable":true,"href":"https:\/\/radiorevelacionfm.cl\/index.php?rest_route=%2Fwp%2Fv2%2Ftags&post=12834"}],"curies":[{"name":"wp","href":"https:\/\/api.w.org\/{rel}","templated":true}]}}