{"id":12818,"date":"2022-01-14T09:43:14","date_gmt":"2022-01-14T12:43:14","guid":{"rendered":"https:\/\/radiorevelacionfm.cl\/?p=12818"},"modified":"2022-01-14T09:43:14","modified_gmt":"2022-01-14T12:43:14","slug":"sala-de-uso-multiple-en-aysen-del-programa-quiero-mi-barrio-se-encuentra-proxima-a-inaugurarse","status":"publish","type":"post","link":"https:\/\/radiorevelacionfm.cl\/?p=12818","title":{"rendered":"Sala de Uso M\u00faltiple en Ays\u00e9n del programa Quiero Mi Barrio se encuentra pr\u00f3xima a inaugurarse"},"content":{"rendered":"<div class=\"flex_column av_one_full  flex_column_div av-zero-column-padding first  avia-builder-el-0  el_before_av_one_full  avia-builder-el-first  \" style='border-radius:0px; '><div  class='avia-image-container  av-styling-    avia-builder-el-1  avia-builder-el-no-sibling  avia-align-center '  itemprop=\"image\" itemscope=\"itemscope\" itemtype=\"https:\/\/schema.org\/ImageObject\"  ><div class='avia-image-container-inner'><div class='avia-image-overlay-wrap'><img decoding=\"async\" class='wp-image-12819 avia-img-lazy-loading-not-12819 avia_image' src=\"https:\/\/radiorevelacionfm.cl\/wp-content\/uploads\/2022\/01\/dsc_0134-2_optimized.jpg\" alt='' title='dsc_0134-2_optimized' height=\"600\" width=\"900\"  itemprop=\"thumbnailUrl\" srcset=\"https:\/\/radiorevelacionfm.cl\/wp-content\/uploads\/2022\/01\/dsc_0134-2_optimized.jpg 900w, https:\/\/radiorevelacionfm.cl\/wp-content\/uploads\/2022\/01\/dsc_0134-2_optimized-300x200.jpg 300w, https:\/\/radiorevelacionfm.cl\/wp-content\/uploads\/2022\/01\/dsc_0134-2_optimized-768x512.jpg 768w, https:\/\/radiorevelacionfm.cl\/wp-content\/uploads\/2022\/01\/dsc_0134-2_optimized-705x470.jpg 705w, https:\/\/radiorevelacionfm.cl\/wp-content\/uploads\/2022\/01\/dsc_0134-2_optimized-600x400.jpg 600w\" sizes=\"(max-width: 900px) 100vw, 900px\" \/><\/div><\/div><\/div><\/div><div class=\"flex_column av_one_full  flex_column_div av-zero-column-padding first  avia-builder-el-2  el_after_av_one_full  el_before_av_one_full  column-top-margin\" style='border-radius:0px; '><section class=\"av_textblock_section \"  itemscope=\"itemscope\" itemtype=\"https:\/\/schema.org\/BlogPosting\" itemprop=\"blogPost\" ><div class='avia_textblock  '   itemprop=\"text\" ><p style=\"text-align: center;\"><span style=\"font-size: 18pt;\"><strong>Sala de Uso M\u00faltiple en Ays\u00e9n del programa Quiero Mi Barrio se encuentra pr\u00f3xima a inaugurarse<\/strong><\/span><\/p>\n<div id=\"gtx-trans\" style=\"position: absolute; left: -50px; top: 4.31534px;\">\n<div class=\"gtx-trans-icon\"><\/div>\n<\/div>\n<\/div><\/section><\/div><div class=\"flex_column av_one_full  flex_column_div av-zero-column-padding first  avia-builder-el-4  el_after_av_one_full  el_before_av_hr  column-top-margin\" style='border-radius:0px; '><section class=\"av_textblock_section \"  itemscope=\"itemscope\" itemtype=\"https:\/\/schema.org\/BlogPosting\" itemprop=\"blogPost\" ><div class='avia_textblock  '   itemprop=\"text\" ><p style=\"text-align: justify;\">Con el 100% del inmueble levantado y pr\u00f3ximo a inaugurarse, esta semana el alcalde Julio Uribe Alvarado, en compa\u00f1\u00eda de la presidenta del CVD, Yolanda Alvarado y el arquitecto de Quiero Mi Barrio (QMB), Cristian Vel\u00e1zquez, recorrieron las dependencias de la Sala de Uso M\u00faltiple ubicada en Ribera Sur Costanera, proyecto que responde a las demandas ciudadanas.<\/p>\n<p style=\"text-align: justify;\">El proyecto que lleva ejecut\u00e1ndose desde agosto de 2021 en la capital comunal, gracias al programa Quiero Mi Barrio del Ministerio de Vivienda y Urbanismo, mediante la Municipalidad de Ays\u00e9n y el trabajo coordinado entre personal de la Direcci\u00f3n de Obras y profesionales, dispuso de una inversi\u00f3n que rodea los 160 millones.<\/p>\n<p style=\"text-align: justify;\">Al respecto, Vel\u00e1zquez recalc\u00f3 la metodolog\u00eda de intervenci\u00f3n barrial y los procesos implicados en las etapas. \u201cTodas las obras son dise\u00f1os participativos, nosotros por cada obra realizamos tres talleres y los vecinos nos plasman sus inquietudes, sus necesidades y la parte t\u00e9cnica me corresponde a m\u00ed. Esto se plasma en el proyecto, en el papel y en realidad todo el dise\u00f1o viene de la mano de los vecinos\u201d, detall\u00f3.<\/p>\n<p style=\"text-align: justify;\">La visita a terreno cont\u00f3 con personal especializado de la Divisi\u00f3n de Obras con el fin de subsanar detalles previos a la entrega del bien ra\u00edz. Sin embargo, la Sala de Uso M\u00faltiple es s\u00f3lo un hito de lo que el programa tiene pensado para el sector de Ribera Sur Costanera, pues en febrero se licitar\u00e1 otro abocado a \u00e1reas verdes bajo el equivalente de 180 millones que colindar\u00e1 con el recinto. Ambas obras traer\u00e1n consigo la habilitaci\u00f3n sectorial en favor del desarrollo colectivo y sociocultural.<\/p>\n<p style=\"text-align: justify;\">Por otra parte, el alcalde Julio Uribe Alvarado resalt\u00f3 los beneficios a corto y mediano plazo que permitir\u00e1 la infraestructura una vez en marcha. \u201cNosotros pretendemos tener monitores permanentes para trabajar con ni\u00f1os, adultos mayores, mam\u00e1s; hacer cursos, talleres de cocina, de artesan\u00eda, de telares. Vamos a ser m\u00faltiples trabajos para que esta sede pueda tener la vida que necesita y sea de real apoyo para nuestros vecinos. Vamos a hacer tratamientos kinesiol\u00f3gicos, podol\u00f3gicos para los vecinos, eso lo vamos a implementar entre los proyectos de los mismos 2% de fondos especiales que existen hoy d\u00eda, as\u00ed que nos queda una gran tarea\u201d, especific\u00f3 la autoridad de la casa edilicia.<\/p>\n<p style=\"text-align: justify;\">Mientras que la presidenta del CVD, hizo el llamado a cuidar la Sala de Uso M\u00faltiple y en caso de ser necesario, dar aviso a Carabineros, pues para la comunidad la inauguraci\u00f3n ser\u00e1 fundamental, debido a que implicar\u00eda bajo todos los par\u00e1metros legales la entrega del inmueble para su usufructo. Asimismo, expres\u00f3 la felicidad proporcionada por circunstancias como las acontecidas. \u201cMe siento orgullosa de haber participado, est\u00e1 muy lindo y ahora a esperar la inauguraci\u00f3n tranquila, Realmente a la empresa hay que felicitarla por lo que hizo porque el trabajo es maravilloso\u201d.<\/p>\n<p style=\"text-align: justify;\">Adem\u00e1s, el funcionamiento de la sede que tiene accesibilidad universal, tambi\u00e9n marcar\u00e1 un antes y un despu\u00e9s respecto al resto de recintos. \u201cVamos a dejar a personas encargadas para que puedan hacer actividades con la gente y no solamente sea un centro para celebrar cumplea\u00f1os o cosas por el estilo, sino que el municipio se haga cargo para que tenga actividad y se pueda trabajar con todos los vecinos\u201d, recalc\u00f3 la autoridad edilicia.<\/p>\n<\/div><\/section><\/div><div  style='height:50px' class='hr hr-invisible   avia-builder-el-6  el_after_av_one_full  el_before_av_social_share '><span class='hr-inner ' ><span class='hr-inner-style'><\/span><\/span><\/div><\/p>\n<div  class='av-social-sharing-box  avia-builder-el-7  el_after_av_hr  el_before_av_hr  '><div class='av-share-box'><h5 class='av-share-link-description av-no-toc '>Compartir esta noticia<\/h5><ul class='av-share-box-list noLightbox'><li class='av-share-link av-social-link-facebook' ><a target=\"_blank\" aria-label=\"Compartir en Facebook\" href='https:\/\/www.facebook.com\/sharer.php?u=https:\/\/radiorevelacionfm.cl\/?p=12818&#038;t=Sala%20de%20Uso%20M%C3%BAltiple%20en%20Ays%C3%A9n%20del%20programa%20Quiero%20Mi%20Barrio%20se%20encuentra%20pr%C3%B3xima%20a%20inaugurarse' aria-hidden='false' data-av_icon='\ue8f3' data-av_iconfont='entypo-fontello' title='' data-avia-related-tooltip='Compartir en Facebook' rel=\"noopener\"><span class='avia_hidden_link_text'>Compartir en Facebook<\/span><\/a><\/li><li class='av-share-link av-social-link-twitter' ><a target=\"_blank\" aria-label=\"Compartir en Twitter\" href='https:\/\/twitter.com\/share?text=Sala%20de%20Uso%20M%C3%BAltiple%20en%20Ays%C3%A9n%20del%20programa%20Quiero%20Mi%20Barrio%20se%20encuentra%20pr%C3%B3xima%20a%20inaugurarse&#038;url=https:\/\/radiorevelacionfm.cl\/?p=12818' aria-hidden='false' data-av_icon='\ue8f1' data-av_iconfont='entypo-fontello' title='' data-avia-related-tooltip='Compartir en Twitter' rel=\"noopener\"><span class='avia_hidden_link_text'>Compartir en Twitter<\/span><\/a><\/li><li class='av-share-link av-social-link-whatsapp' ><a target=\"_blank\" aria-label=\"Compartir en Whatsapp\" href='https:\/\/api.whatsapp.com\/send?text=https:\/\/radiorevelacionfm.cl\/?p=12818' aria-hidden='false' data-av_icon='\uf232' data-av_iconfont='entypo-fontello' title='' data-avia-related-tooltip='Compartir en Whatsapp' rel=\"noopener\"><span class='avia_hidden_link_text'>Compartir en Whatsapp<\/span><\/a><\/li><li class='av-share-link av-social-link-linkedin' ><a target=\"_blank\" aria-label=\"Compartir en LinkedIn\" href='https:\/\/linkedin.com\/shareArticle?mini=true&#038;title=Sala%20de%20Uso%20M%C3%BAltiple%20en%20Ays%C3%A9n%20del%20programa%20Quiero%20Mi%20Barrio%20se%20encuentra%20pr%C3%B3xima%20a%20inaugurarse&#038;url=https:\/\/radiorevelacionfm.cl\/?p=12818' aria-hidden='false' data-av_icon='\ue8fc' data-av_iconfont='entypo-fontello' title='' data-avia-related-tooltip='Compartir en LinkedIn' rel=\"noopener\"><span class='avia_hidden_link_text'>Compartir en LinkedIn<\/span><\/a><\/li><li class='av-share-link av-social-link-mail' ><a  aria-label=\"Compartir por correo\" href='mailto:?subject=Sala%20de%20Uso%20M%C3%BAltiple%20en%20Ays%C3%A9n%20del%20programa%20Quiero%20Mi%20Barrio%20se%20encuentra%20pr%C3%B3xima%20a%20inaugurarse&#038;body=https:\/\/radiorevelacionfm.cl\/?p=12818' aria-hidden='false' data-av_icon='\ue805' data-av_iconfont='entypo-fontello' title='' data-avia-related-tooltip='Compartir por correo'><span class='avia_hidden_link_text'>Compartir por correo<\/span><\/a><\/li><\/ul><\/div><\/div>\n<div  style='height:50px' class='hr hr-invisible   avia-builder-el-8  el_after_av_social_share  el_before_av_comments_list '><span class='hr-inner ' ><span class='hr-inner-style'><\/span><\/span><\/div>\n<div  class='av-buildercomment  av-blog-meta-html-info-disabled av-blog-meta-tag-disabled  '><\/div>\n","protected":false},"excerpt":{"rendered":"","protected":false},"author":1,"featured_media":12819,"comment_status":"open","ping_status":"open","sticky":false,"template":"","format":"standard","meta":{"footnotes":""},"categories":[38],"tags":[],"class_list":["post-12818","post","type-post","status-publish","format-standard","has-post-thumbnail","hentry","category-regional"],"jetpack_featured_media_url":"https:\/\/radiorevelacionfm.cl\/wp-content\/uploads\/2022\/01\/dsc_0134-2_optimized.jpg","_links":{"self":[{"href":"https:\/\/radiorevelacionfm.cl\/index.php?rest_route=\/wp\/v2\/posts\/12818","targetHints":{"allow":["GET"]}}],"collection":[{"href":"https:\/\/radiorevelacionfm.cl\/index.php?rest_route=\/wp\/v2\/posts"}],"about":[{"href":"https:\/\/radiorevelacionfm.cl\/index.php?rest_route=\/wp\/v2\/types\/post"}],"author":[{"embeddable":true,"href":"https:\/\/radiorevelacionfm.cl\/index.php?rest_route=\/wp\/v2\/users\/1"}],"replies":[{"embeddable":true,"href":"https:\/\/radiorevelacionfm.cl\/index.php?rest_route=%2Fwp%2Fv2%2Fcomments&post=12818"}],"version-history":[{"count":2,"href":"https:\/\/radiorevelacionfm.cl\/index.php?rest_route=\/wp\/v2\/posts\/12818\/revisions"}],"predecessor-version":[{"id":12831,"href":"https:\/\/radiorevelacionfm.cl\/index.php?rest_route=\/wp\/v2\/posts\/12818\/revisions\/12831"}],"wp:featuredmedia":[{"embeddable":true,"href":"https:\/\/radiorevelacionfm.cl\/index.php?rest_route=\/wp\/v2\/media\/12819"}],"wp:attachment":[{"href":"https:\/\/radiorevelacionfm.cl\/index.php?rest_route=%2Fwp%2Fv2%2Fmedia&parent=12818"}],"wp:term":[{"taxonomy":"category","embeddable":true,"href":"https:\/\/radiorevelacionfm.cl\/index.php?rest_route=%2Fwp%2Fv2%2Fcategories&post=12818"},{"taxonomy":"post_tag","embeddable":true,"href":"https:\/\/radiorevelacionfm.cl\/index.php?rest_route=%2Fwp%2Fv2%2Ftags&post=12818"}],"curies":[{"name":"wp","href":"https:\/\/api.w.org\/{rel}","templated":true}]}}