{"id":12811,"date":"2022-01-13T18:48:52","date_gmt":"2022-01-13T21:48:52","guid":{"rendered":"https:\/\/radiorevelacionfm.cl\/?p=12811"},"modified":"2022-01-13T18:48:52","modified_gmt":"2022-01-13T21:48:52","slug":"pdi-y-fiscalia-inician-investigacion-por-fogata-no-autorizada-en-parque-nacional-queulat","status":"publish","type":"post","link":"https:\/\/radiorevelacionfm.cl\/?p=12811","title":{"rendered":"PDI y Fiscal\u00eda inician investigaci\u00f3n por fogata no autorizada en Parque Nacional Queulat"},"content":{"rendered":"<div class=\"flex_column av_one_full  flex_column_div av-zero-column-padding first  avia-builder-el-0  el_before_av_one_full  avia-builder-el-first  \" style='border-radius:0px; '><div  class='avia-image-container  av-styling-    avia-builder-el-1  avia-builder-el-no-sibling  avia-align-center '  itemprop=\"image\" itemscope=\"itemscope\" itemtype=\"https:\/\/schema.org\/ImageObject\"  ><div class='avia-image-container-inner'><div class='avia-image-overlay-wrap'><img decoding=\"async\" class='wp-image-12812 avia-img-lazy-loading-not-12812 avia_image' src=\"https:\/\/radiorevelacionfm.cl\/wp-content\/uploads\/2022\/01\/referencial-incendios-forestales-001-2_optimized.jpg\" alt='' title='referencial-incendios-forestales-001-2_optimized' height=\"600\" width=\"903\"  itemprop=\"thumbnailUrl\" srcset=\"https:\/\/radiorevelacionfm.cl\/wp-content\/uploads\/2022\/01\/referencial-incendios-forestales-001-2_optimized.jpg 903w, https:\/\/radiorevelacionfm.cl\/wp-content\/uploads\/2022\/01\/referencial-incendios-forestales-001-2_optimized-300x199.jpg 300w, https:\/\/radiorevelacionfm.cl\/wp-content\/uploads\/2022\/01\/referencial-incendios-forestales-001-2_optimized-768x510.jpg 768w, https:\/\/radiorevelacionfm.cl\/wp-content\/uploads\/2022\/01\/referencial-incendios-forestales-001-2_optimized-705x468.jpg 705w, https:\/\/radiorevelacionfm.cl\/wp-content\/uploads\/2022\/01\/referencial-incendios-forestales-001-2_optimized-600x399.jpg 600w\" sizes=\"(max-width: 903px) 100vw, 903px\" \/><\/div><\/div><\/div><\/div><div class=\"flex_column av_one_full  flex_column_div av-zero-column-padding first  avia-builder-el-2  el_after_av_one_full  el_before_av_one_full  column-top-margin\" style='border-radius:0px; '><section class=\"av_textblock_section \"  itemscope=\"itemscope\" itemtype=\"https:\/\/schema.org\/BlogPosting\" itemprop=\"blogPost\" ><div class='avia_textblock  '   itemprop=\"text\" ><p style=\"text-align: center;\"><span style=\"font-size: 18pt;\"><strong>PDI y Fiscal\u00eda inician investigaci\u00f3n por fogata no autorizada en Parque Nacional Queulat<\/strong><\/span><\/p>\n<div id=\"gtx-trans\" style=\"position: absolute; left: -50px; top: 4.31534px;\">\n<div class=\"gtx-trans-icon\"><\/div>\n<\/div>\n<\/div><\/section><\/div><div class=\"flex_column av_one_full  flex_column_div av-zero-column-padding first  avia-builder-el-4  el_after_av_one_full  el_before_av_hr  column-top-margin\" style='border-radius:0px; '><section class=\"av_textblock_section \"  itemscope=\"itemscope\" itemtype=\"https:\/\/schema.org\/BlogPosting\" itemprop=\"blogPost\" ><div class='avia_textblock  '   itemprop=\"text\" ><p style=\"text-align: justify;\">Recientemente, la Corporaci\u00f3n Nacional Forestal de la regi\u00f3n de Ays\u00e9n dio a conocer la expulsi\u00f3n de dos turistas extranjeros del Parque Nacional Queulat luego de ser sorprendidos haciendo uso de una hornilla de fuego con ramas de madera de \u00e1rboles de bosque nativo de la misma \u00e1rea silvestre protegida en un sector cerrado y no habilitado para acampar ni utilizar fuego.<\/p>\n<p style=\"text-align: justify;\">No obstante, esta situaci\u00f3n todav\u00eda no hab\u00eda sido denunciada ante los organismos competentes. Es por esto que la Polic\u00eda de Investigaciones de Ays\u00e9n, tras tomar conocimiento de estos hechos y realizar las indagaciones respectivas, alertaron los riesgos que este tipo de acciones puede ocasionar al medio ambiente y las \u00e1reas silvestre protegidas por el Estado.<\/p>\n<p style=\"text-align: justify;\">Sobre esto, el jefe de la Brigada Investigadora del Medio Ambiente y Patrimonio Cultural (BIDEMA) Ays\u00e9n, subprefecto Claudio Reyes, se\u00f1al\u00f3 que \u201cse recabaron todos los antecedentes y se pusieron en conocimiento del Ministerio P\u00fablico, quien otorg\u00f3 una orden de investigar a esta brigada especializada para poder realizar todas las actuaciones pendientes para poder esclarecer este hecho\u201d. Adem\u00e1s, el subprefecto Reyes, indic\u00f3 que \u201clos detectives de la unidad especializada ya iniciaron las indagaciones y diligencias para poder establecer o descartar alg\u00fan tipo de infracci\u00f3n\u201d.<\/p>\n<p style=\"text-align: justify;\">Al respecto, el Fiscal Jefe de Puerto Ays\u00e9n y Cisnes, Pedro Poblete Viejo, explic\u00f3 que junto a la PDI \u201cla Fiscal\u00eda se encuentra realizando las diligencias de investigaci\u00f3n tendientes a esclarecer los hechos acaecidos el d\u00eda 10 de enero reci\u00e9n pasado al interior del Parque Nacional Queulat, sector del Ventisquero Colgante, comuna de Cisnes\u201d.<\/p>\n<p style=\"text-align: justify;\">El persecutor agreg\u00f3 que \u201cestos antecedentes, conforme a lo que hemos recabado preliminarmente, habr\u00edan sido provocados por dos turistas de origen canadiense que habr\u00edan encendido fuego en el lugar al cual accedieron pese a que se encontraba cerrado, y habr\u00edan sido expulsados por funcionarios de CONAF\u201d.<\/p>\n<p style=\"text-align: justify;\">Asimismo, la pr\u00e1ctica de encender fuego en un \u00e1rea silvestre protegida, dijo el fiscal Poblete, \u201cse encuentra actualmente tipificada como un delito, raz\u00f3n por la cual la Fiscal\u00eda instruy\u00f3 una orden de investigar a la Brigada de Delitos del Medio Ambiente, Bidema de la PDI, con la finalidad de esclarecer el hecho y establecer la participaci\u00f3n o no de estas personas\u201d.<\/p>\n<p style=\"text-align: justify;\">Desde la BIDEMA Ays\u00e9n enfatizaron en la importancia de la protecci\u00f3n y cuidado del entorno, sobre todo, en \u00e9poca de alta incidencia de incendios forestales -delito tipificado en la Ley N\u00b020.283- para no repetir hechos como el incendio forestal en Colonia Sur en Cochrane que consumi\u00f3 m\u00e1s de 15.000 hect\u00e1reas y el incendio forestal en el Parque Nacional Patagonia donde se consumieron 1.500 hect\u00e1reas.<\/p>\n<p style=\"text-align: justify;\">\u201cHacemos el llamado a la ciudadan\u00eda a dar cumplimiento a la normativa vigente que se\u00f1ala que est\u00e1 prohibido realizar fogatas o iniciar fuego en lugares no autorizados\u201d y a \u201cuna vez que tomen conocimiento de estos hechos puedan poner en conocimiento de la polic\u00eda, CONAF o Fiscal\u00eda para realizar las indagaciones relacionadas a estos hechos\u201d, puntualiz\u00f3 el subprefecto Reyes.<\/p>\n<p style=\"text-align: justify;\">Finalmente, desde la PDI el jefe de la unidad especializada realiz\u00f3 un llamado a estar alerta sobre este tipo de hechos en temporada estival donde existe un mayor flujo de turistas en la regi\u00f3n y a denunciar y entregar todos los antecedentes sobre uso de fuego en lugares no permitidos a las autoridades competentes.<\/p>\n<p>(Fotograf\u00eda: Imagen Referencial )<\/p>\n<\/div><\/section><\/div><div  style='height:50px' class='hr hr-invisible   avia-builder-el-6  el_after_av_one_full  el_before_av_social_share '><span class='hr-inner ' ><span class='hr-inner-style'><\/span><\/span><\/div><\/p>\n<div  class='av-social-sharing-box  avia-builder-el-7  el_after_av_hr  el_before_av_hr  '><div class='av-share-box'><h5 class='av-share-link-description av-no-toc '>Compartir esta noticia<\/h5><ul class='av-share-box-list noLightbox'><li class='av-share-link av-social-link-facebook' ><a target=\"_blank\" aria-label=\"Compartir en Facebook\" href='https:\/\/www.facebook.com\/sharer.php?u=https:\/\/radiorevelacionfm.cl\/?p=12811&#038;t=PDI%20y%20Fiscal%C3%ADa%20inician%20investigaci%C3%B3n%20por%20fogata%20no%20autorizada%20en%20Parque%20Nacional%20Queulat' aria-hidden='false' data-av_icon='\ue8f3' data-av_iconfont='entypo-fontello' title='' data-avia-related-tooltip='Compartir en Facebook' rel=\"noopener\"><span class='avia_hidden_link_text'>Compartir en Facebook<\/span><\/a><\/li><li class='av-share-link av-social-link-twitter' ><a target=\"_blank\" aria-label=\"Compartir en Twitter\" href='https:\/\/twitter.com\/share?text=PDI%20y%20Fiscal%C3%ADa%20inician%20investigaci%C3%B3n%20por%20fogata%20no%20autorizada%20en%20Parque%20Nacional%20Queulat&#038;url=https:\/\/radiorevelacionfm.cl\/?p=12811' aria-hidden='false' data-av_icon='\ue8f1' data-av_iconfont='entypo-fontello' title='' data-avia-related-tooltip='Compartir en Twitter' rel=\"noopener\"><span class='avia_hidden_link_text'>Compartir en Twitter<\/span><\/a><\/li><li class='av-share-link av-social-link-whatsapp' ><a target=\"_blank\" aria-label=\"Compartir en Whatsapp\" href='https:\/\/api.whatsapp.com\/send?text=https:\/\/radiorevelacionfm.cl\/?p=12811' aria-hidden='false' data-av_icon='\uf232' data-av_iconfont='entypo-fontello' title='' data-avia-related-tooltip='Compartir en Whatsapp' rel=\"noopener\"><span class='avia_hidden_link_text'>Compartir en Whatsapp<\/span><\/a><\/li><li class='av-share-link av-social-link-linkedin' ><a target=\"_blank\" aria-label=\"Compartir en LinkedIn\" href='https:\/\/linkedin.com\/shareArticle?mini=true&#038;title=PDI%20y%20Fiscal%C3%ADa%20inician%20investigaci%C3%B3n%20por%20fogata%20no%20autorizada%20en%20Parque%20Nacional%20Queulat&#038;url=https:\/\/radiorevelacionfm.cl\/?p=12811' aria-hidden='false' data-av_icon='\ue8fc' data-av_iconfont='entypo-fontello' title='' data-avia-related-tooltip='Compartir en LinkedIn' rel=\"noopener\"><span class='avia_hidden_link_text'>Compartir en LinkedIn<\/span><\/a><\/li><li class='av-share-link av-social-link-mail' ><a  aria-label=\"Compartir por correo\" href='mailto:?subject=PDI%20y%20Fiscal%C3%ADa%20inician%20investigaci%C3%B3n%20por%20fogata%20no%20autorizada%20en%20Parque%20Nacional%20Queulat&#038;body=https:\/\/radiorevelacionfm.cl\/?p=12811' aria-hidden='false' data-av_icon='\ue805' data-av_iconfont='entypo-fontello' title='' data-avia-related-tooltip='Compartir por correo'><span class='avia_hidden_link_text'>Compartir por correo<\/span><\/a><\/li><\/ul><\/div><\/div>\n<div  style='height:50px' class='hr hr-invisible   avia-builder-el-8  el_after_av_social_share  el_before_av_comments_list '><span class='hr-inner ' ><span class='hr-inner-style'><\/span><\/span><\/div>\n<div  class='av-buildercomment  av-blog-meta-html-info-disabled av-blog-meta-tag-disabled  '><\/div>\n","protected":false},"excerpt":{"rendered":"","protected":false},"author":1,"featured_media":12812,"comment_status":"open","ping_status":"open","sticky":false,"template":"","format":"standard","meta":{"footnotes":""},"categories":[36],"tags":[],"class_list":["post-12811","post","type-post","status-publish","format-standard","has-post-thumbnail","hentry","category-policial"],"jetpack_featured_media_url":"https:\/\/radiorevelacionfm.cl\/wp-content\/uploads\/2022\/01\/referencial-incendios-forestales-001-2_optimized.jpg","_links":{"self":[{"href":"https:\/\/radiorevelacionfm.cl\/index.php?rest_route=\/wp\/v2\/posts\/12811","targetHints":{"allow":["GET"]}}],"collection":[{"href":"https:\/\/radiorevelacionfm.cl\/index.php?rest_route=\/wp\/v2\/posts"}],"about":[{"href":"https:\/\/radiorevelacionfm.cl\/index.php?rest_route=\/wp\/v2\/types\/post"}],"author":[{"embeddable":true,"href":"https:\/\/radiorevelacionfm.cl\/index.php?rest_route=\/wp\/v2\/users\/1"}],"replies":[{"embeddable":true,"href":"https:\/\/radiorevelacionfm.cl\/index.php?rest_route=%2Fwp%2Fv2%2Fcomments&post=12811"}],"version-history":[{"count":2,"href":"https:\/\/radiorevelacionfm.cl\/index.php?rest_route=\/wp\/v2\/posts\/12811\/revisions"}],"predecessor-version":[{"id":12814,"href":"https:\/\/radiorevelacionfm.cl\/index.php?rest_route=\/wp\/v2\/posts\/12811\/revisions\/12814"}],"wp:featuredmedia":[{"embeddable":true,"href":"https:\/\/radiorevelacionfm.cl\/index.php?rest_route=\/wp\/v2\/media\/12812"}],"wp:attachment":[{"href":"https:\/\/radiorevelacionfm.cl\/index.php?rest_route=%2Fwp%2Fv2%2Fmedia&parent=12811"}],"wp:term":[{"taxonomy":"category","embeddable":true,"href":"https:\/\/radiorevelacionfm.cl\/index.php?rest_route=%2Fwp%2Fv2%2Fcategories&post=12811"},{"taxonomy":"post_tag","embeddable":true,"href":"https:\/\/radiorevelacionfm.cl\/index.php?rest_route=%2Fwp%2Fv2%2Ftags&post=12811"}],"curies":[{"name":"wp","href":"https:\/\/api.w.org\/{rel}","templated":true}]}}