{"id":12806,"date":"2022-01-13T18:23:06","date_gmt":"2022-01-13T21:23:06","guid":{"rendered":"https:\/\/radiorevelacionfm.cl\/?p=12806"},"modified":"2022-01-13T18:26:22","modified_gmt":"2022-01-13T21:26:22","slug":"expo-dubai-contara-con-una-empresaria-de-la-region-de-aysen","status":"publish","type":"post","link":"https:\/\/radiorevelacionfm.cl\/?p=12806","title":{"rendered":"Expo Dubai contar\u00e1 con una empresaria de la regi\u00f3n de Ays\u00e9n"},"content":{"rendered":"<div class=\"flex_column av_one_full  flex_column_div av-zero-column-padding first  avia-builder-el-0  el_before_av_one_full  avia-builder-el-first  \" style='border-radius:0px; '><div  class='avia-image-container  av-styling-    avia-builder-el-1  avia-builder-el-no-sibling  avia-align-center '  itemprop=\"image\" itemscope=\"itemscope\" itemtype=\"https:\/\/schema.org\/ImageObject\"  ><div class='avia-image-container-inner'><div class='avia-image-overlay-wrap'><img decoding=\"async\" class='wp-image-12807 avia-img-lazy-loading-not-12807 avia_image' src=\"https:\/\/radiorevelacionfm.cl\/wp-content\/uploads\/2022\/01\/Carolina-Jara-2-2.jpg\" alt='' title='Carolina Jara-2-2' height=\"600\" width=\"800\"  itemprop=\"thumbnailUrl\" srcset=\"https:\/\/radiorevelacionfm.cl\/wp-content\/uploads\/2022\/01\/Carolina-Jara-2-2.jpg 800w, https:\/\/radiorevelacionfm.cl\/wp-content\/uploads\/2022\/01\/Carolina-Jara-2-2-300x225.jpg 300w, https:\/\/radiorevelacionfm.cl\/wp-content\/uploads\/2022\/01\/Carolina-Jara-2-2-768x576.jpg 768w, https:\/\/radiorevelacionfm.cl\/wp-content\/uploads\/2022\/01\/Carolina-Jara-2-2-705x529.jpg 705w, https:\/\/radiorevelacionfm.cl\/wp-content\/uploads\/2022\/01\/Carolina-Jara-2-2-600x450.jpg 600w\" sizes=\"(max-width: 800px) 100vw, 800px\" \/><\/div><\/div><\/div><\/div><div class=\"flex_column av_one_full  flex_column_div av-zero-column-padding first  avia-builder-el-2  el_after_av_one_full  el_before_av_one_full  column-top-margin\" style='border-radius:0px; '><section class=\"av_textblock_section \"  itemscope=\"itemscope\" itemtype=\"https:\/\/schema.org\/BlogPosting\" itemprop=\"blogPost\" ><div class='avia_textblock  '   itemprop=\"text\" ><p style=\"text-align: center;\"><strong><span style=\"font-size: 18pt;\">Expo Dubai contar\u00e1 con una empresaria de la regi\u00f3n de Ays\u00e9n<\/span><\/strong><\/p>\n<div id=\"gtx-trans\" style=\"position: absolute; left: -50px; top: 4.31534px;\">\n<div class=\"gtx-trans-icon\"><\/div>\n<\/div>\n<\/div><\/section><\/div><div class=\"flex_column av_one_full  flex_column_div av-zero-column-padding first  avia-builder-el-4  el_after_av_one_full  el_before_av_hr  column-top-margin\" style='border-radius:0px; '><section class=\"av_textblock_section \"  itemscope=\"itemscope\" itemtype=\"https:\/\/schema.org\/BlogPosting\" itemprop=\"blogPost\" ><div class='avia_textblock  '   itemprop=\"text\" ><p style=\"text-align: justify;\">Durante esta semana se reunieron, la Seremi de la Mujer y la Equidad de G\u00e9nero B\u00e1rbara Ort\u00fazar, junto a la Directora Regional de ProChile Pamela Flores con la \u00fanica empresaria que representar\u00e1, no s\u00f3lo a las mujeres de la regi\u00f3n de Ays\u00e9n, sino a las empresarias regionales de Chile. Carolina Jara, fundadora de \u201cSurYuis\u201d es una de las siete emprendedoras que viajan esta semana a la Expo Dub\u00e1i.<\/p>\n<p style=\"text-align: justify;\">Al respecto la Seremi coment\u00f3 \u201cPrimero, quiero felicitar a Carolina Jara, reconocida emprendedora de nuestra regi\u00f3n, y destacar su participaci\u00f3n en la Semana de la Mujer que se realizar\u00e1 en Dub\u00e1i. Esto, nos enorgullece, como mujer y tambi\u00e9n como Ministerio, ya que sabemos que el empoderamiento econ\u00f3mico y empresarial de las mujeres es clave para superar una serie de situaciones en la vida y para lograr, tambi\u00e9n, la equidad de g\u00e9nero que es el inicio para construir sociedades inclusivas. Como mujeres sabemos lo dif\u00edcil que es abrirse espacios en mundos masculinos y, es por esto que la Agenda Mujer del Ministerio plante\u00f3 desde el inicio, el desaf\u00edo de apoyar y fomentar, no s\u00f3lo la participaci\u00f3n, sino el liderazgo femenino, y a trav\u00e9s de esta empresaria regional, podemos observar de manera cercana como la perseverancia y el trabajo pueden hacernos llegar a la cima de nuestros sue\u00f1os. Finalmente quiero destacar, adem\u00e1s, el apoyo de ProChile Ays\u00e9n y su directora por el compromiso con las mujeres emprendedoras y empresarias de nuestra regi\u00f3n, demostrando que es fundamental el trabajo intersectorial para lograr que cada vez m\u00e1s mujeres lleguen con sus productos a comercios internacionales\u201d<\/p>\n<p style=\"text-align: justify;\">La Expo 2020 Dub\u00e1i, aplazada por motivo de la pandemia, recibe al mundo durante 182 d\u00edas, siendo un momento para crear, colaborar e innovar. Bajo el lema \u00abConnecting Minds and Creating the Future\u00bb la Exposici\u00f3n Universal de Dub\u00e1i cuenta con la participaci\u00f3n de m\u00e1s de 180 pa\u00edses y m\u00faltiples pabellones \u00fanicos.<\/p>\n<p style=\"text-align: justify;\">\u201cProChile y Mujer Exporta invit\u00f3 a empresas chilenas lideradas por mujeres que cuenten con oferta exportable de alimentos a participar de una misi\u00f3n de prospecci\u00f3n de mercado en el marco de la Expo Dub\u00e1i 2020 con el objetivo de visibilizar a las empresarias chilenas y acercar oportunidades comerciales para ellas. Llevamos siete representantes a nivel nacional y como ProChile Ays\u00e9n, estamos orgullosos de tener a la \u00fanica representante de regiones que va a este importante evento y esperamos que sea una experiencia enriquecedora que genere negocio. Carolina Jara lleva consigo productos que son representativos de nuestra regi\u00f3n, y tiene la calidad necesaria para entrar a este mercado, por lo que estamos seguros de que su participaci\u00f3n en la semana de la Mujer ser\u00e1 exitosa\u201d se\u00f1al\u00f3 Pamela Flores, Directora de ProChile Ays\u00e9n.<\/p>\n<p style=\"text-align: justify;\">La participaci\u00f3n de Chile en esta importante feria presencial, que recibir\u00e1 m\u00e1s de 10 millones de personas en seis meses, ser\u00e1 con un pabell\u00f3n que funcionar\u00e1 como un centro de negocios donde empresarios y emprendedores chilenos tendr\u00e1n una vitrina al mundo para mostrar sus soluciones innovadoras en temas como sostenibilidad, la innovaci\u00f3n y la seguridad alimentaria.<\/p>\n<p style=\"text-align: justify;\">La empresa regional seleccionada, que hace poco realiz\u00f3 su primera exportaci\u00f3n a Corea del Sur, se dedica a la elaboraci\u00f3n de jugos, harinas de maqui, conservas de jarabes y extractos de s\u00faper frutos de la Patagonia desde el a\u00f1o 2014, sello que le permiti\u00f3 en esta oportunidad a su fundadora representar al pa\u00eds, la regi\u00f3n y a estos caracter\u00edsticos productos de la regi\u00f3n de Ays\u00e9n en el evento.<\/p>\n<p style=\"text-align: justify;\">Carolina Jara, representante de SurYuis, dijo estar feliz de poder ir a esta Feria, ya que es un desaf\u00edo tremendo y agradeci\u00f3 el apoyo de \u00e9sta instituci\u00f3n de la regi\u00f3n de Ays\u00e9n, \u00a0complementando \u201cEs fundamental ProChile en esta gesti\u00f3n, que hizo que nosotros podamos hoy d\u00eda estar presentes en la feria de Dub\u00e1i y m\u00e1s gracias a este Programa de \u201cMujer Exporta\u201d, que si no existiera no creo que podr\u00edamos estar viajando, as\u00ed que para nosotros es super importante que nos den esta oportunidad de estar presentes en esta feria\u201d. \u00a0Respecto a ser la \u00fanica representante de regiones, agrego estar \u201cFelices y contentos de poder representar a nuestra regi\u00f3n, tambi\u00e9n sabiendo que soy la \u00fanica mujer de regi\u00f3n que asiste a esta Feria\u201d. Finalmente, la representante de SurYuis dej\u00f3 un mensaje a las emprendedoras de Ays\u00e9n \u201cuno tiene que trabajar y perseverar y hacer las cosas bien y en este camino, que no es f\u00e1cil y que cuesta mucho, s\u00ed se puede, y m\u00e1s a\u00fan cuando se unen todas estas instituciones y nos dan la posibilidad de poder lograr esto, es fundamental. Nosotros, por ejemplo, si no existiera ProChile, no estar\u00edamos haciendo lo que estamos haciendo ahora de poder llegar a Dub\u00e1i\u201d concluy\u00f3.<\/p>\n<p style=\"text-align: justify;\">Cabe destacar que la participaci\u00f3n de Chile en EXPO DUBAI 2020 es un trabajo gestionado por ProChile, y cuenta con el auspicio principal de Banco de Chile y de las empresas Agrosuper, Arauco, CMPC, Codelco, DP World, Orizon y SQM, adem\u00e1s del Consejo Exportador de Alimentos.<\/p>\n<\/div><\/section><\/div><div  style='height:50px' class='hr hr-invisible   avia-builder-el-6  el_after_av_one_full  el_before_av_social_share '><span class='hr-inner ' ><span class='hr-inner-style'><\/span><\/span><\/div><\/p>\n<div  class='av-social-sharing-box  avia-builder-el-7  el_after_av_hr  el_before_av_hr  '><div class='av-share-box'><h5 class='av-share-link-description av-no-toc '>Compartir esta noticia<\/h5><ul class='av-share-box-list noLightbox'><li class='av-share-link av-social-link-facebook' ><a target=\"_blank\" aria-label=\"Compartir en Facebook\" href='https:\/\/www.facebook.com\/sharer.php?u=https:\/\/radiorevelacionfm.cl\/?p=12806&#038;t=Expo%20Dubai%20contar%C3%A1%20con%20una%20empresaria%20de%20la%20regi%C3%B3n%20de%20Ays%C3%A9n' aria-hidden='false' data-av_icon='\ue8f3' data-av_iconfont='entypo-fontello' title='' data-avia-related-tooltip='Compartir en Facebook' rel=\"noopener\"><span class='avia_hidden_link_text'>Compartir en Facebook<\/span><\/a><\/li><li class='av-share-link av-social-link-twitter' ><a target=\"_blank\" aria-label=\"Compartir en Twitter\" href='https:\/\/twitter.com\/share?text=Expo%20Dubai%20contar%C3%A1%20con%20una%20empresaria%20de%20la%20regi%C3%B3n%20de%20Ays%C3%A9n&#038;url=https:\/\/radiorevelacionfm.cl\/?p=12806' aria-hidden='false' data-av_icon='\ue8f1' data-av_iconfont='entypo-fontello' title='' data-avia-related-tooltip='Compartir en Twitter' rel=\"noopener\"><span class='avia_hidden_link_text'>Compartir en Twitter<\/span><\/a><\/li><li class='av-share-link av-social-link-whatsapp' ><a target=\"_blank\" aria-label=\"Compartir en Whatsapp\" href='https:\/\/api.whatsapp.com\/send?text=https:\/\/radiorevelacionfm.cl\/?p=12806' aria-hidden='false' data-av_icon='\uf232' data-av_iconfont='entypo-fontello' title='' data-avia-related-tooltip='Compartir en Whatsapp' rel=\"noopener\"><span class='avia_hidden_link_text'>Compartir en Whatsapp<\/span><\/a><\/li><li class='av-share-link av-social-link-linkedin' ><a target=\"_blank\" aria-label=\"Compartir en LinkedIn\" href='https:\/\/linkedin.com\/shareArticle?mini=true&#038;title=Expo%20Dubai%20contar%C3%A1%20con%20una%20empresaria%20de%20la%20regi%C3%B3n%20de%20Ays%C3%A9n&#038;url=https:\/\/radiorevelacionfm.cl\/?p=12806' aria-hidden='false' data-av_icon='\ue8fc' data-av_iconfont='entypo-fontello' title='' data-avia-related-tooltip='Compartir en LinkedIn' rel=\"noopener\"><span class='avia_hidden_link_text'>Compartir en LinkedIn<\/span><\/a><\/li><li class='av-share-link av-social-link-mail' ><a  aria-label=\"Compartir por correo\" href='mailto:?subject=Expo%20Dubai%20contar%C3%A1%20con%20una%20empresaria%20de%20la%20regi%C3%B3n%20de%20Ays%C3%A9n&#038;body=https:\/\/radiorevelacionfm.cl\/?p=12806' aria-hidden='false' data-av_icon='\ue805' data-av_iconfont='entypo-fontello' title='' data-avia-related-tooltip='Compartir por correo'><span class='avia_hidden_link_text'>Compartir por correo<\/span><\/a><\/li><\/ul><\/div><\/div>\n<div  style='height:50px' class='hr hr-invisible   avia-builder-el-8  el_after_av_social_share  el_before_av_comments_list '><span class='hr-inner ' ><span class='hr-inner-style'><\/span><\/span><\/div>\n<div  class='av-buildercomment  av-blog-meta-html-info-disabled av-blog-meta-tag-disabled  '><\/div>\n","protected":false},"excerpt":{"rendered":"","protected":false},"author":1,"featured_media":12810,"comment_status":"open","ping_status":"open","sticky":false,"template":"","format":"standard","meta":{"footnotes":""},"categories":[38],"tags":[],"class_list":["post-12806","post","type-post","status-publish","format-standard","has-post-thumbnail","hentry","category-regional"],"jetpack_featured_media_url":"https:\/\/radiorevelacionfm.cl\/wp-content\/uploads\/2022\/01\/image-32-2.jpg","_links":{"self":[{"href":"https:\/\/radiorevelacionfm.cl\/index.php?rest_route=\/wp\/v2\/posts\/12806","targetHints":{"allow":["GET"]}}],"collection":[{"href":"https:\/\/radiorevelacionfm.cl\/index.php?rest_route=\/wp\/v2\/posts"}],"about":[{"href":"https:\/\/radiorevelacionfm.cl\/index.php?rest_route=\/wp\/v2\/types\/post"}],"author":[{"embeddable":true,"href":"https:\/\/radiorevelacionfm.cl\/index.php?rest_route=\/wp\/v2\/users\/1"}],"replies":[{"embeddable":true,"href":"https:\/\/radiorevelacionfm.cl\/index.php?rest_route=%2Fwp%2Fv2%2Fcomments&post=12806"}],"version-history":[{"count":2,"href":"https:\/\/radiorevelacionfm.cl\/index.php?rest_route=\/wp\/v2\/posts\/12806\/revisions"}],"predecessor-version":[{"id":12809,"href":"https:\/\/radiorevelacionfm.cl\/index.php?rest_route=\/wp\/v2\/posts\/12806\/revisions\/12809"}],"wp:featuredmedia":[{"embeddable":true,"href":"https:\/\/radiorevelacionfm.cl\/index.php?rest_route=\/wp\/v2\/media\/12810"}],"wp:attachment":[{"href":"https:\/\/radiorevelacionfm.cl\/index.php?rest_route=%2Fwp%2Fv2%2Fmedia&parent=12806"}],"wp:term":[{"taxonomy":"category","embeddable":true,"href":"https:\/\/radiorevelacionfm.cl\/index.php?rest_route=%2Fwp%2Fv2%2Fcategories&post=12806"},{"taxonomy":"post_tag","embeddable":true,"href":"https:\/\/radiorevelacionfm.cl\/index.php?rest_route=%2Fwp%2Fv2%2Ftags&post=12806"}],"curies":[{"name":"wp","href":"https:\/\/api.w.org\/{rel}","templated":true}]}}