{"id":12803,"date":"2022-01-14T09:37:18","date_gmt":"2022-01-14T12:37:18","guid":{"rendered":"https:\/\/radiorevelacionfm.cl\/?p=12803"},"modified":"2022-01-14T09:37:18","modified_gmt":"2022-01-14T12:37:18","slug":"se-abrieron-las-inscripciones-para-talleres-y-capacitaciones-del-programa-de-prevencion-en-violencia-contra-las-mujeres-de-sernameg","status":"publish","type":"post","link":"https:\/\/radiorevelacionfm.cl\/?p=12803","title":{"rendered":"Se abrieron las inscripciones para talleres y capacitaciones del Programa de Prevenci\u00f3n en Violencia contra las Mujeres de SernamEG"},"content":{"rendered":"<div class=\"flex_column av_one_full  flex_column_div av-zero-column-padding first  avia-builder-el-0  el_before_av_one_full  avia-builder-el-first  \" style='border-radius:0px; '><div  class='avia-image-container  av-styling-    avia-builder-el-1  avia-builder-el-no-sibling  avia-align-center '  itemprop=\"image\" itemscope=\"itemscope\" itemtype=\"https:\/\/schema.org\/ImageObject\"  ><div class='avia-image-container-inner'><div class='avia-image-overlay-wrap'><img decoding=\"async\" class='wp-image-12804 avia-img-lazy-loading-not-12804 avia_image' src=\"https:\/\/radiorevelacionfm.cl\/wp-content\/uploads\/2022\/01\/programa-prevencion-SernamEG-2.jpg\" alt='' title='programa prevenci\u00f3n SernamEG-2' height=\"600\" width=\"1080\"  itemprop=\"thumbnailUrl\" srcset=\"https:\/\/radiorevelacionfm.cl\/wp-content\/uploads\/2022\/01\/programa-prevencion-SernamEG-2.jpg 1080w, https:\/\/radiorevelacionfm.cl\/wp-content\/uploads\/2022\/01\/programa-prevencion-SernamEG-2-300x167.jpg 300w, https:\/\/radiorevelacionfm.cl\/wp-content\/uploads\/2022\/01\/programa-prevencion-SernamEG-2-1030x572.jpg 1030w, https:\/\/radiorevelacionfm.cl\/wp-content\/uploads\/2022\/01\/programa-prevencion-SernamEG-2-768x427.jpg 768w, https:\/\/radiorevelacionfm.cl\/wp-content\/uploads\/2022\/01\/programa-prevencion-SernamEG-2-705x392.jpg 705w, https:\/\/radiorevelacionfm.cl\/wp-content\/uploads\/2022\/01\/programa-prevencion-SernamEG-2-600x333.jpg 600w\" sizes=\"(max-width: 1080px) 100vw, 1080px\" \/><\/div><\/div><\/div><\/div><div class=\"flex_column av_one_full  flex_column_div av-zero-column-padding first  avia-builder-el-2  el_after_av_one_full  el_before_av_one_full  column-top-margin\" style='border-radius:0px; '><section class=\"av_textblock_section \"  itemscope=\"itemscope\" itemtype=\"https:\/\/schema.org\/BlogPosting\" itemprop=\"blogPost\" ><div class='avia_textblock  '   itemprop=\"text\" ><p style=\"text-align: center;\"><strong><span style=\"font-size: 18pt;\">Se abrieron las inscripciones para talleres y capacitaciones del Programa de Prevenci\u00f3n en Violencia contra las Mujeres de SernamEG<\/span><\/strong><\/p>\n<div id=\"gtx-trans\" style=\"position: absolute; left: -50px; top: 4.31534px;\">\n<div class=\"gtx-trans-icon\"><\/div>\n<\/div>\n<\/div><\/section><\/div><div class=\"flex_column av_one_full  flex_column_div av-zero-column-padding first  avia-builder-el-4  el_after_av_one_full  el_before_av_hr  column-top-margin\" style='border-radius:0px; '><section class=\"av_textblock_section \"  itemscope=\"itemscope\" itemtype=\"https:\/\/schema.org\/BlogPosting\" itemprop=\"blogPost\" ><div class='avia_textblock  '   itemprop=\"text\" ><p style=\"text-align: justify;\">Anteponerse de forma temprana a la discriminaci\u00f3n y violencia de g\u00e9nero en los distintos contextos en que se ejerce, a trav\u00e9s de procesos socioeducativos que entregan herramientas de aprendizaje a las personas j\u00f3venes y quienes se vinculan con este grupo etario es el prop\u00f3sito de los talleres y cursos virtuales del Programa de Prevenci\u00f3n en Violencia Contra las Mujeres. Este modelo program\u00e1tico del Servicio Nacional de la Mujer y la Equidad de G\u00e9nero se ejecuta v\u00eda convenio con las municipalidades de Coyhaique y de Ays\u00e9n. En este \u00faltimo caso, posibilita irradiar la cobertura a las comunas de Cisnes y Guaitecas.<\/p>\n<p style=\"text-align: justify;\">La relevancia de que el Estado de Chile aborde de forma temprana la violencia de g\u00e9nero tratando sus or\u00edgenes y causas estructurales fue lo resaltado por la Directora Regional Subrogante de SernamEG, Carla Arriagada Malague\u00f1o. \u201cEl Observatorio contra el Acoso Callejero realiz\u00f3 un estudio el a\u00f1o pasado, sobre experiencias de Violencia Sexual en medios de Transporte y espacios p\u00fablicos, el cual arroj\u00f3 que 8 de cada 10 mujeres han vivido por lo menos un episodio de este tipo en su vida. Antecedentes como estos, dan cuenta de que sigue vigente la necesidad de contribuir al cambio sociocultural y este Programa justamente apunta a modificar estos patrones, que a\u00fan persisten donde se establecen ciertas conductas asignadas a mujeres y hombres, en las que generalmente las mujeres se les asigna un rol inferior en la sociedad; la legitimidad que hist\u00f3ricamente se le ha dado a esta inequidad, es parte de lo que sustenta la violencia contra las mujeres\u201d, precis\u00f3.<\/p>\n<p style=\"text-align: justify;\">Marita Urra Mu\u00f1oz, se capacit\u00f3 como Monitora Juvenil en la comuna de Ays\u00e9n. En cuanto a su experiencia sostuvo que \u201cfue enriquecedora en todo sentido; es decir, a nivel personal, acad\u00e9mico y en lo laboral. Abordamos varios temas y creo que todos son super importantes y actuales como son los micromachismos, feminismo, la violencia de g\u00e9nero y su tipolog\u00eda, entre muchos otros. Quiz\u00e1s una puede tener ciertos conocimientos previos a estos conceptos, pero no siempre se tiene acceso a informaci\u00f3n m\u00e1s acabada, que fue la posibilidad que tuve al participar en esas jornadas\u201d.<\/p>\n<p style=\"text-align: justify;\">En tanto, en la comuna de Coyhaique, Y\u00e9ssica Sobarzo Rozas, cumpli\u00f3 su formaci\u00f3n de 16 horas pedag\u00f3gicas convirti\u00e9ndose en Agente Preventivo. \u201cEn estos talleres no s\u00f3lo entregan herramientas te\u00f3ricas o pr\u00e1cticas, sino que a trav\u00e9s de ejemplos te invitan a situarte desde tus propias experiencias para entender de mejor manera los conceptos\u201d, puntualiz\u00f3. Respecto a la convocatoria 2022, agreg\u00f3 que \u201csi tienes la oportunidad de inscribirte hazlo ya que ampliaras tus conocimientos y estar\u00e1s aportando a una tarea tan relevante para la sociedad como es la prevenci\u00f3n de la violencia contra las mujeres\u201d.<\/p>\n<p style=\"text-align: justify;\">El Programa est\u00e1 dirigido a dos grupos etarios \u2013 j\u00f3venes, entre 14 y 29 a\u00f1os, y personas adultas que trabajan o se vinculen con ellas\/os. Los talleres tienen una duraci\u00f3n de 2 a 6 horas pedag\u00f3gicas donde se abordan temas espec\u00edficos para la prevenci\u00f3n de la violencia de g\u00e9nero. En un nivel superior se encuentran las capacitaciones para la formaci\u00f3n de Monitoras\/es Juveniles y de Agentes Preventivos. En el primer caso, son 12 horas pedag\u00f3gicas para j\u00f3venes de 14 a 29 a\u00f1os y para las personas que se vinculan con j\u00f3venes, ya sea desde sus trabajos o que cumplen el rol de personas cuidadoras la duraci\u00f3n de la capacitaci\u00f3n es de 16 horas pedag\u00f3gicas. En ambos casos, tienen acceso a espacios educativos en los que se trabaja de forma participativa tem\u00e1ticas como Juventudes, G\u00e9nero No Binario, Interseccionalidad y Prevenci\u00f3n de Violencia contra las Mujeres y de G\u00e9nero, entre otras.<\/p>\n<p style=\"text-align: justify;\">Las capacitaciones\/cursos virtuales cuentan con una certificaci\u00f3n, que se entrega de manera digital al cumplir con el proceso completo de formaci\u00f3n. Para inscribirse, descargar informaci\u00f3n y realizar actividades a distancia se debe acceder a la p\u00e1gina web de SernamEG (<a href=\"http:\/\/www.sernameg.gob.cl\/\" data-saferedirecturl=\"https:\/\/www.google.com\/url?q=http:\/\/www.sernameg.gob.cl&amp;source=gmail&amp;ust=1642191699154000&amp;usg=AOvVaw0ShkpAmAB5Xy2kCQ1_08AS\">www.sernameg.gob.cl<\/a>). Ante cualquier duda o consulta se encuentra disponible el correo electr\u00f3nico <a href=\"mailto:cursos.prevencionvcm@sernameg.gob.cl\">cursos.prevencionvcm@sernameg.gob.cl<\/a><\/p>\n<\/div><\/section><\/div><div  style='height:50px' class='hr hr-invisible   avia-builder-el-6  el_after_av_one_full  el_before_av_social_share '><span class='hr-inner ' ><span class='hr-inner-style'><\/span><\/span><\/div><\/p>\n<div  class='av-social-sharing-box  avia-builder-el-7  el_after_av_hr  el_before_av_hr  '><div class='av-share-box'><h5 class='av-share-link-description av-no-toc '>Compartir esta noticia<\/h5><ul class='av-share-box-list noLightbox'><li class='av-share-link av-social-link-facebook' ><a target=\"_blank\" aria-label=\"Compartir en Facebook\" href='https:\/\/www.facebook.com\/sharer.php?u=https:\/\/radiorevelacionfm.cl\/?p=12803&#038;t=Se%20abrieron%20las%20inscripciones%20para%20talleres%20y%20capacitaciones%20del%20Programa%20de%20Prevenci%C3%B3n%20en%20Violencia%20contra%20las%20Mujeres%20de%20SernamEG' aria-hidden='false' data-av_icon='\ue8f3' data-av_iconfont='entypo-fontello' title='' data-avia-related-tooltip='Compartir en Facebook' rel=\"noopener\"><span class='avia_hidden_link_text'>Compartir en Facebook<\/span><\/a><\/li><li class='av-share-link av-social-link-twitter' ><a target=\"_blank\" aria-label=\"Compartir en Twitter\" href='https:\/\/twitter.com\/share?text=Se%20abrieron%20las%20inscripciones%20para%20talleres%20y%20capacitaciones%20del%20Programa%20de%20Prevenci%C3%B3n%20en%20Violencia%20contra%20las%20Mujeres%20de%20SernamEG&#038;url=https:\/\/radiorevelacionfm.cl\/?p=12803' aria-hidden='false' data-av_icon='\ue8f1' data-av_iconfont='entypo-fontello' title='' data-avia-related-tooltip='Compartir en Twitter' rel=\"noopener\"><span class='avia_hidden_link_text'>Compartir en Twitter<\/span><\/a><\/li><li class='av-share-link av-social-link-whatsapp' ><a target=\"_blank\" aria-label=\"Compartir en Whatsapp\" href='https:\/\/api.whatsapp.com\/send?text=https:\/\/radiorevelacionfm.cl\/?p=12803' aria-hidden='false' data-av_icon='\uf232' data-av_iconfont='entypo-fontello' title='' data-avia-related-tooltip='Compartir en Whatsapp' rel=\"noopener\"><span class='avia_hidden_link_text'>Compartir en Whatsapp<\/span><\/a><\/li><li class='av-share-link av-social-link-linkedin' ><a target=\"_blank\" aria-label=\"Compartir en LinkedIn\" href='https:\/\/linkedin.com\/shareArticle?mini=true&#038;title=Se%20abrieron%20las%20inscripciones%20para%20talleres%20y%20capacitaciones%20del%20Programa%20de%20Prevenci%C3%B3n%20en%20Violencia%20contra%20las%20Mujeres%20de%20SernamEG&#038;url=https:\/\/radiorevelacionfm.cl\/?p=12803' aria-hidden='false' data-av_icon='\ue8fc' data-av_iconfont='entypo-fontello' title='' data-avia-related-tooltip='Compartir en LinkedIn' rel=\"noopener\"><span class='avia_hidden_link_text'>Compartir en LinkedIn<\/span><\/a><\/li><li class='av-share-link av-social-link-mail' ><a  aria-label=\"Compartir por correo\" href='mailto:?subject=Se%20abrieron%20las%20inscripciones%20para%20talleres%20y%20capacitaciones%20del%20Programa%20de%20Prevenci%C3%B3n%20en%20Violencia%20contra%20las%20Mujeres%20de%20SernamEG&#038;body=https:\/\/radiorevelacionfm.cl\/?p=12803' aria-hidden='false' data-av_icon='\ue805' data-av_iconfont='entypo-fontello' title='' data-avia-related-tooltip='Compartir por correo'><span class='avia_hidden_link_text'>Compartir por correo<\/span><\/a><\/li><\/ul><\/div><\/div>\n<div  style='height:50px' class='hr hr-invisible   avia-builder-el-8  el_after_av_social_share  el_before_av_comments_list '><span class='hr-inner ' ><span class='hr-inner-style'><\/span><\/span><\/div>\n<div  class='av-buildercomment  av-blog-meta-html-info-disabled av-blog-meta-tag-disabled  '><\/div>\n","protected":false},"excerpt":{"rendered":"","protected":false},"author":1,"featured_media":12804,"comment_status":"open","ping_status":"open","sticky":false,"template":"","format":"standard","meta":{"footnotes":""},"categories":[38],"tags":[],"class_list":["post-12803","post","type-post","status-publish","format-standard","has-post-thumbnail","hentry","category-regional"],"jetpack_featured_media_url":"https:\/\/radiorevelacionfm.cl\/wp-content\/uploads\/2022\/01\/programa-prevencion-SernamEG-2.jpg","_links":{"self":[{"href":"https:\/\/radiorevelacionfm.cl\/index.php?rest_route=\/wp\/v2\/posts\/12803","targetHints":{"allow":["GET"]}}],"collection":[{"href":"https:\/\/radiorevelacionfm.cl\/index.php?rest_route=\/wp\/v2\/posts"}],"about":[{"href":"https:\/\/radiorevelacionfm.cl\/index.php?rest_route=\/wp\/v2\/types\/post"}],"author":[{"embeddable":true,"href":"https:\/\/radiorevelacionfm.cl\/index.php?rest_route=\/wp\/v2\/users\/1"}],"replies":[{"embeddable":true,"href":"https:\/\/radiorevelacionfm.cl\/index.php?rest_route=%2Fwp%2Fv2%2Fcomments&post=12803"}],"version-history":[{"count":2,"href":"https:\/\/radiorevelacionfm.cl\/index.php?rest_route=\/wp\/v2\/posts\/12803\/revisions"}],"predecessor-version":[{"id":12826,"href":"https:\/\/radiorevelacionfm.cl\/index.php?rest_route=\/wp\/v2\/posts\/12803\/revisions\/12826"}],"wp:featuredmedia":[{"embeddable":true,"href":"https:\/\/radiorevelacionfm.cl\/index.php?rest_route=\/wp\/v2\/media\/12804"}],"wp:attachment":[{"href":"https:\/\/radiorevelacionfm.cl\/index.php?rest_route=%2Fwp%2Fv2%2Fmedia&parent=12803"}],"wp:term":[{"taxonomy":"category","embeddable":true,"href":"https:\/\/radiorevelacionfm.cl\/index.php?rest_route=%2Fwp%2Fv2%2Fcategories&post=12803"},{"taxonomy":"post_tag","embeddable":true,"href":"https:\/\/radiorevelacionfm.cl\/index.php?rest_route=%2Fwp%2Fv2%2Ftags&post=12803"}],"curies":[{"name":"wp","href":"https:\/\/api.w.org\/{rel}","templated":true}]}}