{"id":12799,"date":"2022-01-13T17:57:01","date_gmt":"2022-01-13T20:57:01","guid":{"rendered":"https:\/\/radiorevelacionfm.cl\/?p=12799"},"modified":"2022-01-13T17:57:01","modified_gmt":"2022-01-13T20:57:01","slug":"realizaran-operativo-de-esterilizacion-y-microchipeo-en-la-comuna-de-cisnes","status":"publish","type":"post","link":"https:\/\/radiorevelacionfm.cl\/?p=12799","title":{"rendered":"Realizar\u00e1n operativo de esterilizaci\u00f3n y microchipeo en la comuna de Cisnes"},"content":{"rendered":"<div class=\"flex_column av_one_full  flex_column_div av-zero-column-padding first  avia-builder-el-0  el_before_av_one_full  avia-builder-el-first  \" style='border-radius:0px; '><div  class='avia-image-container  av-styling-    avia-builder-el-1  avia-builder-el-no-sibling  avia-align-center '  itemprop=\"image\" itemscope=\"itemscope\" itemtype=\"https:\/\/schema.org\/ImageObject\"  ><div class='avia-image-container-inner'><div class='avia-image-overlay-wrap'><img decoding=\"async\" class='wp-image-12800 avia-img-lazy-loading-not-12800 avia_image' src=\"https:\/\/radiorevelacionfm.cl\/wp-content\/uploads\/2022\/01\/confirman-operativo-2-2_optimized.jpg\" alt='' title='confirman-operativo-2-2_optimized' height=\"600\" width=\"1067\"  itemprop=\"thumbnailUrl\" srcset=\"https:\/\/radiorevelacionfm.cl\/wp-content\/uploads\/2022\/01\/confirman-operativo-2-2_optimized.jpg 1067w, https:\/\/radiorevelacionfm.cl\/wp-content\/uploads\/2022\/01\/confirman-operativo-2-2_optimized-300x169.jpg 300w, https:\/\/radiorevelacionfm.cl\/wp-content\/uploads\/2022\/01\/confirman-operativo-2-2_optimized-1030x579.jpg 1030w, https:\/\/radiorevelacionfm.cl\/wp-content\/uploads\/2022\/01\/confirman-operativo-2-2_optimized-768x432.jpg 768w, https:\/\/radiorevelacionfm.cl\/wp-content\/uploads\/2022\/01\/confirman-operativo-2-2_optimized-705x396.jpg 705w, https:\/\/radiorevelacionfm.cl\/wp-content\/uploads\/2022\/01\/confirman-operativo-2-2_optimized-600x337.jpg 600w\" sizes=\"(max-width: 1067px) 100vw, 1067px\" \/><\/div><\/div><\/div><\/div><div class=\"flex_column av_one_full  flex_column_div av-zero-column-padding first  avia-builder-el-2  el_after_av_one_full  el_before_av_one_full  column-top-margin\" style='border-radius:0px; '><section class=\"av_textblock_section \"  itemscope=\"itemscope\" itemtype=\"https:\/\/schema.org\/BlogPosting\" itemprop=\"blogPost\" ><div class='avia_textblock  '   itemprop=\"text\" ><p style=\"text-align: center;\"><strong><span style=\"font-size: 18pt;\">Realizar\u00e1n operativo de esterilizaci\u00f3n y microchipeo en la comuna de Cisnes<\/span><\/strong><\/p>\n<div id=\"gtx-trans\" style=\"position: absolute; left: -50px; top: 4.31534px;\">\n<div class=\"gtx-trans-icon\"><\/div>\n<\/div>\n<\/div><\/section><\/div><div class=\"flex_column av_one_full  flex_column_div av-zero-column-padding first  avia-builder-el-4  el_after_av_one_full  el_before_av_hr  column-top-margin\" style='border-radius:0px; '><section class=\"av_textblock_section \"  itemscope=\"itemscope\" itemtype=\"https:\/\/schema.org\/BlogPosting\" itemprop=\"blogPost\" ><div class='avia_textblock  '   itemprop=\"text\" ><p style=\"text-align: justify;\">Tras el requerimiento ciudadano, de dirigentes vecinales y organizaciones de protecci\u00f3n animal, la Municipalidad de Cisnes present\u00f3 una iniciativa a la Subsecretaria de Desarrollo Regional y Administrativo, en base al programa de tenencia responsable de mascotas.<\/p>\n<p style=\"text-align: justify;\">Es as\u00ed que, en medio de una reuni\u00f3n efectuada en el gimnasio de Puerto Cisnes, se confirmaron los recursos para ejecutar 100 esterilizaciones y la instalaci\u00f3n de 80 microchips para perros y gatos en toda la comuna. Al respecto, el Encargado de la Unidad Regional de la Subdere, Patricio Ulloa, destac\u00f3.<\/p>\n<p style=\"text-align: justify;\">\u201cEstuvimos hablando de la tenencia responsable de animales de compa\u00f1\u00eda, porque esta es una tenencia responsable compartida, por un lado, la ley obliga a la Municipalidad a tener ordenanzas, en el fondo que los perritos cuando andan en las calles mucha gente es irresponsable y no se hace cargo de sus mascotas. Lo que hemos hecho hoy como Subdere es, anunciar cerca de 3 millones 600 mil pesos para que la Municipalidad pueda llevar a cabo 100 esterilizaciones de perritos, de gatos en la comuna de Cisnes y adem\u00e1s instalar chips. Decir tambi\u00e9n que, dentro de la ley Cholito hay un programa que se llama, registro nacional de mascotas, por lo tanto, se van a implantar 80 chips. Creemos tambi\u00e9n importante destacar, el compromiso que ha tenido la Municipalidad, ya que, hoy el Alcalde anunci\u00f3 que se van a destinar recursos para complementar este programa que tiene la Subdere\u201d.<\/p>\n<p style=\"text-align: justify;\">El Alcalde de la comuna de Cisnes, Francisco Roncagliolo, puso en valor la posibilidad de socializar temas como la tenencia responsable de mascotas con organizaciones y dirigentes locales.<\/p>\n<p style=\"text-align: justify;\">\u201cEstamos muy contentos por el apoyo que hemos recibido de Subdere, obviamente hay una postulaci\u00f3n de por medio para obtener los recursos, somos unos de los dos municipios que a nivel regional obtuvo financiamiento para la esterilizaci\u00f3n de animales de compa\u00f1\u00eda. Por lo tanto, en esta reuni\u00f3n lo que hemos buscado es conversar con organizaciones que buscan llevar adelante este tipo de iniciativas, como tambi\u00e9n, con juntas de vecinos, para darles a conocer cu\u00e1l es el alcance de lo que queremos. Por ello, el llamado es a toda la comunidad, a todos los vecinos a que seamos responsables con la tenencia de nuestras mascotas, as\u00ed es que, los llamamos a inscribir a sus perros y gatos en el programa de esterilizaci\u00f3n\u201d.<\/p>\n<p style=\"text-align: justify;\">Desde la fundaci\u00f3n \u201cDignidad Animal\u201d de Puerto Cisnes, se mostraron felices de que se generen espacios de dialogo y jornadas de tenencia responsable. Tal como lo dio a conocer, Mariana Vega. \u201cVemos que se nos est\u00e1n abriendo m\u00e1s puertas, porque necesitamos hartos recursos, hartas ayudas, porque esta situaci\u00f3n de los animales ac\u00e1 en Cisnes y en toda la comuna es urgente y si nos est\u00e1n dando esta posibilidad de avanzar con el tema de las esterilizaciones es importante. El chipeo en s\u00ed, ya es importante para nosotros como fundaci\u00f3n y m\u00e1s si se comprometen recursos, s\u00faper contentos\u201d.<\/p>\n<p style=\"text-align: justify;\">Otra dirigenta de la fundaci\u00f3n \u201cDignidad Animal\u201d Puerto Cisnes, Alicia Nieto, agradeci\u00f3 que se desarrollen estas iniciativas, manifestando que, \u201cno lo ten\u00edamos en nuestros planes, de hecho, \u00edbamos a pagar ahora una esterilizaci\u00f3n para los perritos del muelle, para los cuatro cachorritos que tenemos en casa de una vecina, entonces, esto nos viene bastante bien. De hecho, vamos a juntar todos los perritos que se puedan, gatitos callejeros para incluirlos en esta esterilizaci\u00f3n gratis que viene bastante bien, se valora mucho\u201d.<\/p>\n<p style=\"text-align: justify;\">Este tipo de iniciativas tambi\u00e9n han sido motivadas desde el Concejo Municipal de Cisnes, donde han tenido activa participaci\u00f3n los Concejales Larry Letcher, Ximena Ar\u00e9valo y Cristian Jaramillo, quienes en esta oportunidad estuvieron en la reuni\u00f3n junto a dirigentes y organizaciones de protecci\u00f3n animal, comprometidos a continuar respaldando estos proyectos.<\/p>\n<p style=\"text-align: justify;\">Hasta el d\u00eda 20 de enero se extiende el plazo para inscribir a las mascotas tanto para esterilizaci\u00f3n como para la instalaci\u00f3n de microchip, 100 cupos en lo primero y 80 en lo segundo. Inscripciones en la Municipalidad de Cisnes y en sus respectivas Delegaciones.<\/p>\n<\/div><\/section><\/div><div  style='height:50px' class='hr hr-invisible   avia-builder-el-6  el_after_av_one_full  el_before_av_social_share '><span class='hr-inner ' ><span class='hr-inner-style'><\/span><\/span><\/div><\/p>\n<div  class='av-social-sharing-box  avia-builder-el-7  el_after_av_hr  el_before_av_hr  '><div class='av-share-box'><h5 class='av-share-link-description av-no-toc '>Compartir esta noticia<\/h5><ul class='av-share-box-list noLightbox'><li class='av-share-link av-social-link-facebook' ><a target=\"_blank\" aria-label=\"Compartir en Facebook\" href='https:\/\/www.facebook.com\/sharer.php?u=https:\/\/radiorevelacionfm.cl\/?p=12799&#038;t=Realizar%C3%A1n%20operativo%20de%20esterilizaci%C3%B3n%20y%20microchipeo%20en%20la%20comuna%20de%20Cisnes' aria-hidden='false' data-av_icon='\ue8f3' data-av_iconfont='entypo-fontello' title='' data-avia-related-tooltip='Compartir en Facebook' rel=\"noopener\"><span class='avia_hidden_link_text'>Compartir en Facebook<\/span><\/a><\/li><li class='av-share-link av-social-link-twitter' ><a target=\"_blank\" aria-label=\"Compartir en Twitter\" href='https:\/\/twitter.com\/share?text=Realizar%C3%A1n%20operativo%20de%20esterilizaci%C3%B3n%20y%20microchipeo%20en%20la%20comuna%20de%20Cisnes&#038;url=https:\/\/radiorevelacionfm.cl\/?p=12799' aria-hidden='false' data-av_icon='\ue8f1' data-av_iconfont='entypo-fontello' title='' data-avia-related-tooltip='Compartir en Twitter' rel=\"noopener\"><span class='avia_hidden_link_text'>Compartir en Twitter<\/span><\/a><\/li><li class='av-share-link av-social-link-whatsapp' ><a target=\"_blank\" aria-label=\"Compartir en Whatsapp\" href='https:\/\/api.whatsapp.com\/send?text=https:\/\/radiorevelacionfm.cl\/?p=12799' aria-hidden='false' data-av_icon='\uf232' data-av_iconfont='entypo-fontello' title='' data-avia-related-tooltip='Compartir en Whatsapp' rel=\"noopener\"><span class='avia_hidden_link_text'>Compartir en Whatsapp<\/span><\/a><\/li><li class='av-share-link av-social-link-linkedin' ><a target=\"_blank\" aria-label=\"Compartir en LinkedIn\" href='https:\/\/linkedin.com\/shareArticle?mini=true&#038;title=Realizar%C3%A1n%20operativo%20de%20esterilizaci%C3%B3n%20y%20microchipeo%20en%20la%20comuna%20de%20Cisnes&#038;url=https:\/\/radiorevelacionfm.cl\/?p=12799' aria-hidden='false' data-av_icon='\ue8fc' data-av_iconfont='entypo-fontello' title='' data-avia-related-tooltip='Compartir en LinkedIn' rel=\"noopener\"><span class='avia_hidden_link_text'>Compartir en LinkedIn<\/span><\/a><\/li><li class='av-share-link av-social-link-mail' ><a  aria-label=\"Compartir por correo\" href='mailto:?subject=Realizar%C3%A1n%20operativo%20de%20esterilizaci%C3%B3n%20y%20microchipeo%20en%20la%20comuna%20de%20Cisnes&#038;body=https:\/\/radiorevelacionfm.cl\/?p=12799' aria-hidden='false' data-av_icon='\ue805' data-av_iconfont='entypo-fontello' title='' data-avia-related-tooltip='Compartir por correo'><span class='avia_hidden_link_text'>Compartir por correo<\/span><\/a><\/li><\/ul><\/div><\/div>\n<div  style='height:50px' class='hr hr-invisible   avia-builder-el-8  el_after_av_social_share  el_before_av_comments_list '><span class='hr-inner ' ><span class='hr-inner-style'><\/span><\/span><\/div>\n<div  class='av-buildercomment  av-blog-meta-html-info-disabled av-blog-meta-tag-disabled  '><\/div>\n","protected":false},"excerpt":{"rendered":"","protected":false},"author":1,"featured_media":12800,"comment_status":"open","ping_status":"open","sticky":false,"template":"","format":"standard","meta":{"footnotes":""},"categories":[38],"tags":[],"class_list":["post-12799","post","type-post","status-publish","format-standard","has-post-thumbnail","hentry","category-regional"],"jetpack_featured_media_url":"https:\/\/radiorevelacionfm.cl\/wp-content\/uploads\/2022\/01\/confirman-operativo-2-2_optimized.jpg","_links":{"self":[{"href":"https:\/\/radiorevelacionfm.cl\/index.php?rest_route=\/wp\/v2\/posts\/12799","targetHints":{"allow":["GET"]}}],"collection":[{"href":"https:\/\/radiorevelacionfm.cl\/index.php?rest_route=\/wp\/v2\/posts"}],"about":[{"href":"https:\/\/radiorevelacionfm.cl\/index.php?rest_route=\/wp\/v2\/types\/post"}],"author":[{"embeddable":true,"href":"https:\/\/radiorevelacionfm.cl\/index.php?rest_route=\/wp\/v2\/users\/1"}],"replies":[{"embeddable":true,"href":"https:\/\/radiorevelacionfm.cl\/index.php?rest_route=%2Fwp%2Fv2%2Fcomments&post=12799"}],"version-history":[{"count":2,"href":"https:\/\/radiorevelacionfm.cl\/index.php?rest_route=\/wp\/v2\/posts\/12799\/revisions"}],"predecessor-version":[{"id":12802,"href":"https:\/\/radiorevelacionfm.cl\/index.php?rest_route=\/wp\/v2\/posts\/12799\/revisions\/12802"}],"wp:featuredmedia":[{"embeddable":true,"href":"https:\/\/radiorevelacionfm.cl\/index.php?rest_route=\/wp\/v2\/media\/12800"}],"wp:attachment":[{"href":"https:\/\/radiorevelacionfm.cl\/index.php?rest_route=%2Fwp%2Fv2%2Fmedia&parent=12799"}],"wp:term":[{"taxonomy":"category","embeddable":true,"href":"https:\/\/radiorevelacionfm.cl\/index.php?rest_route=%2Fwp%2Fv2%2Fcategories&post=12799"},{"taxonomy":"post_tag","embeddable":true,"href":"https:\/\/radiorevelacionfm.cl\/index.php?rest_route=%2Fwp%2Fv2%2Ftags&post=12799"}],"curies":[{"name":"wp","href":"https:\/\/api.w.org\/{rel}","templated":true}]}}