{"id":12791,"date":"2022-01-13T15:06:03","date_gmt":"2022-01-13T18:06:03","guid":{"rendered":"https:\/\/radiorevelacionfm.cl\/?p=12791"},"modified":"2022-01-13T15:06:03","modified_gmt":"2022-01-13T18:06:03","slug":"hasta-el-28-de-febrero-se-podra-postular-al-sello-calidad-de-lena","status":"publish","type":"post","link":"https:\/\/radiorevelacionfm.cl\/?p=12791","title":{"rendered":"Hasta el 28 de febrero se podr\u00e1 postular al Sello Calidad de Le\u00f1a"},"content":{"rendered":"<div class=\"flex_column av_one_full  flex_column_div av-zero-column-padding first  avia-builder-el-0  el_before_av_one_full  avia-builder-el-first  \" style='border-radius:0px; '><div  class='avia-image-container  av-styling-    avia-builder-el-1  avia-builder-el-no-sibling  avia-align-center '  itemprop=\"image\" itemscope=\"itemscope\" itemtype=\"https:\/\/schema.org\/ImageObject\"  ><div class='avia-image-container-inner'><div class='avia-image-overlay-wrap'><img decoding=\"async\" class='wp-image-12792 avia-img-lazy-loading-not-12792 avia_image' src=\"https:\/\/radiorevelacionfm.cl\/wp-content\/uploads\/2022\/01\/foto-1-2_optimized.jpg\" alt='' title='foto-1--2_optimized' height=\"600\" width=\"900\"  itemprop=\"thumbnailUrl\" srcset=\"https:\/\/radiorevelacionfm.cl\/wp-content\/uploads\/2022\/01\/foto-1-2_optimized.jpg 900w, https:\/\/radiorevelacionfm.cl\/wp-content\/uploads\/2022\/01\/foto-1-2_optimized-300x200.jpg 300w, https:\/\/radiorevelacionfm.cl\/wp-content\/uploads\/2022\/01\/foto-1-2_optimized-768x512.jpg 768w, https:\/\/radiorevelacionfm.cl\/wp-content\/uploads\/2022\/01\/foto-1-2_optimized-705x470.jpg 705w, https:\/\/radiorevelacionfm.cl\/wp-content\/uploads\/2022\/01\/foto-1-2_optimized-600x400.jpg 600w\" sizes=\"(max-width: 900px) 100vw, 900px\" \/><\/div><\/div><\/div><\/div><div class=\"flex_column av_one_full  flex_column_div av-zero-column-padding first  avia-builder-el-2  el_after_av_one_full  el_before_av_one_full  column-top-margin\" style='border-radius:0px; '><section class=\"av_textblock_section \"  itemscope=\"itemscope\" itemtype=\"https:\/\/schema.org\/BlogPosting\" itemprop=\"blogPost\" ><div class='avia_textblock  '   itemprop=\"text\" ><p style=\"text-align: center;\"><strong><span style=\"font-size: 18pt;\">Hasta el 28 de febrero se podr\u00e1 postular al Sello Calidad de Le\u00f1a<\/span> <\/strong><\/p>\n<div id=\"gtx-trans\" style=\"position: absolute; left: -50px; top: 4.31534px;\">\n<div class=\"gtx-trans-icon\"><\/div>\n<\/div>\n<\/div><\/section><\/div><div class=\"flex_column av_one_full  flex_column_div av-zero-column-padding first  avia-builder-el-4  el_after_av_one_full  el_before_av_hr  column-top-margin\" style='border-radius:0px; '><section class=\"av_textblock_section \"  itemscope=\"itemscope\" itemtype=\"https:\/\/schema.org\/BlogPosting\" itemprop=\"blogPost\" ><div class='avia_textblock  '   itemprop=\"text\" ><p style=\"text-align: justify;\">A\u00fan hay tiempo para postular a la convocatoria 2021-2022 del Sello de Calidad de Le\u00f1a, reconocimiento entregado por el Ministerio de Energ\u00eda y la Agencia de Sostenibilidad Energ\u00e9tica, que reconoce y visibiliza tanto a comerciantes como a productores de le\u00f1a que se adhieren a un est\u00e1ndar de calidad, es decir, que respetan la normativa tributaria y forestal, y cuyo proceso de producci\u00f3n les permite generar un producto seco y de dimensiones \u00f3ptimas para el uso eficiente en calefactores domiciliarios.<\/p>\n<p style=\"text-align: justify;\">Al respecto el Seremi de Energ\u00eda de Ays\u00e9n, Juan Luis Amen\u00e1bar, se\u00f1al\u00f3 que \u201cel Sello Calidad de Le\u00f1a, es parte de la Estrategia de Transici\u00f3n Energ\u00e9tica Residencial impulsada por el Ministerio de Energ\u00eda, que contempla distintas iniciativas para ir, gradualmente, resolviendo el problema que genera la contaminaci\u00f3n que se produce cuando se usa le\u00f1a h\u00fameda en la calefacci\u00f3n de los hogares. A la fecha en Ays\u00e9n hay 38 comercializadores del rubro que se han visto beneficiados con este Sello, as\u00ed es que el llamado es a unirse a ellos y as\u00ed, todos juntos, aportar a la descontaminaci\u00f3n atmosf\u00e9rica de nuestra regi\u00f3n y tener una mejor calidad de vida para nuestras familias\u201d.<\/p>\n<p style=\"text-align: justify;\">El Sello Calidad de Le\u00f1a es el \u00fanico sello de este tipo en el pa\u00eds, y reemplaza al anterior Sello \u201cLe\u00f1a Certificada\u201d del Sistema Nacional de Certificaci\u00f3n de Le\u00f1a, y es producto del trabajo conjunto entre el Ministerio de Energ\u00eda, la Agencia SE y destacadas instituciones del sector p\u00fablico y privado.<\/p>\n<p style=\"text-align: justify;\"><strong>Beneficios <\/strong><\/p>\n<p style=\"text-align: justify;\">El Sello Calidad de Le\u00f1a, busca entregar informaci\u00f3n a los consumidores sobre aquellos productores y comercializadores que tienen un producto de calidad, es decir le\u00f1a seca con menos de un 25% de humedad.<\/p>\n<p style=\"text-align: justify;\">Por su parte, los beneficiarios podr\u00e1n destacarse en el mercado, y adicionalmente estar mejor preparados para la Ley que Regula los Biocombustibles S\u00f3lidos, que se encuentra actualmente en tramitaci\u00f3n en el Senado.<\/p>\n<p style=\"text-align: justify;\">Todo el proceso de obtenci\u00f3n y monitoreo del Sello Calidad de Le\u00f1a es gratuito para los interesados, quienes al aprobar su solicitud podr\u00e1n utilizar el sello en todo el material de difusi\u00f3n propio de la empresa tales como sacos, boletas y letreros. Adem\u00e1s, podr\u00e1n participar en las distintas instancias de difusi\u00f3n que se desarrollen en torno al tema por parte del Ministerio de Energ\u00eda y de la Agencia de Sostenibilidad Energ\u00e9tica.<\/p>\n<p style=\"text-align: justify;\"><strong>Postulaci\u00f3n<\/strong><\/p>\n<p style=\"text-align: justify;\">En la Convocatoria 2021-2022 pueden participar los y las comerciantes formales e informales de le\u00f1a de Ays\u00e9n. Cabe destacar que, si un postulante informal resulta seleccionado, durante el proceso deber\u00e1 acreditar su formalizaci\u00f3n tributaria para poder recibir el Sello Calidad de Le\u00f1a.<\/p>\n<p style=\"text-align: justify;\">El proceso de ventanilla abierta cuenta con cupos limitados y estar\u00e1 vigente hasta el 28 de febrero del 2022, o hasta que se acaben los cupos disponibles<\/p>\n<p style=\"text-align: justify;\">Las postulaciones se podr\u00e1n realizar de forma online ingresando a la p\u00e1gina web\u00a0<a href=\"http:\/\/www.sellocalidadlena.cl\/\">www.sellocalidadlena.cl<\/a>, donde se encuentran los requisitos, pasos e instrucciones para postular. Tambi\u00e9n se puede hacer de forma presencial, para lo cual se debe presentar el formulario de postulaci\u00f3n en la oficina de la Seremi de Energ\u00eda de Ays\u00e9n, ubicada en Calle Baquedano #310 interior.<\/p>\n<p style=\"text-align: justify;\">Quienes requieran m\u00e1s informaci\u00f3n y orientaci\u00f3n sobre el proceso de postulaci\u00f3n, podr\u00e1n enviar sus consultas mediante correo electr\u00f3nico a\u00a0<a href=\"mailto:sellocalidadlena@agenciase.org\">sellocalidadlena@agenciase.org<\/a>\u00a0o llamar al fono 562 2365 6656.<\/p>\n<\/div><\/section><\/div><div  style='height:50px' class='hr hr-invisible   avia-builder-el-6  el_after_av_one_full  el_before_av_social_share '><span class='hr-inner ' ><span class='hr-inner-style'><\/span><\/span><\/div><\/p>\n<div  class='av-social-sharing-box  avia-builder-el-7  el_after_av_hr  el_before_av_hr  '><div class='av-share-box'><h5 class='av-share-link-description av-no-toc '>Compartir esta noticia<\/h5><ul class='av-share-box-list noLightbox'><li class='av-share-link av-social-link-facebook' ><a target=\"_blank\" aria-label=\"Compartir en Facebook\" href='https:\/\/www.facebook.com\/sharer.php?u=https:\/\/radiorevelacionfm.cl\/?p=12791&#038;t=Hasta%20el%2028%20de%20febrero%20se%20podr%C3%A1%20postular%20al%20Sello%20Calidad%20de%20Le%C3%B1a' aria-hidden='false' data-av_icon='\ue8f3' data-av_iconfont='entypo-fontello' title='' data-avia-related-tooltip='Compartir en Facebook' rel=\"noopener\"><span class='avia_hidden_link_text'>Compartir en Facebook<\/span><\/a><\/li><li class='av-share-link av-social-link-twitter' ><a target=\"_blank\" aria-label=\"Compartir en Twitter\" href='https:\/\/twitter.com\/share?text=Hasta%20el%2028%20de%20febrero%20se%20podr%C3%A1%20postular%20al%20Sello%20Calidad%20de%20Le%C3%B1a&#038;url=https:\/\/radiorevelacionfm.cl\/?p=12791' aria-hidden='false' data-av_icon='\ue8f1' data-av_iconfont='entypo-fontello' title='' data-avia-related-tooltip='Compartir en Twitter' rel=\"noopener\"><span class='avia_hidden_link_text'>Compartir en Twitter<\/span><\/a><\/li><li class='av-share-link av-social-link-whatsapp' ><a target=\"_blank\" aria-label=\"Compartir en Whatsapp\" href='https:\/\/api.whatsapp.com\/send?text=https:\/\/radiorevelacionfm.cl\/?p=12791' aria-hidden='false' data-av_icon='\uf232' data-av_iconfont='entypo-fontello' title='' data-avia-related-tooltip='Compartir en Whatsapp' rel=\"noopener\"><span class='avia_hidden_link_text'>Compartir en Whatsapp<\/span><\/a><\/li><li class='av-share-link av-social-link-linkedin' ><a target=\"_blank\" aria-label=\"Compartir en LinkedIn\" href='https:\/\/linkedin.com\/shareArticle?mini=true&#038;title=Hasta%20el%2028%20de%20febrero%20se%20podr%C3%A1%20postular%20al%20Sello%20Calidad%20de%20Le%C3%B1a&#038;url=https:\/\/radiorevelacionfm.cl\/?p=12791' aria-hidden='false' data-av_icon='\ue8fc' data-av_iconfont='entypo-fontello' title='' data-avia-related-tooltip='Compartir en LinkedIn' rel=\"noopener\"><span class='avia_hidden_link_text'>Compartir en LinkedIn<\/span><\/a><\/li><li class='av-share-link av-social-link-mail' ><a  aria-label=\"Compartir por correo\" href='mailto:?subject=Hasta%20el%2028%20de%20febrero%20se%20podr%C3%A1%20postular%20al%20Sello%20Calidad%20de%20Le%C3%B1a&#038;body=https:\/\/radiorevelacionfm.cl\/?p=12791' aria-hidden='false' data-av_icon='\ue805' data-av_iconfont='entypo-fontello' title='' data-avia-related-tooltip='Compartir por correo'><span class='avia_hidden_link_text'>Compartir por correo<\/span><\/a><\/li><\/ul><\/div><\/div>\n<div  style='height:50px' class='hr hr-invisible   avia-builder-el-8  el_after_av_social_share  el_before_av_comments_list '><span class='hr-inner ' ><span class='hr-inner-style'><\/span><\/span><\/div>\n<div  class='av-buildercomment  av-blog-meta-html-info-disabled av-blog-meta-tag-disabled  '><\/div>\n","protected":false},"excerpt":{"rendered":"","protected":false},"author":1,"featured_media":12792,"comment_status":"open","ping_status":"open","sticky":false,"template":"","format":"standard","meta":{"footnotes":""},"categories":[38],"tags":[],"class_list":["post-12791","post","type-post","status-publish","format-standard","has-post-thumbnail","hentry","category-regional"],"jetpack_featured_media_url":"https:\/\/radiorevelacionfm.cl\/wp-content\/uploads\/2022\/01\/foto-1-2_optimized.jpg","_links":{"self":[{"href":"https:\/\/radiorevelacionfm.cl\/index.php?rest_route=\/wp\/v2\/posts\/12791","targetHints":{"allow":["GET"]}}],"collection":[{"href":"https:\/\/radiorevelacionfm.cl\/index.php?rest_route=\/wp\/v2\/posts"}],"about":[{"href":"https:\/\/radiorevelacionfm.cl\/index.php?rest_route=\/wp\/v2\/types\/post"}],"author":[{"embeddable":true,"href":"https:\/\/radiorevelacionfm.cl\/index.php?rest_route=\/wp\/v2\/users\/1"}],"replies":[{"embeddable":true,"href":"https:\/\/radiorevelacionfm.cl\/index.php?rest_route=%2Fwp%2Fv2%2Fcomments&post=12791"}],"version-history":[{"count":2,"href":"https:\/\/radiorevelacionfm.cl\/index.php?rest_route=\/wp\/v2\/posts\/12791\/revisions"}],"predecessor-version":[{"id":12794,"href":"https:\/\/radiorevelacionfm.cl\/index.php?rest_route=\/wp\/v2\/posts\/12791\/revisions\/12794"}],"wp:featuredmedia":[{"embeddable":true,"href":"https:\/\/radiorevelacionfm.cl\/index.php?rest_route=\/wp\/v2\/media\/12792"}],"wp:attachment":[{"href":"https:\/\/radiorevelacionfm.cl\/index.php?rest_route=%2Fwp%2Fv2%2Fmedia&parent=12791"}],"wp:term":[{"taxonomy":"category","embeddable":true,"href":"https:\/\/radiorevelacionfm.cl\/index.php?rest_route=%2Fwp%2Fv2%2Fcategories&post=12791"},{"taxonomy":"post_tag","embeddable":true,"href":"https:\/\/radiorevelacionfm.cl\/index.php?rest_route=%2Fwp%2Fv2%2Ftags&post=12791"}],"curies":[{"name":"wp","href":"https:\/\/api.w.org\/{rel}","templated":true}]}}