{"id":12787,"date":"2022-01-14T09:23:52","date_gmt":"2022-01-14T12:23:52","guid":{"rendered":"https:\/\/radiorevelacionfm.cl\/?p=12787"},"modified":"2022-01-14T09:23:52","modified_gmt":"2022-01-14T12:23:52","slug":"jardines-integra-inician-atencion-del-programa-vacaciones-en-mi-jardin-2022","status":"publish","type":"post","link":"https:\/\/radiorevelacionfm.cl\/?p=12787","title":{"rendered":"Jardines Integra inician atenci\u00f3n del Programa \u201cVacaciones en Mi Jard\u00edn\u201d 2022"},"content":{"rendered":"<div class=\"flex_column av_one_full  flex_column_div av-zero-column-padding first  avia-builder-el-0  el_before_av_one_full  avia-builder-el-first  \" style='border-radius:0px; '><div  class='avia-image-container  av-styling-    avia-builder-el-1  avia-builder-el-no-sibling  avia-align-center '  itemprop=\"image\" itemscope=\"itemscope\" itemtype=\"https:\/\/schema.org\/ImageObject\"  ><div class='avia-image-container-inner'><div class='avia-image-overlay-wrap'><img decoding=\"async\" class='wp-image-12788 avia-img-lazy-loading-not-12788 avia_image' src=\"https:\/\/radiorevelacionfm.cl\/wp-content\/uploads\/2022\/01\/IMG_3686-min-2-2.jpg\" alt='' title='IMG_3686-min-2-2' height=\"600\" width=\"900\"  itemprop=\"thumbnailUrl\" srcset=\"https:\/\/radiorevelacionfm.cl\/wp-content\/uploads\/2022\/01\/IMG_3686-min-2-2.jpg 900w, https:\/\/radiorevelacionfm.cl\/wp-content\/uploads\/2022\/01\/IMG_3686-min-2-2-300x200.jpg 300w, https:\/\/radiorevelacionfm.cl\/wp-content\/uploads\/2022\/01\/IMG_3686-min-2-2-768x512.jpg 768w, https:\/\/radiorevelacionfm.cl\/wp-content\/uploads\/2022\/01\/IMG_3686-min-2-2-705x470.jpg 705w, https:\/\/radiorevelacionfm.cl\/wp-content\/uploads\/2022\/01\/IMG_3686-min-2-2-600x400.jpg 600w\" sizes=\"(max-width: 900px) 100vw, 900px\" \/><\/div><\/div><\/div><\/div><div class=\"flex_column av_one_full  flex_column_div av-zero-column-padding first  avia-builder-el-2  el_after_av_one_full  el_before_av_one_full  column-top-margin\" style='border-radius:0px; '><section class=\"av_textblock_section \"  itemscope=\"itemscope\" itemtype=\"https:\/\/schema.org\/BlogPosting\" itemprop=\"blogPost\" ><div class='avia_textblock  '   itemprop=\"text\" ><p style=\"text-align: center;\"><strong><span style=\"font-size: 18pt;\">Jardines Integra inician atenci\u00f3n del Programa \u201cVacaciones en Mi Jard\u00edn\u201d 2022<\/span><\/strong><\/p>\n<div id=\"gtx-trans\" style=\"position: absolute; left: -50px; top: 4.31534px;\">\n<div class=\"gtx-trans-icon\"><\/div>\n<\/div>\n<\/div><\/section><\/div><div class=\"flex_column av_one_full  flex_column_div av-zero-column-padding first  avia-builder-el-4  el_after_av_one_full  el_before_av_hr  column-top-margin\" style='border-radius:0px; '><section class=\"av_textblock_section \"  itemscope=\"itemscope\" itemtype=\"https:\/\/schema.org\/BlogPosting\" itemprop=\"blogPost\" ><div class='avia_textblock  '   itemprop=\"text\" ><p style=\"text-align: justify;\">Este mi\u00e9rcoles 12 de enero la Fundaci\u00f3n Integra dio inicio al Programa \u201cVacaciones en Mi Jard\u00edn\u201d (VMJ) 2022, que recibe durante el verano a m\u00e1s de 3.800 ni\u00f1os y ni\u00f1as en 77 establecimientos de todo el pa\u00eds, pertenecientes al 40% de la poblaci\u00f3n de menores ingresos y mayor vulnerabilidad.<\/p>\n<p style=\"text-align: justify;\">En la regi\u00f3n de Ays\u00e9n ser\u00e1n dos los establecimientos que abrir\u00e1n sus puertas para este programa como lo son los Jardines Infantiles \u201cNueva Esperanza\u201d y \u201cAyelen, en donde un total de 56 ni\u00f1os y ni\u00f1as disfrutar\u00e1n de los beneficios de este programa, cuyo objetivo es brindar una experiencia educativa centrada en el juego y la recreaci\u00f3n, permitiendo, adem\u00e1s, colaborar con los padres y las madres que por razones laborales no pueden cuidar a sus hijos durante el periodo estival.<\/p>\n<p style=\"text-align: justify;\">La directora regional de Fundaci\u00f3n Integra, Isabel Roncallo Fandi\u00f1o resalt\u00f3 que \u201cproducto de la pandemia hemos tenido que ser muy flexibles, adapt\u00e1ndonos de acuerdo a la situaci\u00f3n sanitaria, para acompa\u00f1ar a los ni\u00f1os y ni\u00f1as y sus familias. Durante el verano pasado no pudimos realizar de manera tradicional este programa, pero hoy las condiciones nos permiten ofrecer una propuesta de atenci\u00f3n que fomenta las actividades l\u00fadicas en un espacio de bienestar, lo que ha sido muy valorado por las familias, los ni\u00f1os y las ni\u00f1as, ya que les permite ir retomando sus rutinas luego de dos a\u00f1os de iniciada la pandemia.\u201d.<\/p>\n<p style=\"text-align: justify;\">El objetivo de este Programa es ofrecer una experiencia educativa, centrada en el juego y la recreaci\u00f3n, acogiendo a los ni\u00f1os durante la \u00e9poca estival, facilitando as\u00ed, la vida a cientos de padres que por trabajo no pueden estar con ellos, claramente estamos hablamos de Vacaciones en mi Jard\u00edn.<\/p>\n<p style=\"text-align: justify;\">Josefa Quiroz, madre de Matilde Trullen \u201cpara m\u00ed ha sido muy accesible porque soy mam\u00e1 soltera, adolescente, trabajo y estudio. Esta ha sido la mejor opci\u00f3n para traer a mi hija. Las t\u00edas han sido muy comprensivas conmigo y mi hija se ha adaptado muy bien. Estoy s\u00faper contenta y muy agradecida\u201d.<\/p>\n<p style=\"text-align: justify;\">Por su parte, Victor Varas, padre de Gael Varas destac\u00f3 lo importante que ha sido el jard\u00edn infantil en el desarrollo de su hijo recalcando que \u201cha sido muy buena la experiencia ya que le ha servido mucho a mi hijo para poder desarrollarse, interactuar con otros ni\u00f1os, socializar. Lo veo m\u00e1s feliz y m\u00e1s contento\u201d.<\/p>\n<p style=\"text-align: justify;\">Integra pertenece a la Red de Fundaciones de la Presidencia de la Rep\u00fablica. Con 31 a\u00f1os de experiencia, cuenta con m\u00e1s de 1.230 salas cuna y jardines infantiles gratuitos a los que asisten m\u00e1s de 90 mil ni\u00f1os y ni\u00f1as en todo Chile.<\/p>\n<\/div><\/section><\/div><div  style='height:50px' class='hr hr-invisible   avia-builder-el-6  el_after_av_one_full  el_before_av_social_share '><span class='hr-inner ' ><span class='hr-inner-style'><\/span><\/span><\/div><\/p>\n<div  class='av-social-sharing-box  avia-builder-el-7  el_after_av_hr  el_before_av_hr  '><div class='av-share-box'><h5 class='av-share-link-description av-no-toc '>Compartir esta noticia<\/h5><ul class='av-share-box-list noLightbox'><li class='av-share-link av-social-link-facebook' ><a target=\"_blank\" aria-label=\"Compartir en Facebook\" href='https:\/\/www.facebook.com\/sharer.php?u=https:\/\/radiorevelacionfm.cl\/?p=12787&#038;t=Jardines%20Integra%20inician%20atenci%C3%B3n%20del%20Programa%20%E2%80%9CVacaciones%20en%20Mi%20Jard%C3%ADn%E2%80%9D%202022' aria-hidden='false' data-av_icon='\ue8f3' data-av_iconfont='entypo-fontello' title='' data-avia-related-tooltip='Compartir en Facebook' rel=\"noopener\"><span class='avia_hidden_link_text'>Compartir en Facebook<\/span><\/a><\/li><li class='av-share-link av-social-link-twitter' ><a target=\"_blank\" aria-label=\"Compartir en Twitter\" href='https:\/\/twitter.com\/share?text=Jardines%20Integra%20inician%20atenci%C3%B3n%20del%20Programa%20%E2%80%9CVacaciones%20en%20Mi%20Jard%C3%ADn%E2%80%9D%202022&#038;url=https:\/\/radiorevelacionfm.cl\/?p=12787' aria-hidden='false' data-av_icon='\ue8f1' data-av_iconfont='entypo-fontello' title='' data-avia-related-tooltip='Compartir en Twitter' rel=\"noopener\"><span class='avia_hidden_link_text'>Compartir en Twitter<\/span><\/a><\/li><li class='av-share-link av-social-link-whatsapp' ><a target=\"_blank\" aria-label=\"Compartir en Whatsapp\" href='https:\/\/api.whatsapp.com\/send?text=https:\/\/radiorevelacionfm.cl\/?p=12787' aria-hidden='false' data-av_icon='\uf232' data-av_iconfont='entypo-fontello' title='' data-avia-related-tooltip='Compartir en Whatsapp' rel=\"noopener\"><span class='avia_hidden_link_text'>Compartir en Whatsapp<\/span><\/a><\/li><li class='av-share-link av-social-link-linkedin' ><a target=\"_blank\" aria-label=\"Compartir en LinkedIn\" href='https:\/\/linkedin.com\/shareArticle?mini=true&#038;title=Jardines%20Integra%20inician%20atenci%C3%B3n%20del%20Programa%20%E2%80%9CVacaciones%20en%20Mi%20Jard%C3%ADn%E2%80%9D%202022&#038;url=https:\/\/radiorevelacionfm.cl\/?p=12787' aria-hidden='false' data-av_icon='\ue8fc' data-av_iconfont='entypo-fontello' title='' data-avia-related-tooltip='Compartir en LinkedIn' rel=\"noopener\"><span class='avia_hidden_link_text'>Compartir en LinkedIn<\/span><\/a><\/li><li class='av-share-link av-social-link-mail' ><a  aria-label=\"Compartir por correo\" href='mailto:?subject=Jardines%20Integra%20inician%20atenci%C3%B3n%20del%20Programa%20%E2%80%9CVacaciones%20en%20Mi%20Jard%C3%ADn%E2%80%9D%202022&#038;body=https:\/\/radiorevelacionfm.cl\/?p=12787' aria-hidden='false' data-av_icon='\ue805' data-av_iconfont='entypo-fontello' title='' data-avia-related-tooltip='Compartir por correo'><span class='avia_hidden_link_text'>Compartir por correo<\/span><\/a><\/li><\/ul><\/div><\/div>\n<div  style='height:50px' class='hr hr-invisible   avia-builder-el-8  el_after_av_social_share  el_before_av_comments_list '><span class='hr-inner ' ><span class='hr-inner-style'><\/span><\/span><\/div>\n<div  class='av-buildercomment  av-blog-meta-html-info-disabled av-blog-meta-tag-disabled  '><\/div>\n","protected":false},"excerpt":{"rendered":"","protected":false},"author":1,"featured_media":12788,"comment_status":"open","ping_status":"open","sticky":false,"template":"","format":"standard","meta":{"footnotes":""},"categories":[49],"tags":[],"class_list":["post-12787","post","type-post","status-publish","format-standard","has-post-thumbnail","hentry","category-educacion"],"jetpack_featured_media_url":"https:\/\/radiorevelacionfm.cl\/wp-content\/uploads\/2022\/01\/IMG_3686-min-2-2.jpg","_links":{"self":[{"href":"https:\/\/radiorevelacionfm.cl\/index.php?rest_route=\/wp\/v2\/posts\/12787","targetHints":{"allow":["GET"]}}],"collection":[{"href":"https:\/\/radiorevelacionfm.cl\/index.php?rest_route=\/wp\/v2\/posts"}],"about":[{"href":"https:\/\/radiorevelacionfm.cl\/index.php?rest_route=\/wp\/v2\/types\/post"}],"author":[{"embeddable":true,"href":"https:\/\/radiorevelacionfm.cl\/index.php?rest_route=\/wp\/v2\/users\/1"}],"replies":[{"embeddable":true,"href":"https:\/\/radiorevelacionfm.cl\/index.php?rest_route=%2Fwp%2Fv2%2Fcomments&post=12787"}],"version-history":[{"count":2,"href":"https:\/\/radiorevelacionfm.cl\/index.php?rest_route=\/wp\/v2\/posts\/12787\/revisions"}],"predecessor-version":[{"id":12823,"href":"https:\/\/radiorevelacionfm.cl\/index.php?rest_route=\/wp\/v2\/posts\/12787\/revisions\/12823"}],"wp:featuredmedia":[{"embeddable":true,"href":"https:\/\/radiorevelacionfm.cl\/index.php?rest_route=\/wp\/v2\/media\/12788"}],"wp:attachment":[{"href":"https:\/\/radiorevelacionfm.cl\/index.php?rest_route=%2Fwp%2Fv2%2Fmedia&parent=12787"}],"wp:term":[{"taxonomy":"category","embeddable":true,"href":"https:\/\/radiorevelacionfm.cl\/index.php?rest_route=%2Fwp%2Fv2%2Fcategories&post=12787"},{"taxonomy":"post_tag","embeddable":true,"href":"https:\/\/radiorevelacionfm.cl\/index.php?rest_route=%2Fwp%2Fv2%2Ftags&post=12787"}],"curies":[{"name":"wp","href":"https:\/\/api.w.org\/{rel}","templated":true}]}}