{"id":12781,"date":"2022-01-13T12:56:49","date_gmt":"2022-01-13T15:56:49","guid":{"rendered":"https:\/\/radiorevelacionfm.cl\/?p=12781"},"modified":"2022-01-13T12:56:49","modified_gmt":"2022-01-13T15:56:49","slug":"verano-teleton-y-verano-inclusivo-las-actividades-recreativas-de-teleton-para-ninos-ninas-y-jovenes-en-rehabilitacion","status":"publish","type":"post","link":"https:\/\/radiorevelacionfm.cl\/?p=12781","title":{"rendered":"\u201cVerano Telet\u00f3n\u201d y \u201cVerano Inclusivo\u201d: las actividades recreativas de Telet\u00f3n para ni\u00f1os, ni\u00f1as y j\u00f3venes en rehabilitaci\u00f3n"},"content":{"rendered":"<div class=\"flex_column av_one_full  flex_column_div av-zero-column-padding first  avia-builder-el-0  el_before_av_one_full  avia-builder-el-first  \" style='border-radius:0px; '><div  class='avia-image-container  av-styling-    avia-builder-el-1  avia-builder-el-no-sibling  avia-align-center '  itemprop=\"image\" itemscope=\"itemscope\" itemtype=\"https:\/\/schema.org\/ImageObject\"  ><div class='avia-image-container-inner'><div class='avia-image-overlay-wrap'><img decoding=\"async\" class='wp-image-12782 avia-img-lazy-loading-not-12782 avia_image' src=\"https:\/\/radiorevelacionfm.cl\/wp-content\/uploads\/2022\/01\/verano-teleton-2_optimized.jpg\" alt='' title='verano-telet\u00f3n-2_optimized' height=\"600\" width=\"900\"  itemprop=\"thumbnailUrl\" srcset=\"https:\/\/radiorevelacionfm.cl\/wp-content\/uploads\/2022\/01\/verano-teleton-2_optimized.jpg 900w, https:\/\/radiorevelacionfm.cl\/wp-content\/uploads\/2022\/01\/verano-teleton-2_optimized-300x200.jpg 300w, https:\/\/radiorevelacionfm.cl\/wp-content\/uploads\/2022\/01\/verano-teleton-2_optimized-768x512.jpg 768w, https:\/\/radiorevelacionfm.cl\/wp-content\/uploads\/2022\/01\/verano-teleton-2_optimized-705x470.jpg 705w, https:\/\/radiorevelacionfm.cl\/wp-content\/uploads\/2022\/01\/verano-teleton-2_optimized-600x400.jpg 600w\" sizes=\"(max-width: 900px) 100vw, 900px\" \/><\/div><\/div><\/div><\/div><div class=\"flex_column av_one_full  flex_column_div av-zero-column-padding first  avia-builder-el-2  el_after_av_one_full  el_before_av_one_full  column-top-margin\" style='border-radius:0px; '><section class=\"av_textblock_section \"  itemscope=\"itemscope\" itemtype=\"https:\/\/schema.org\/BlogPosting\" itemprop=\"blogPost\" ><div class='avia_textblock  '   itemprop=\"text\" ><p style=\"text-align: center;\"><span style=\"font-size: 18pt;\"><b>\u201cVerano Telet\u00f3n\u201d y \u201cVerano Inclusivo\u201d: las actividades recreativas de Telet\u00f3n para ni\u00f1os, ni\u00f1as y j\u00f3venes en rehabilitaci\u00f3n<\/b><\/span><\/p>\n<div id=\"gtx-trans\" style=\"position: absolute; left: -50px; top: 4.31534px;\">\n<div class=\"gtx-trans-icon\"><\/div>\n<\/div>\n<\/div><\/section><\/div><div class=\"flex_column av_one_full  flex_column_div av-zero-column-padding first  avia-builder-el-4  el_after_av_one_full  el_before_av_hr  column-top-margin\" style='border-radius:0px; '><section class=\"av_textblock_section \"  itemscope=\"itemscope\" itemtype=\"https:\/\/schema.org\/BlogPosting\" itemprop=\"blogPost\" ><div class='avia_textblock  '   itemprop=\"text\" ><p style=\"text-align: justify;\">Hasta el s\u00e1bado 15 de enero se est\u00e1n desarrollando actividades veraniegas para los ni\u00f1os, ni\u00f1as y j\u00f3venes pacientes de los institutos Telet\u00f3n del pa\u00eds, actividad que la instituci\u00f3n realiza cada a\u00f1o con el nombre \u201cVerano Telet\u00f3n\u201d.<\/p>\n<p style=\"text-align: justify;\">Este 2022 la participaci\u00f3n de cerca de 700 usuarios de Arica a Coyhaique para quienes se han preparado diversos talleres y actividades de entretenimiento que se est\u00e1n desarrollando toda la semana.<\/p>\n<p style=\"text-align: justify;\">Como cada a\u00f1o, desde el 2009, el Verano Telet\u00f3n es una instancia en que personas voluntarias &#8211; denominamos \u201camigos Telet\u00f3n\u201d- participan con usuarios de la instituci\u00f3n en paseos, talleres y actividades l\u00fadico recreativas, donde, adem\u00e1s de divertirse, aprenden unos de otros. Todas estas actividades, por supuesto, est\u00e1n guiadas, monitoreadas y coordinadas por un staff de voluntarios permanentes de la instituci\u00f3n.<\/p>\n<p style=\"text-align: justify;\">\u201cPara muchos ni\u00f1os, ni\u00f1as y j\u00f3venes de Telet\u00f3n estas son sus vacaciones, ya sea por temas de accesibilidad o recursos econ\u00f3micos muchas veces los pap\u00e1s no tienen la posibilidad de llevarlos de vacaciones y ac\u00e1 generamos todas las condiciones: talleres entretenidos, grupos con colores, invitamos a talleristas que hacen actividades entretenidas, comparten con sus pares, se genera un ambiente l\u00fadico, veraniego y entretenido. Y eso es de una u otra manera la magia del Verano Telet\u00f3n\u201d, explica Aldo Orrigoni, director de Gesti\u00f3n Social y Voluntariado de Telet\u00f3n.<\/p>\n<p style=\"text-align: justify;\">Los ni\u00f1os, ni\u00f1as y j\u00f3venes que participan en el Verano Telet\u00f3n tienen entre 7 y 14 a\u00f1os, y son usuarios activos de los institutos Telet\u00f3n desde Arica a Coyhaique.<\/p>\n<p style=\"text-align: justify;\">La actividad se desarrollar\u00e1 entre el 11 y el 15 de enero de 2022. Del total de institutos, seis realizar\u00e1n el Verano Telet\u00f3n con un formato presencial: Antofagasta, Calama, Coquimbo, Valpara\u00edso, Talca y Puerto Montt. En tanto, cinco institutos realizar\u00e1n una modalidad h\u00edbrida, la cual considera actividades en grupos separados, o bien, talleres y paseo presencial y cierre remoto, como es el caso de Copiap\u00f3, Santiago, Concepci\u00f3n, Temuco y Valdivia. En tanto los Institutos de Arica, Iquique y Coyhaique realizar\u00e1n el evento de manera 100% remota.<\/p>\n<p style=\"text-align: justify;\"><strong>Verano Inclusivo Telet\u00f3n 2022<\/strong><\/p>\n<p style=\"text-align: justify;\">Adem\u00e1s de esta actividad, Telet\u00f3n tambi\u00e9n realiza en \u00e9poca estival el \u201cVerano Inclusivo Telet\u00f3n\u201d, dirigido a j\u00f3venes usuarios de 15 a\u00f1os y m\u00e1s. Esta actividad, tambi\u00e9n organizada por el Voluntariado Telet\u00f3n, contempla actividades l\u00fadicas, en espacios comunitarios, y en funci\u00f3n de los intereses propios de los participantes.<\/p>\n<p style=\"text-align: justify;\">Su objetivo es apoyar la vinculaci\u00f3n de los j\u00f3venes de Telet\u00f3n con sus pares, principalmente, potenciando la autonom\u00eda, la sociabilizaci\u00f3n, las habilidades blandas y ver el ocio como un derecho.<\/p>\n<p style=\"text-align: justify;\">Este a\u00f1o, debido a la situaci\u00f3n sanitaria del Covid-19, cinco regiones desarrollar\u00e1n el Verano Inclusivo en enero. El resto de los institutos realizar\u00e1 este tipo de iniciativa durante el segundo semestre, como parte de las vacaciones de invierno.<\/p>\n<p style=\"text-align: justify;\">Desde Arica a Coyhaique los equipos han trabajado la planificaci\u00f3n y ejecuci\u00f3n del Verano Telet\u00f3n y del Verano Inclusivo manteniendo los resguardos, principalmente de aforo, en consideraci\u00f3n a la normativa sanitaria y considerando que el desarrollo de las actividades puede estar sujeta a cambios, seg\u00fan indicaciones del Plan Paso a Paso y las autoridades sanitarias.<\/p>\n<\/div><\/section><\/div><div  style='height:50px' class='hr hr-invisible   avia-builder-el-6  el_after_av_one_full  el_before_av_social_share '><span class='hr-inner ' ><span class='hr-inner-style'><\/span><\/span><\/div><\/p>\n<div  class='av-social-sharing-box  avia-builder-el-7  el_after_av_hr  el_before_av_hr  '><div class='av-share-box'><h5 class='av-share-link-description av-no-toc '>Compartir esta noticia<\/h5><ul class='av-share-box-list noLightbox'><li class='av-share-link av-social-link-facebook' ><a target=\"_blank\" aria-label=\"Compartir en Facebook\" href='https:\/\/www.facebook.com\/sharer.php?u=https:\/\/radiorevelacionfm.cl\/?p=12781&#038;t=%E2%80%9CVerano%20Telet%C3%B3n%E2%80%9D%20y%20%E2%80%9CVerano%20Inclusivo%E2%80%9D%3A%20las%20actividades%20recreativas%20de%20Telet%C3%B3n%20para%20ni%C3%B1os%2C%20ni%C3%B1as%20y%20j%C3%B3venes%20en%20rehabilitaci%C3%B3n' aria-hidden='false' data-av_icon='\ue8f3' data-av_iconfont='entypo-fontello' title='' data-avia-related-tooltip='Compartir en Facebook' rel=\"noopener\"><span class='avia_hidden_link_text'>Compartir en Facebook<\/span><\/a><\/li><li class='av-share-link av-social-link-twitter' ><a target=\"_blank\" aria-label=\"Compartir en Twitter\" href='https:\/\/twitter.com\/share?text=%E2%80%9CVerano%20Telet%C3%B3n%E2%80%9D%20y%20%E2%80%9CVerano%20Inclusivo%E2%80%9D%3A%20las%20actividades%20recreativas%20de%20Telet%C3%B3n%20para%20ni%C3%B1os%2C%20ni%C3%B1as%20y%20j%C3%B3venes%20en%20rehabilitaci%C3%B3n&#038;url=https:\/\/radiorevelacionfm.cl\/?p=12781' aria-hidden='false' data-av_icon='\ue8f1' data-av_iconfont='entypo-fontello' title='' data-avia-related-tooltip='Compartir en Twitter' rel=\"noopener\"><span class='avia_hidden_link_text'>Compartir en Twitter<\/span><\/a><\/li><li class='av-share-link av-social-link-whatsapp' ><a target=\"_blank\" aria-label=\"Compartir en Whatsapp\" href='https:\/\/api.whatsapp.com\/send?text=https:\/\/radiorevelacionfm.cl\/?p=12781' aria-hidden='false' data-av_icon='\uf232' data-av_iconfont='entypo-fontello' title='' data-avia-related-tooltip='Compartir en Whatsapp' rel=\"noopener\"><span class='avia_hidden_link_text'>Compartir en Whatsapp<\/span><\/a><\/li><li class='av-share-link av-social-link-linkedin' ><a target=\"_blank\" aria-label=\"Compartir en LinkedIn\" href='https:\/\/linkedin.com\/shareArticle?mini=true&#038;title=%E2%80%9CVerano%20Telet%C3%B3n%E2%80%9D%20y%20%E2%80%9CVerano%20Inclusivo%E2%80%9D%3A%20las%20actividades%20recreativas%20de%20Telet%C3%B3n%20para%20ni%C3%B1os%2C%20ni%C3%B1as%20y%20j%C3%B3venes%20en%20rehabilitaci%C3%B3n&#038;url=https:\/\/radiorevelacionfm.cl\/?p=12781' aria-hidden='false' data-av_icon='\ue8fc' data-av_iconfont='entypo-fontello' title='' data-avia-related-tooltip='Compartir en LinkedIn' rel=\"noopener\"><span class='avia_hidden_link_text'>Compartir en LinkedIn<\/span><\/a><\/li><li class='av-share-link av-social-link-mail' ><a  aria-label=\"Compartir por correo\" href='mailto:?subject=%E2%80%9CVerano%20Telet%C3%B3n%E2%80%9D%20y%20%E2%80%9CVerano%20Inclusivo%E2%80%9D%3A%20las%20actividades%20recreativas%20de%20Telet%C3%B3n%20para%20ni%C3%B1os%2C%20ni%C3%B1as%20y%20j%C3%B3venes%20en%20rehabilitaci%C3%B3n&#038;body=https:\/\/radiorevelacionfm.cl\/?p=12781' aria-hidden='false' data-av_icon='\ue805' data-av_iconfont='entypo-fontello' title='' data-avia-related-tooltip='Compartir por correo'><span class='avia_hidden_link_text'>Compartir por correo<\/span><\/a><\/li><\/ul><\/div><\/div>\n<div  style='height:50px' class='hr hr-invisible   avia-builder-el-8  el_after_av_social_share  el_before_av_comments_list '><span class='hr-inner ' ><span class='hr-inner-style'><\/span><\/span><\/div>\n<div  class='av-buildercomment  av-blog-meta-html-info-disabled av-blog-meta-tag-disabled  '><\/div>\n","protected":false},"excerpt":{"rendered":"","protected":false},"author":1,"featured_media":12782,"comment_status":"open","ping_status":"open","sticky":false,"template":"","format":"standard","meta":{"footnotes":""},"categories":[38],"tags":[],"class_list":["post-12781","post","type-post","status-publish","format-standard","has-post-thumbnail","hentry","category-regional"],"jetpack_featured_media_url":"https:\/\/radiorevelacionfm.cl\/wp-content\/uploads\/2022\/01\/verano-teleton-2_optimized.jpg","_links":{"self":[{"href":"https:\/\/radiorevelacionfm.cl\/index.php?rest_route=\/wp\/v2\/posts\/12781","targetHints":{"allow":["GET"]}}],"collection":[{"href":"https:\/\/radiorevelacionfm.cl\/index.php?rest_route=\/wp\/v2\/posts"}],"about":[{"href":"https:\/\/radiorevelacionfm.cl\/index.php?rest_route=\/wp\/v2\/types\/post"}],"author":[{"embeddable":true,"href":"https:\/\/radiorevelacionfm.cl\/index.php?rest_route=\/wp\/v2\/users\/1"}],"replies":[{"embeddable":true,"href":"https:\/\/radiorevelacionfm.cl\/index.php?rest_route=%2Fwp%2Fv2%2Fcomments&post=12781"}],"version-history":[{"count":2,"href":"https:\/\/radiorevelacionfm.cl\/index.php?rest_route=\/wp\/v2\/posts\/12781\/revisions"}],"predecessor-version":[{"id":12790,"href":"https:\/\/radiorevelacionfm.cl\/index.php?rest_route=\/wp\/v2\/posts\/12781\/revisions\/12790"}],"wp:featuredmedia":[{"embeddable":true,"href":"https:\/\/radiorevelacionfm.cl\/index.php?rest_route=\/wp\/v2\/media\/12782"}],"wp:attachment":[{"href":"https:\/\/radiorevelacionfm.cl\/index.php?rest_route=%2Fwp%2Fv2%2Fmedia&parent=12781"}],"wp:term":[{"taxonomy":"category","embeddable":true,"href":"https:\/\/radiorevelacionfm.cl\/index.php?rest_route=%2Fwp%2Fv2%2Fcategories&post=12781"},{"taxonomy":"post_tag","embeddable":true,"href":"https:\/\/radiorevelacionfm.cl\/index.php?rest_route=%2Fwp%2Fv2%2Ftags&post=12781"}],"curies":[{"name":"wp","href":"https:\/\/api.w.org\/{rel}","templated":true}]}}