{"id":12773,"date":"2022-01-13T11:08:19","date_gmt":"2022-01-13T14:08:19","guid":{"rendered":"https:\/\/radiorevelacionfm.cl\/?p=12773"},"modified":"2022-01-13T11:12:00","modified_gmt":"2022-01-13T14:12:00","slug":"mesa-tecnica-contra-incendios-decreto-prohibicion-del-uso-del-fuego-para-labores-agricolas-a-nivel-regional","status":"publish","type":"post","link":"https:\/\/radiorevelacionfm.cl\/?p=12773","title":{"rendered":"Mesa T\u00e9cnica contra incendios decret\u00f3 prohibici\u00f3n del uso del fuego para labores agr\u00edcolas a nivel regional"},"content":{"rendered":"<div class=\"flex_column av_one_full  flex_column_div av-zero-column-padding first  avia-builder-el-0  el_before_av_one_full  avia-builder-el-first  \" style='border-radius:0px; '><div  class='avia-image-container  av-styling-    avia-builder-el-1  avia-builder-el-no-sibling  avia-align-center '  itemprop=\"image\" itemscope=\"itemscope\" itemtype=\"https:\/\/schema.org\/ImageObject\"  ><div class='avia-image-container-inner'><div class='avia-image-overlay-wrap'><img decoding=\"async\" class='wp-image-12774 avia-img-lazy-loading-not-12774 avia_image' src=\"https:\/\/radiorevelacionfm.cl\/wp-content\/uploads\/2022\/01\/image-30-2.jpg\" alt='' title='image-30-2' height=\"600\" width=\"981\"  itemprop=\"thumbnailUrl\" srcset=\"https:\/\/radiorevelacionfm.cl\/wp-content\/uploads\/2022\/01\/image-30-2.jpg 981w, https:\/\/radiorevelacionfm.cl\/wp-content\/uploads\/2022\/01\/image-30-2-300x183.jpg 300w, https:\/\/radiorevelacionfm.cl\/wp-content\/uploads\/2022\/01\/image-30-2-768x470.jpg 768w, https:\/\/radiorevelacionfm.cl\/wp-content\/uploads\/2022\/01\/image-30-2-705x431.jpg 705w, https:\/\/radiorevelacionfm.cl\/wp-content\/uploads\/2022\/01\/image-30-2-600x367.jpg 600w\" sizes=\"(max-width: 981px) 100vw, 981px\" \/><\/div><\/div><\/div><\/div>\n<div class=\"flex_column av_one_full  flex_column_div av-zero-column-padding first  avia-builder-el-2  el_after_av_one_full  el_before_av_one_full  column-top-margin\" style='border-radius:0px; '><section class=\"av_textblock_section \"  itemscope=\"itemscope\" itemtype=\"https:\/\/schema.org\/BlogPosting\" itemprop=\"blogPost\" ><div class='avia_textblock  '   itemprop=\"text\" ><p style=\"text-align: center;\"><span style=\"font-size: 18pt;\"><strong>Mesa T\u00e9cnica contra incendios decret\u00f3 prohibici\u00f3n del uso del fuego para labores agr\u00edcolas a nivel regional<\/strong><\/span><\/p>\n<div id=\"gtx-trans\" style=\"position: absolute; left: -50px; top: 4.31534px;\">\n<div class=\"gtx-trans-icon\"><\/div>\n<\/div>\n<\/div><\/section><\/div><div class=\"flex_column av_one_full  flex_column_div av-zero-column-padding first  avia-builder-el-4  el_after_av_one_full  el_before_av_hr  column-top-margin\" style='border-radius:0px; '><section class=\"av_textblock_section \"  itemscope=\"itemscope\" itemtype=\"https:\/\/schema.org\/BlogPosting\" itemprop=\"blogPost\" ><div class='avia_textblock  '   itemprop=\"text\" ><p style=\"text-align: justify;\">La jornada de este mi\u00e9rcoles, la Mesa T\u00e9cnica contra Incendios Forestales, la cual es presidida por la Delegada Presidencial Regional de Ays\u00e9n, Margarita Ossa Rojas, decret\u00f3 \u2013 a petici\u00f3n de Conaf \u2013 la prohibici\u00f3n del uso del fuego para labores agr\u00edcolas y \u00e1reas silvestres protegidas a nivel regional hasta el 15 de marzo.<\/p>\n<p style=\"text-align: justify;\">La informaci\u00f3n fue confirmada por el director regional de Onemi, Sidi Bravo, quien al respecto se\u00f1al\u00f3 que \u201cse ha tomado el resguardo a nivel regional con la prohibici\u00f3n del uso del fuego por parte de Conaf para labores agr\u00edcolas en toda la regi\u00f3n hasta el 15 de marzo, y por lo tanto hoy d\u00eda la condici\u00f3n de quemas controladas est\u00e1 suspendida para toda la regi\u00f3n de Ays\u00e9n, como tambi\u00e9n para \u00e1reas silvestres protegidas\u201d agregando que en la instancia tambi\u00e9n se a los municipios que \u00absaquen sus ordenanzas respectivas del uso de fuego en zonas urbanas\u201d, dijo.<\/p>\n<p style=\"text-align: justify;\">En la instancia adem\u00e1s, la tercera del a\u00f1o, se analiz\u00f3 el plan operativo de respuesta ante un eventual incendio forestal, como as\u00ed tambi\u00e9n conocer todos los medios y recursos disponibles (12 brigadas m\u00e1s una brigada aerotransportada en Coyhaique) adem\u00e1s del \u00e1rea de fiscalizaci\u00f3n y as\u00ed evitar condiciones que propicien la ocurrencia de incendios forestales.<\/p>\n<p style=\"text-align: justify;\">Por su parte, la Delegada Presidencial Regional de Ays\u00e9n, Margarita Ossa Rojas, expres\u00f3 que \u201cse revisaron cu\u00e1les son las proyecciones para esta temporada y todos los mecanismos que se han ido articulando desde el 2018 en la l\u00f3gica de la prevenci\u00f3n y la educaci\u00f3n respecto a incendios forestales y que han surtido efecto\u201d, indic\u00f3.<\/p>\n<p style=\"text-align: justify;\">Finalmente, la Delegada inst\u00f3 a la comunidad a tomar todos los resguardos necesarios ya que \u201cse prev\u00e9 febrero como un mes complejo\u201d a\u00f1adiendo que \u201cla prevenci\u00f3n de los incendios forestales nace desde el cuidado que tengamos cada uno de nosotros para evitar estos incendios; la responsabilidad no le corresponde a la comunidad combatirlos pero s\u00ed, evitar que ocurran y por lo mismo, esta mesa lo que busca es adelantarse, conocer la cantidad de elementos para combatirlos y las formas de articular a nivel regional en caso de alguna ocurrencia, aunque esperamos no tenerla\u201d, concluy\u00f3.<\/p>\n<\/div><\/section><\/div><\/p>\n<div  style='height:50px' class='hr hr-invisible   avia-builder-el-6  el_after_av_one_full  el_before_av_social_share '><span class='hr-inner ' ><span class='hr-inner-style'><\/span><\/span><\/div>\n<div  class='av-social-sharing-box  avia-builder-el-7  el_after_av_hr  el_before_av_hr  '><div class='av-share-box'><h5 class='av-share-link-description av-no-toc '>Compartir esta noticia<\/h5><ul class='av-share-box-list noLightbox'><li class='av-share-link av-social-link-facebook' ><a target=\"_blank\" aria-label=\"Compartir en Facebook\" href='https:\/\/www.facebook.com\/sharer.php?u=https:\/\/radiorevelacionfm.cl\/?p=12773&#038;t=Mesa%20T%C3%A9cnica%20contra%20incendios%20decret%C3%B3%20prohibici%C3%B3n%20del%20uso%20del%20fuego%20para%20labores%20agr%C3%ADcolas%20a%20nivel%20regional' aria-hidden='false' data-av_icon='\ue8f3' data-av_iconfont='entypo-fontello' title='' data-avia-related-tooltip='Compartir en Facebook' rel=\"noopener\"><span class='avia_hidden_link_text'>Compartir en Facebook<\/span><\/a><\/li><li class='av-share-link av-social-link-twitter' ><a target=\"_blank\" aria-label=\"Compartir en Twitter\" href='https:\/\/twitter.com\/share?text=Mesa%20T%C3%A9cnica%20contra%20incendios%20decret%C3%B3%20prohibici%C3%B3n%20del%20uso%20del%20fuego%20para%20labores%20agr%C3%ADcolas%20a%20nivel%20regional&#038;url=https:\/\/radiorevelacionfm.cl\/?p=12773' aria-hidden='false' data-av_icon='\ue8f1' data-av_iconfont='entypo-fontello' title='' data-avia-related-tooltip='Compartir en Twitter' rel=\"noopener\"><span class='avia_hidden_link_text'>Compartir en Twitter<\/span><\/a><\/li><li class='av-share-link av-social-link-whatsapp' ><a target=\"_blank\" aria-label=\"Compartir en Whatsapp\" href='https:\/\/api.whatsapp.com\/send?text=https:\/\/radiorevelacionfm.cl\/?p=12773' aria-hidden='false' data-av_icon='\uf232' data-av_iconfont='entypo-fontello' title='' data-avia-related-tooltip='Compartir en Whatsapp' rel=\"noopener\"><span class='avia_hidden_link_text'>Compartir en Whatsapp<\/span><\/a><\/li><li class='av-share-link av-social-link-linkedin' ><a target=\"_blank\" aria-label=\"Compartir en LinkedIn\" href='https:\/\/linkedin.com\/shareArticle?mini=true&#038;title=Mesa%20T%C3%A9cnica%20contra%20incendios%20decret%C3%B3%20prohibici%C3%B3n%20del%20uso%20del%20fuego%20para%20labores%20agr%C3%ADcolas%20a%20nivel%20regional&#038;url=https:\/\/radiorevelacionfm.cl\/?p=12773' aria-hidden='false' data-av_icon='\ue8fc' data-av_iconfont='entypo-fontello' title='' data-avia-related-tooltip='Compartir en LinkedIn' rel=\"noopener\"><span class='avia_hidden_link_text'>Compartir en LinkedIn<\/span><\/a><\/li><li class='av-share-link av-social-link-mail' ><a  aria-label=\"Compartir por correo\" href='mailto:?subject=Mesa%20T%C3%A9cnica%20contra%20incendios%20decret%C3%B3%20prohibici%C3%B3n%20del%20uso%20del%20fuego%20para%20labores%20agr%C3%ADcolas%20a%20nivel%20regional&#038;body=https:\/\/radiorevelacionfm.cl\/?p=12773' aria-hidden='false' data-av_icon='\ue805' data-av_iconfont='entypo-fontello' title='' data-avia-related-tooltip='Compartir por correo'><span class='avia_hidden_link_text'>Compartir por correo<\/span><\/a><\/li><\/ul><\/div><\/div>\n<div  style='height:50px' class='hr hr-invisible   avia-builder-el-8  el_after_av_social_share  el_before_av_comments_list '><span class='hr-inner ' ><span class='hr-inner-style'><\/span><\/span><\/div>\n<div  class='av-buildercomment  av-blog-meta-html-info-disabled av-blog-meta-tag-disabled  '><\/div>\n","protected":false},"excerpt":{"rendered":"","protected":false},"author":1,"featured_media":12774,"comment_status":"open","ping_status":"open","sticky":false,"template":"","format":"standard","meta":{"footnotes":""},"categories":[38],"tags":[],"class_list":["post-12773","post","type-post","status-publish","format-standard","has-post-thumbnail","hentry","category-regional"],"jetpack_featured_media_url":"https:\/\/radiorevelacionfm.cl\/wp-content\/uploads\/2022\/01\/image-30-2.jpg","_links":{"self":[{"href":"https:\/\/radiorevelacionfm.cl\/index.php?rest_route=\/wp\/v2\/posts\/12773","targetHints":{"allow":["GET"]}}],"collection":[{"href":"https:\/\/radiorevelacionfm.cl\/index.php?rest_route=\/wp\/v2\/posts"}],"about":[{"href":"https:\/\/radiorevelacionfm.cl\/index.php?rest_route=\/wp\/v2\/types\/post"}],"author":[{"embeddable":true,"href":"https:\/\/radiorevelacionfm.cl\/index.php?rest_route=\/wp\/v2\/users\/1"}],"replies":[{"embeddable":true,"href":"https:\/\/radiorevelacionfm.cl\/index.php?rest_route=%2Fwp%2Fv2%2Fcomments&post=12773"}],"version-history":[{"count":3,"href":"https:\/\/radiorevelacionfm.cl\/index.php?rest_route=\/wp\/v2\/posts\/12773\/revisions"}],"predecessor-version":[{"id":12777,"href":"https:\/\/radiorevelacionfm.cl\/index.php?rest_route=\/wp\/v2\/posts\/12773\/revisions\/12777"}],"wp:featuredmedia":[{"embeddable":true,"href":"https:\/\/radiorevelacionfm.cl\/index.php?rest_route=\/wp\/v2\/media\/12774"}],"wp:attachment":[{"href":"https:\/\/radiorevelacionfm.cl\/index.php?rest_route=%2Fwp%2Fv2%2Fmedia&parent=12773"}],"wp:term":[{"taxonomy":"category","embeddable":true,"href":"https:\/\/radiorevelacionfm.cl\/index.php?rest_route=%2Fwp%2Fv2%2Fcategories&post=12773"},{"taxonomy":"post_tag","embeddable":true,"href":"https:\/\/radiorevelacionfm.cl\/index.php?rest_route=%2Fwp%2Fv2%2Ftags&post=12773"}],"curies":[{"name":"wp","href":"https:\/\/api.w.org\/{rel}","templated":true}]}}