{"id":12768,"date":"2022-01-13T09:02:33","date_gmt":"2022-01-13T12:02:33","guid":{"rendered":"https:\/\/radiorevelacionfm.cl\/?p=12768"},"modified":"2022-01-13T09:02:33","modified_gmt":"2022-01-13T12:02:33","slug":"bienes-nacionales-transfiere-terreno-a-serviu-para-proyecto-habitacional-en-melinka","status":"publish","type":"post","link":"https:\/\/radiorevelacionfm.cl\/?p=12768","title":{"rendered":"Bienes Nacionales transfiere terreno a Serviu para proyecto habitacional en Melinka"},"content":{"rendered":"<div class=\"flex_column av_one_full  flex_column_div av-zero-column-padding first  avia-builder-el-0  el_before_av_one_full  avia-builder-el-first  \" style='border-radius:0px; '><div  class='avia-image-container  av-styling-    avia-builder-el-1  avia-builder-el-no-sibling  avia-align-center '  itemprop=\"image\" itemscope=\"itemscope\" itemtype=\"https:\/\/schema.org\/ImageObject\"  ><div class='avia-image-container-inner'><div class='avia-image-overlay-wrap'><img decoding=\"async\" class='wp-image-12769 avia-img-lazy-loading-not-12769 avia_image' src=\"https:\/\/radiorevelacionfm.cl\/wp-content\/uploads\/2022\/01\/2-4-2-2.jpeg\" alt='' title='2-4-2-2' height=\"600\" width=\"901\"  itemprop=\"thumbnailUrl\" srcset=\"https:\/\/radiorevelacionfm.cl\/wp-content\/uploads\/2022\/01\/2-4-2-2.jpeg 901w, https:\/\/radiorevelacionfm.cl\/wp-content\/uploads\/2022\/01\/2-4-2-2-300x200.jpeg 300w, https:\/\/radiorevelacionfm.cl\/wp-content\/uploads\/2022\/01\/2-4-2-2-768x511.jpeg 768w, https:\/\/radiorevelacionfm.cl\/wp-content\/uploads\/2022\/01\/2-4-2-2-705x469.jpeg 705w, https:\/\/radiorevelacionfm.cl\/wp-content\/uploads\/2022\/01\/2-4-2-2-600x400.jpeg 600w\" sizes=\"(max-width: 901px) 100vw, 901px\" \/><\/div><\/div><\/div><\/div><div class=\"flex_column av_one_full  flex_column_div av-zero-column-padding first  avia-builder-el-2  el_after_av_one_full  el_before_av_one_full  column-top-margin\" style='border-radius:0px; '><section class=\"av_textblock_section \"  itemscope=\"itemscope\" itemtype=\"https:\/\/schema.org\/BlogPosting\" itemprop=\"blogPost\" ><div class='avia_textblock  '   itemprop=\"text\" ><p style=\"text-align: center;\"><span style=\"font-size: 18pt;\"><strong>Bienes Nacionales transfiere terreno a Serviu para proyecto habitacional en Melinka<\/strong><\/span><\/p>\n<div id=\"gtx-trans\" style=\"position: absolute; left: -50px; top: 4.31534px;\">\n<div class=\"gtx-trans-icon\"><\/div>\n<\/div>\n<\/div><\/section><\/div><div class=\"flex_column av_one_full  flex_column_div av-zero-column-padding first  avia-builder-el-4  el_after_av_one_full  el_before_av_hr  column-top-margin\" style='border-radius:0px; '><section class=\"av_textblock_section \"  itemscope=\"itemscope\" itemtype=\"https:\/\/schema.org\/BlogPosting\" itemprop=\"blogPost\" ><div class='avia_textblock  '   itemprop=\"text\" ><p style=\"text-align: justify;\">A primera hora de este mi\u00e9rcoles el Ministro (S) de Bienes Nacionales, \u00c1lvaro Pillado Irribarra, el director regional de Serviu Ays\u00e9n, Nelson Quinteros y la Seremi Ana Mar\u00eda Mora, embarcaron en Puerto Cisnes, en la lancha \u201cArc\u00e1ngel\u201d de la Armada de Chile, con destino a Melinka, con el objetivo de oficializar la Transferencia Gratuita de desde el fisco de Chile al Servicio de Vivienda y Urbanismo, de un inmueble de 16.900 m2.<\/p>\n<p style=\"text-align: justify;\">Las autoridades fueron recibidas por el alcalde la comuna del litoral, Marcos Silva Miranda, con quien se trasladaron hasta el terreno, ubicado en el Camino P\u00fablico al ex vertedero, donde se realiz\u00f3 la actividad, la firma de las actas y la entrega del Decreto que Autoriza la Transferencia.<\/p>\n<p style=\"text-align: justify;\">\u201cJunto a Serviu hemos generado una alianza estrat\u00e9gica a trav\u00e9s de la creaci\u00f3n de un Banco de Suelo en todo el pa\u00eds, que nos ha permitido transferir m\u00e1s de 90 terrenos de forma directa, gratuita y expedita. Por supuesto que el terreno de Melinka ha sido priorizado en la regi\u00f3n de Ays\u00e9n, hito muy importante para esta localidad que tiene muchas necesidades habitacionales, sabemos que muchas familias han tenido que construir sus viviendas de forma irregular, por ello revierte tanta importancia el trabajo que se inicia ahora que ya cuentan con el terreno\u201d, expuso el Ministro (S) de Bienes Nacionales \u00c1lvaro Pillado Irribarra.<\/p>\n<p style=\"text-align: justify;\">En la ocasi\u00f3n, el Alcalde Marcos Silva, comprometi\u00f3 el trabajo municipal para avanzar lo m\u00e1s pronto posible en la consolidaci\u00f3n de los antecedentes de las familias que ser\u00e1n parte del proyecto habitacional. \u201cEsta es la forma de hacer pol\u00edtica, desde la gente y para la gente, creo que son estas las instancias en que todos y todas podemos hacer hoy d\u00eda un trabajo mancomunado, cuando justamente las iniciativas van en directo beneficio de la comuna y las familias, muchas de ellas han esperado por d\u00e9cadas la proyecci\u00f3n de sus viviendas, algo que nos emociona y enorgullece. Haremos todos los esfuerzos necesarios para poder tener prontamente todos los datos de los beneficiarios\u201d.<\/p>\n<p style=\"text-align: justify;\">En ese sentido, el Director del Serviu agreg\u00f3 que \u201cdesde nuestro servicio tenemos la capacidad t\u00e9cnica de apoyarlos, si es que logran configurar una entidad patrocinante que pueda hacerse cargo, sino nosotros tambi\u00e9n podemos tomar directamente el patrocinio, ese es un trabajo que debemos conversar con el municipio, para definir la mejor de las opciones, por otro lado, mientras trabajamos en ordenar la demanda, vamos a tener que hacer los estudios de suelo. Aqu\u00ed cada paso toma su tiempo y requiere de la mayor rigurosidad, por lo que desde ya vamos a disponer de los recursos y de nuestros funcionarios, que nos permita materializar esta importante necesidad dentro de los plazos\u201d.<\/p>\n<\/div><\/section><\/div><div  style='height:50px' class='hr hr-invisible   avia-builder-el-6  el_after_av_one_full  el_before_av_social_share '><span class='hr-inner ' ><span class='hr-inner-style'><\/span><\/span><\/div><\/p>\n<div  class='av-social-sharing-box  avia-builder-el-7  el_after_av_hr  el_before_av_hr  '><div class='av-share-box'><h5 class='av-share-link-description av-no-toc '>Compartir esta noticia<\/h5><ul class='av-share-box-list noLightbox'><li class='av-share-link av-social-link-facebook' ><a target=\"_blank\" aria-label=\"Compartir en Facebook\" href='https:\/\/www.facebook.com\/sharer.php?u=https:\/\/radiorevelacionfm.cl\/?p=12768&#038;t=Bienes%20Nacionales%20transfiere%20terreno%20a%20Serviu%20para%20proyecto%20habitacional%20en%20Melinka' aria-hidden='false' data-av_icon='\ue8f3' data-av_iconfont='entypo-fontello' title='' data-avia-related-tooltip='Compartir en Facebook' rel=\"noopener\"><span class='avia_hidden_link_text'>Compartir en Facebook<\/span><\/a><\/li><li class='av-share-link av-social-link-twitter' ><a target=\"_blank\" aria-label=\"Compartir en Twitter\" href='https:\/\/twitter.com\/share?text=Bienes%20Nacionales%20transfiere%20terreno%20a%20Serviu%20para%20proyecto%20habitacional%20en%20Melinka&#038;url=https:\/\/radiorevelacionfm.cl\/?p=12768' aria-hidden='false' data-av_icon='\ue8f1' data-av_iconfont='entypo-fontello' title='' data-avia-related-tooltip='Compartir en Twitter' rel=\"noopener\"><span class='avia_hidden_link_text'>Compartir en Twitter<\/span><\/a><\/li><li class='av-share-link av-social-link-whatsapp' ><a target=\"_blank\" aria-label=\"Compartir en Whatsapp\" href='https:\/\/api.whatsapp.com\/send?text=https:\/\/radiorevelacionfm.cl\/?p=12768' aria-hidden='false' data-av_icon='\uf232' data-av_iconfont='entypo-fontello' title='' data-avia-related-tooltip='Compartir en Whatsapp' rel=\"noopener\"><span class='avia_hidden_link_text'>Compartir en Whatsapp<\/span><\/a><\/li><li class='av-share-link av-social-link-linkedin' ><a target=\"_blank\" aria-label=\"Compartir en LinkedIn\" href='https:\/\/linkedin.com\/shareArticle?mini=true&#038;title=Bienes%20Nacionales%20transfiere%20terreno%20a%20Serviu%20para%20proyecto%20habitacional%20en%20Melinka&#038;url=https:\/\/radiorevelacionfm.cl\/?p=12768' aria-hidden='false' data-av_icon='\ue8fc' data-av_iconfont='entypo-fontello' title='' data-avia-related-tooltip='Compartir en LinkedIn' rel=\"noopener\"><span class='avia_hidden_link_text'>Compartir en LinkedIn<\/span><\/a><\/li><li class='av-share-link av-social-link-mail' ><a  aria-label=\"Compartir por correo\" href='mailto:?subject=Bienes%20Nacionales%20transfiere%20terreno%20a%20Serviu%20para%20proyecto%20habitacional%20en%20Melinka&#038;body=https:\/\/radiorevelacionfm.cl\/?p=12768' aria-hidden='false' data-av_icon='\ue805' data-av_iconfont='entypo-fontello' title='' data-avia-related-tooltip='Compartir por correo'><span class='avia_hidden_link_text'>Compartir por correo<\/span><\/a><\/li><\/ul><\/div><\/div>\n<div  style='height:50px' class='hr hr-invisible   avia-builder-el-8  el_after_av_social_share  el_before_av_comments_list '><span class='hr-inner ' ><span class='hr-inner-style'><\/span><\/span><\/div>\n<div  class='av-buildercomment  av-blog-meta-html-info-disabled av-blog-meta-tag-disabled  '><\/div>\n","protected":false},"excerpt":{"rendered":"","protected":false},"author":1,"featured_media":12769,"comment_status":"open","ping_status":"open","sticky":false,"template":"","format":"standard","meta":{"footnotes":""},"categories":[38],"tags":[],"class_list":["post-12768","post","type-post","status-publish","format-standard","has-post-thumbnail","hentry","category-regional"],"jetpack_featured_media_url":"https:\/\/radiorevelacionfm.cl\/wp-content\/uploads\/2022\/01\/2-4-2-2.jpeg","_links":{"self":[{"href":"https:\/\/radiorevelacionfm.cl\/index.php?rest_route=\/wp\/v2\/posts\/12768","targetHints":{"allow":["GET"]}}],"collection":[{"href":"https:\/\/radiorevelacionfm.cl\/index.php?rest_route=\/wp\/v2\/posts"}],"about":[{"href":"https:\/\/radiorevelacionfm.cl\/index.php?rest_route=\/wp\/v2\/types\/post"}],"author":[{"embeddable":true,"href":"https:\/\/radiorevelacionfm.cl\/index.php?rest_route=\/wp\/v2\/users\/1"}],"replies":[{"embeddable":true,"href":"https:\/\/radiorevelacionfm.cl\/index.php?rest_route=%2Fwp%2Fv2%2Fcomments&post=12768"}],"version-history":[{"count":2,"href":"https:\/\/radiorevelacionfm.cl\/index.php?rest_route=\/wp\/v2\/posts\/12768\/revisions"}],"predecessor-version":[{"id":12772,"href":"https:\/\/radiorevelacionfm.cl\/index.php?rest_route=\/wp\/v2\/posts\/12768\/revisions\/12772"}],"wp:featuredmedia":[{"embeddable":true,"href":"https:\/\/radiorevelacionfm.cl\/index.php?rest_route=\/wp\/v2\/media\/12769"}],"wp:attachment":[{"href":"https:\/\/radiorevelacionfm.cl\/index.php?rest_route=%2Fwp%2Fv2%2Fmedia&parent=12768"}],"wp:term":[{"taxonomy":"category","embeddable":true,"href":"https:\/\/radiorevelacionfm.cl\/index.php?rest_route=%2Fwp%2Fv2%2Fcategories&post=12768"},{"taxonomy":"post_tag","embeddable":true,"href":"https:\/\/radiorevelacionfm.cl\/index.php?rest_route=%2Fwp%2Fv2%2Ftags&post=12768"}],"curies":[{"name":"wp","href":"https:\/\/api.w.org\/{rel}","templated":true}]}}