{"id":12763,"date":"2022-01-13T09:26:07","date_gmt":"2022-01-13T12:26:07","guid":{"rendered":"https:\/\/radiorevelacionfm.cl\/?p=12763"},"modified":"2022-01-13T09:26:07","modified_gmt":"2022-01-13T12:26:07","slug":"senadora-ordenes-las-salmoneras-deben-hacerse-responsable-de-las-externalidades-negativas-que-generan-en-el-pais","status":"publish","type":"post","link":"https:\/\/radiorevelacionfm.cl\/?p=12763","title":{"rendered":"Senadora \u00d3rdenes: \u201cLas salmoneras deben hacerse responsable de las externalidades negativas que generan en el pa\u00eds\u201d"},"content":{"rendered":"<div class=\"flex_column av_one_full  flex_column_div av-zero-column-padding first  avia-builder-el-0  el_before_av_one_full  avia-builder-el-first  \" style='border-radius:0px; '><div  class='avia-image-container  av-styling-    avia-builder-el-1  avia-builder-el-no-sibling  avia-align-center '  itemprop=\"image\" itemscope=\"itemscope\" itemtype=\"https:\/\/schema.org\/ImageObject\"  ><div class='avia-image-container-inner'><div class='avia-image-overlay-wrap'><img decoding=\"async\" class='wp-image-12764 avia-img-lazy-loading-not-12764 avia_image' src=\"https:\/\/radiorevelacionfm.cl\/wp-content\/uploads\/2022\/01\/Senadora-Ordenes.jpg\" alt='' title='Senadora Ordenes' height=\"600\" width=\"1032\"  itemprop=\"thumbnailUrl\" srcset=\"https:\/\/radiorevelacionfm.cl\/wp-content\/uploads\/2022\/01\/Senadora-Ordenes.jpg 1032w, https:\/\/radiorevelacionfm.cl\/wp-content\/uploads\/2022\/01\/Senadora-Ordenes-300x174.jpg 300w, https:\/\/radiorevelacionfm.cl\/wp-content\/uploads\/2022\/01\/Senadora-Ordenes-1030x599.jpg 1030w, https:\/\/radiorevelacionfm.cl\/wp-content\/uploads\/2022\/01\/Senadora-Ordenes-768x447.jpg 768w, https:\/\/radiorevelacionfm.cl\/wp-content\/uploads\/2022\/01\/Senadora-Ordenes-705x410.jpg 705w, https:\/\/radiorevelacionfm.cl\/wp-content\/uploads\/2022\/01\/Senadora-Ordenes-600x349.jpg 600w\" sizes=\"(max-width: 1032px) 100vw, 1032px\" \/><\/div><\/div><\/div><\/div><div class=\"flex_column av_one_full  flex_column_div av-zero-column-padding first  avia-builder-el-2  el_after_av_one_full  el_before_av_one_full  column-top-margin\" style='border-radius:0px; '><section class=\"av_textblock_section \"  itemscope=\"itemscope\" itemtype=\"https:\/\/schema.org\/BlogPosting\" itemprop=\"blogPost\" ><div class='avia_textblock  '   itemprop=\"text\" ><p style=\"text-align: center;\"><span style=\"font-size: 18pt;\"><b>Senadora \u00d3rdenes: \u201cLas salmoneras deben hacerse responsable de las externalidades negativas que generan en el pa\u00eds\u201d<\/b><\/span><\/p>\n<div id=\"gtx-trans\" style=\"position: absolute; left: -50px; top: 4.31534px;\">\n<div class=\"gtx-trans-icon\"><\/div>\n<\/div>\n<\/div><\/section><\/div><div class=\"flex_column av_one_full  flex_column_div av-zero-column-padding first  avia-builder-el-4  el_after_av_one_full  el_before_av_hr  column-top-margin\" style='border-radius:0px; '><section class=\"av_textblock_section \"  itemscope=\"itemscope\" itemtype=\"https:\/\/schema.org\/BlogPosting\" itemprop=\"blogPost\" ><div class='avia_textblock  '   itemprop=\"text\" ><p style=\"text-align: justify;\">La presidenta de la comisi\u00f3n de Medio Ambiente del Senado critic\u00f3 el \u201cmal comienzo de a\u00f1o\u201d de las salmoneras. \u201cTenemos un nuevo florecimiento de algas nocivas en Ays\u00e9n, un informe del programa Seafood Watch advierte que el 59% de la producci\u00f3n nacional de salmones est\u00e1 en categoria \u201cevitar el consumo\u201d y dos buzos que se desempe\u00f1aban en la industria fallecieron esta semana\u201d.<\/p>\n<p style=\"text-align: justify;\">\u201cEl alto uso de antibi\u00f3ticos y pesticidas para controlar enfermedades y el piojo de mar\u202fson de preocupaci\u00f3n cr\u00edtica\u201d, con estas palabras, el informe del programa Seafood Watch, se refiri\u00f3 a la industria salmonera nacional, la misma que sufre en estos d\u00edas un nuevo florecimiento de algas nocivas, conocidas como \u201cbloom\u201d de algas y que justamente, afecta a la regi\u00f3n de Ays\u00e9n.<\/p>\n<p style=\"text-align: justify;\">\u201cLa industria del salm\u00f3n comienza el a\u00f1o 2022 con malas noticias. Primero dos buzos mueren haciendo limpieza en los centros de cultivo en Los Lagos y Ays\u00e9n. Tambi\u00e9n las instituciones nacionales aprueban la comercializaci\u00f3n de salm\u00f3n, mientras que un informe internacional lo declara alto en antibioticos y lo coloca en una categor\u00eda de un producto que se propone evitar su consumo. Ese es la situaci\u00f3n que est\u00e1 enfrentando la industria hoy en d\u00eda\u201d, comenz\u00f3 la senadora \u00d3rdenes y agreg\u00f3: \u201cY nos hemos enterado que en la regi\u00f3n de Ays\u00e9n se ha registrado un fen\u00f3meno de \u2018bloom\u2019 de floraci\u00f3n de algas nocivas, eso implica falta de oxigeno y mortandad de masiva de salmones\u201d.<\/p>\n<p style=\"text-align: justify;\">Asimismo, la parlamentaria indic\u00f3 citar\u00e1n a la comisi\u00f3n de Medio Ambiente del Senado y oficiar\u00e1n al Servicio Nacional de Pesca (Sernapesca) y a la Superintendencia de Medio Ambiente (SMA) para revisar lo que est\u00e1 ocurriendo en la regi\u00f3n de Ays\u00e9n con este nuevo florecimiento de algas, que solo el a\u00f1o pasado provoc\u00f3 la mortalidad de 1.600 toneladas de salmones en la zona.<\/p>\n<p style=\"text-align: justify;\">\u201cLe he solicitado tanto a Sernapesca como a la SMA que fiscalicen el cumplimiento de las medidas medios ambientales de prevenci\u00f3n de riesgo, adem\u00e1s de informar la estimaci\u00f3n del da\u00f1o que puede provocar esta crisis en las zonas aleda\u00f1as. Porque ac\u00e1 hay un aspecto que no se considera: las salmoneras no son una industria que genere orgullo en los territorios, porque no existen beneficios, solo da\u00f1os ambientales\u201d, sostuvo.<\/p>\n<p style=\"text-align: justify;\">Respecto al informe del programa Seafood Watch, responsable de examinar las condiciones en que se producen los salmones en el mundo, la parlamentaria por la regi\u00f3n de Ays\u00e9n, indic\u00f3 que \u201cno es primera vez que se hace una cr\u00edtica o se alerta del alto consumo de antibioticos. El a\u00f1o pasado se dio a conocer una investigaci\u00f3n de la Universidad Austral que detall\u00f3 que para producir un kilo de salm\u00f3n en Chile se usan 100 veces m\u00e1s antibi\u00f3ticos que en Noruega. Sin embargo, pese a toda esta informaci\u00f3n no se ha podido avanzar en una legislaci\u00f3n que proteja a los consumidores y transparente el uso de estos medicamentos\u201d.<\/p>\n<p style=\"text-align: justify;\">Sobre el fallecimiento de dos buzos en la \u00faltima semana mientras hacian limpieza de fondo marino, la senadora \u00d3rdenes, junto con lamentar el deceso de los trabajadores, recalc\u00f3 que es necesario que \u201cla industria tome todas las medidas necesarias para resguardar a los trabajadores de salmoneras, pero adem\u00e1s, capacitar y mejorar las condiciones de quienes se desempe\u00f1an en estas faenas\u201d.<\/p>\n<p style=\"text-align: justify;\">Finalmente, la senadora Ximena \u00d3rdenes Neira alert\u00f3 sobre la necesidad de enfrentar los desaf\u00edos ambientales asumiento que \u201cel cambio clim\u00e1tico ya est\u00e1 ocurriendo y ha sido provocado por nosotros, algo que no puede inhibirnos de tomar las acciones para prevenir da\u00f1os al medio ambiente, a las personas, a las comunidades. Por esta raz\u00f3n, los entes fiscalizadores y las empresas deben tomar medidas para adaptarse a esta nueva realidad, algo que se viene exigiendo hace a\u00f1os desde la comisi\u00f3n de Medio Ambiente\u201d, puntualiz\u00f3.<\/p>\n<\/div><\/section><\/div><div  style='height:50px' class='hr hr-invisible   avia-builder-el-6  el_after_av_one_full  el_before_av_social_share '><span class='hr-inner ' ><span class='hr-inner-style'><\/span><\/span><\/div><\/p>\n<div  class='av-social-sharing-box  avia-builder-el-7  el_after_av_hr  el_before_av_hr  '><div class='av-share-box'><h5 class='av-share-link-description av-no-toc '>Compartir esta noticia<\/h5><ul class='av-share-box-list noLightbox'><li class='av-share-link av-social-link-facebook' ><a target=\"_blank\" aria-label=\"Compartir en Facebook\" href='https:\/\/www.facebook.com\/sharer.php?u=https:\/\/radiorevelacionfm.cl\/?p=12763&#038;t=Senadora%20%C3%93rdenes%3A%20%E2%80%9CLas%20salmoneras%20deben%20hacerse%20responsable%20de%20las%20externalidades%20negativas%20que%20generan%20en%20el%20pa%C3%ADs%E2%80%9D' aria-hidden='false' data-av_icon='\ue8f3' data-av_iconfont='entypo-fontello' title='' data-avia-related-tooltip='Compartir en Facebook' rel=\"noopener\"><span class='avia_hidden_link_text'>Compartir en Facebook<\/span><\/a><\/li><li class='av-share-link av-social-link-twitter' ><a target=\"_blank\" aria-label=\"Compartir en Twitter\" href='https:\/\/twitter.com\/share?text=Senadora%20%C3%93rdenes%3A%20%E2%80%9CLas%20salmoneras%20deben%20hacerse%20responsable%20de%20las%20externalidades%20negativas%20que%20generan%20en%20el%20pa%C3%ADs%E2%80%9D&#038;url=https:\/\/radiorevelacionfm.cl\/?p=12763' aria-hidden='false' data-av_icon='\ue8f1' data-av_iconfont='entypo-fontello' title='' data-avia-related-tooltip='Compartir en Twitter' rel=\"noopener\"><span class='avia_hidden_link_text'>Compartir en Twitter<\/span><\/a><\/li><li class='av-share-link av-social-link-whatsapp' ><a target=\"_blank\" aria-label=\"Compartir en Whatsapp\" href='https:\/\/api.whatsapp.com\/send?text=https:\/\/radiorevelacionfm.cl\/?p=12763' aria-hidden='false' data-av_icon='\uf232' data-av_iconfont='entypo-fontello' title='' data-avia-related-tooltip='Compartir en Whatsapp' rel=\"noopener\"><span class='avia_hidden_link_text'>Compartir en Whatsapp<\/span><\/a><\/li><li class='av-share-link av-social-link-linkedin' ><a target=\"_blank\" aria-label=\"Compartir en LinkedIn\" href='https:\/\/linkedin.com\/shareArticle?mini=true&#038;title=Senadora%20%C3%93rdenes%3A%20%E2%80%9CLas%20salmoneras%20deben%20hacerse%20responsable%20de%20las%20externalidades%20negativas%20que%20generan%20en%20el%20pa%C3%ADs%E2%80%9D&#038;url=https:\/\/radiorevelacionfm.cl\/?p=12763' aria-hidden='false' data-av_icon='\ue8fc' data-av_iconfont='entypo-fontello' title='' data-avia-related-tooltip='Compartir en LinkedIn' rel=\"noopener\"><span class='avia_hidden_link_text'>Compartir en LinkedIn<\/span><\/a><\/li><li class='av-share-link av-social-link-mail' ><a  aria-label=\"Compartir por correo\" href='mailto:?subject=Senadora%20%C3%93rdenes%3A%20%E2%80%9CLas%20salmoneras%20deben%20hacerse%20responsable%20de%20las%20externalidades%20negativas%20que%20generan%20en%20el%20pa%C3%ADs%E2%80%9D&#038;body=https:\/\/radiorevelacionfm.cl\/?p=12763' aria-hidden='false' data-av_icon='\ue805' data-av_iconfont='entypo-fontello' title='' data-avia-related-tooltip='Compartir por correo'><span class='avia_hidden_link_text'>Compartir por correo<\/span><\/a><\/li><\/ul><\/div><\/div>\n<div  style='height:50px' class='hr hr-invisible   avia-builder-el-8  el_after_av_social_share  el_before_av_comments_list '><span class='hr-inner ' ><span class='hr-inner-style'><\/span><\/span><\/div>\n<div  class='av-buildercomment  av-blog-meta-html-info-disabled av-blog-meta-tag-disabled  '><\/div>\n","protected":false},"excerpt":{"rendered":"","protected":false},"author":1,"featured_media":12764,"comment_status":"open","ping_status":"open","sticky":false,"template":"","format":"standard","meta":{"footnotes":""},"categories":[35],"tags":[],"class_list":["post-12763","post","type-post","status-publish","format-standard","has-post-thumbnail","hentry","category-politica"],"jetpack_featured_media_url":"https:\/\/radiorevelacionfm.cl\/wp-content\/uploads\/2022\/01\/Senadora-Ordenes.jpg","_links":{"self":[{"href":"https:\/\/radiorevelacionfm.cl\/index.php?rest_route=\/wp\/v2\/posts\/12763","targetHints":{"allow":["GET"]}}],"collection":[{"href":"https:\/\/radiorevelacionfm.cl\/index.php?rest_route=\/wp\/v2\/posts"}],"about":[{"href":"https:\/\/radiorevelacionfm.cl\/index.php?rest_route=\/wp\/v2\/types\/post"}],"author":[{"embeddable":true,"href":"https:\/\/radiorevelacionfm.cl\/index.php?rest_route=\/wp\/v2\/users\/1"}],"replies":[{"embeddable":true,"href":"https:\/\/radiorevelacionfm.cl\/index.php?rest_route=%2Fwp%2Fv2%2Fcomments&post=12763"}],"version-history":[{"count":2,"href":"https:\/\/radiorevelacionfm.cl\/index.php?rest_route=\/wp\/v2\/posts\/12763\/revisions"}],"predecessor-version":[{"id":12776,"href":"https:\/\/radiorevelacionfm.cl\/index.php?rest_route=\/wp\/v2\/posts\/12763\/revisions\/12776"}],"wp:featuredmedia":[{"embeddable":true,"href":"https:\/\/radiorevelacionfm.cl\/index.php?rest_route=\/wp\/v2\/media\/12764"}],"wp:attachment":[{"href":"https:\/\/radiorevelacionfm.cl\/index.php?rest_route=%2Fwp%2Fv2%2Fmedia&parent=12763"}],"wp:term":[{"taxonomy":"category","embeddable":true,"href":"https:\/\/radiorevelacionfm.cl\/index.php?rest_route=%2Fwp%2Fv2%2Fcategories&post=12763"},{"taxonomy":"post_tag","embeddable":true,"href":"https:\/\/radiorevelacionfm.cl\/index.php?rest_route=%2Fwp%2Fv2%2Ftags&post=12763"}],"curies":[{"name":"wp","href":"https:\/\/api.w.org\/{rel}","templated":true}]}}