{"id":12756,"date":"2022-01-12T19:10:28","date_gmt":"2022-01-12T22:10:28","guid":{"rendered":"https:\/\/radiorevelacionfm.cl\/?p=12756"},"modified":"2022-01-12T19:10:28","modified_gmt":"2022-01-12T22:10:28","slug":"justicia-confirma-fallo-que-condeno-a-18-15-y-12-anos-de-presidio-a-banda-dedicada-al-trafico-de-drogas-en-puerto-aysen","status":"publish","type":"post","link":"https:\/\/radiorevelacionfm.cl\/?p=12756","title":{"rendered":"Justicia confirma fallo que conden\u00f3 a 18, 15 y 12 a\u00f1os de presidio a banda dedicada al tr\u00e1fico de drogas en Puerto Ays\u00e9n"},"content":{"rendered":"<div class=\"flex_column av_one_full  flex_column_div av-zero-column-padding first  avia-builder-el-0  el_before_av_one_full  avia-builder-el-first  \" style='border-radius:0px; '><div  class='avia-image-container  av-styling-    avia-builder-el-1  avia-builder-el-no-sibling  avia-align-center '  itemprop=\"image\" itemscope=\"itemscope\" itemtype=\"https:\/\/schema.org\/ImageObject\"  ><div class='avia-image-container-inner'><div class='avia-image-overlay-wrap'><img decoding=\"async\" class='wp-image-6641 avia-img-lazy-loading-not-6641 avia_image' src=\"https:\/\/radiorevelacionfm.cl\/wp-content\/uploads\/2021\/07\/foto-01-corte-1_optimized.jpg\" alt='' title='foto-01-corte--(1)_optimized' height=\"600\" width=\"918\"  itemprop=\"thumbnailUrl\" srcset=\"https:\/\/radiorevelacionfm.cl\/wp-content\/uploads\/2021\/07\/foto-01-corte-1_optimized.jpg 918w, https:\/\/radiorevelacionfm.cl\/wp-content\/uploads\/2021\/07\/foto-01-corte-1_optimized-300x196.jpg 300w, https:\/\/radiorevelacionfm.cl\/wp-content\/uploads\/2021\/07\/foto-01-corte-1_optimized-768x502.jpg 768w, https:\/\/radiorevelacionfm.cl\/wp-content\/uploads\/2021\/07\/foto-01-corte-1_optimized-705x461.jpg 705w, https:\/\/radiorevelacionfm.cl\/wp-content\/uploads\/2021\/07\/foto-01-corte-1_optimized-600x392.jpg 600w\" sizes=\"(max-width: 918px) 100vw, 918px\" \/><\/div><\/div><\/div><\/div><div class=\"flex_column av_one_full  flex_column_div av-zero-column-padding first  avia-builder-el-2  el_after_av_one_full  el_before_av_one_full  column-top-margin\" style='border-radius:0px; '><section class=\"av_textblock_section \"  itemscope=\"itemscope\" itemtype=\"https:\/\/schema.org\/BlogPosting\" itemprop=\"blogPost\" ><div class='avia_textblock  '   itemprop=\"text\" ><p style=\"text-align: center;\"><span style=\"font-size: 18pt;\"><strong>Justicia confirma fallo que conden\u00f3 a 18, 15 y 12 a\u00f1os de presidio a banda dedicada al tr\u00e1fico de drogas en Puerto Ays\u00e9n<\/strong><\/span><\/p>\n<div id=\"gtx-trans\" style=\"position: absolute; left: -50px; top: 4.31534px;\">\n<div class=\"gtx-trans-icon\"><\/div>\n<\/div>\n<\/div><\/section><\/div><div class=\"flex_column av_one_full  flex_column_div av-zero-column-padding first  avia-builder-el-4  el_after_av_one_full  el_before_av_hr  column-top-margin\" style='border-radius:0px; '><section class=\"av_textblock_section \"  itemscope=\"itemscope\" itemtype=\"https:\/\/schema.org\/BlogPosting\" itemprop=\"blogPost\" ><div class='avia_textblock  '   itemprop=\"text\" ><p style=\"text-align: justify;\">La Corte de Apelaciones de Coyhaique rechaz\u00f3\u00a0los recursos\u00a0de nulidad deducidos por las defensas en contra de la sentencia que conden\u00f3 a Diego Nikol\u00e1s Bastidas Orellana y Agust\u00edn Nazlo Bast\u00edas Orellana a 18 a\u00f1os de presidio y al pago de una multa de 250 UTM cada uno; a Mat\u00edas Andr\u00e9s Bastidas Orellana a 15 a\u00f1os de presidio y una multa de 200 UTM.; y a Franco Dami\u00e1n Enrique Ib\u00e1\u00f1ez Pacheco, Fabiola Alejandra Orellana Zamora y Paula Fabiola Orellana Orellana a 12 a\u00f1os de presidio y al pago de una multa de 100 UTM cada uno, en calidad de autores del delito consumado de tr\u00e1fico de drogas. Il\u00edcito perpetrado entre 2020 y 2021, en la comuna de Puerto Ays\u00e9n.<\/p>\n<p style=\"text-align: justify;\">En fallo un\u00e1nime (causa rol 291-2021), la Primera Sala del tribunal de alzada \u2013integrada por los ministros Natalia Rencoret Oliva, Sergio Mora Vallejos y Jos\u00e9 Ignacio Mora Trujillo\u2013 descart\u00f3 infracci\u00f3n de ley en la sentencia impugnada, dictada por el\u00a0Tribunal de Juicio Oral en lo Penal de Coyhaique el 5 de noviembre del a\u00f1o pasado.<\/p>\n<p style=\"text-align: justify;\">\u201c(\u2026) del an\u00e1lisis conjunto de la normativa antes asentada y del texto del fallo que se recurre, extractado en los considerandos que anteceden, a juicio de estos sentenciadores, se ha hecho una correcta aplicaci\u00f3n del derecho respecto a la concurrencia de la circunstancia agravante del art\u00edculo 19 letra a) de la Ley 20.000\u201d, sostiene la resoluci\u00f3n.<\/p>\n<p style=\"text-align: justify;\">La resoluci\u00f3n agrega que: \u201cEn efecto, es un hecho inamovible para esta Corte, que el recurrente Mat\u00edas Andr\u00e9s Bastidas Orellana, form\u00f3 parte de una agrupaci\u00f3n o reuni\u00f3n de delincuentes, toda vez que en el domicilio familiar de Hoster\u00eda Municipal N\u00b020 de Puerto Ays\u00e9n, se guardaba y almacenaba droga, que era enviada desde fuera de la regi\u00f3n, por sus hermanos Agust\u00edn Bast\u00edas Orellana y Diego Bastidas Orellana, domicilio en el cual resid\u00eda su madre, Fabiola Orellana Zamora y el recurrente Mat\u00edas Bastidas Orellana, circunscribiendo su actuar a una acci\u00f3n coordinada que no s\u00f3lo facilita la comisi\u00f3n del delito, sino que adem\u00e1s hace que su consumaci\u00f3n sea posible\u201d.<\/p>\n<p style=\"text-align: justify;\">Para el tribunal de alzada, en la especie: \u201c(\u2026) configur\u00e1ndose la primera hip\u00f3tesis de hecho de la agravante en estudio, esto es, la agrupaci\u00f3n o reuni\u00f3n de delincuentes, seg\u00fan antes se indic\u00f3, se debe dejar en claro que no alcanza a configurarse el delito de asociaci\u00f3n il\u00edcita, ya que si bien se estableci\u00f3 el hecho inmovible que exist\u00edan coordinaciones telef\u00f3nicas, entre esta agrupaci\u00f3n de delincuentes para la realizaci\u00f3n de conductas constitutivas del tr\u00e1fico de drogas, recibiendo unos instrucciones del otro para tal efecto, quienes despu\u00e9s deb\u00edan rendir cuentas, actividad \u00e9sta que se mantuvo por un tiempo prolongado, lo cierto es que no se estableci\u00f3 un grado mayor de jerarquizaci\u00f3n en la estructura de esta reuni\u00f3n de personas, desde que no fue establecida la existencia de una jefatura, con reglas y directivas claras que se deban cumplir disciplinariamente\u201d.<\/p>\n<p style=\"text-align: justify;\">\u201cSin embargo \u2013contin\u00faa\u2013, se advierten otros componentes, de una asociaci\u00f3n il\u00edcita, como lo es que se mantenga la actividad delictiva por un tiempo prolongado y con un objetivo determinado, en la realizaci\u00f3n de las conductas constitutivas del tr\u00e1fico, la adquisici\u00f3n de la droga, el env\u00edo de la misma mediante encomiendas por distintas empresas de currier, el almacenamiento o guarda de la misma, su dosificaci\u00f3n, distribuci\u00f3n y comercializaci\u00f3n\u201d.<\/p>\n<p style=\"text-align: justify;\">\u201cDe este modo no se incurre en el delito de asociaci\u00f3n il\u00edcita previsto en el art\u00edculo 16, dado que si bien existen coordinaciones telef\u00f3nicas, para la realizaci\u00f3n de conductas constitutivas del delito de tr\u00e1fico de drogas, con instrucciones y rendici\u00f3n de cuentas por un tiempo prolongado, se advierte un menor grado de jerarquizaci\u00f3n que exige tal hip\u00f3tesis delictiva, por lo que se configura la agravante en estudio como una figura imperfecta de tal asociaci\u00f3n il\u00edcita\u201d, a\u00f1ade.<\/p>\n<p style=\"text-align: justify;\">Por tanto, se resuelve:<\/p>\n<p style=\"text-align: justify;\">\u201cI.-\u00a0Que,\u00a0<strong>SE RECHAZA<\/strong>, sin costas, el recurso de nulidad planteado por Pablo Arias Andrade, abogado defensor penal privado por los sentenciados,\u00a0Franco Ib\u00e1\u00f1ez Pacheco y Diego Bastidas Orellana, por las causales que aleg\u00f3, en contra de la sentencia definitiva, de 5 de noviembre de 2021, dictada por los Jueces del Tribunal de Juicio Oral en lo Penal de Coyhaique y que conden\u00f3 al acusado Diego Nikol\u00e1s Bastidas Orellana, a cumplir la pena de\u00a0dieciocho a\u00f1os\u00a0de presidio mayor en su grado m\u00e1ximo, multa de doscientos cincuenta U.T.M., y a la accesoria de inhabilitaci\u00f3n absoluta perpetua para cargos y oficios p\u00fablicos y derechos pol\u00edticos, y la inhabilitaci\u00f3n absoluta para profesiones titulares mientras dure la condena, por su responsabilidad en calidad de autor de un delito de tr\u00e1fico il\u00edcito, y al acusado Franco Ib\u00e1\u00f1ez Pacheco a la pena de doce a\u00f1os de presidio mayor en su grado medio, multa de cien U.T.M., y a la accesoria de inhabilitaci\u00f3n absoluta perpetua para cargos y oficios p\u00fablicos y derechos pol\u00edticos, y la inhabilitaci\u00f3n absoluta para profesiones titulares mientras dure la condena, por su responsabilidad en calidad de autor de un delito de tr\u00e1fico il\u00edcito de drogas, en grado de consumado, cometido durante el a\u00f1o 2020 y hasta el 29 de octubre de dicho a\u00f1o, en la comuna de Puerto Ays\u00e9n; decidi\u00e9ndose, en consecuencia, que \u00e9sta no es nula.<\/p>\n<p style=\"text-align: justify;\">II.-\u00a0Que,\u00a0<strong>SE RECHAZA<\/strong>, sin costas, el recurso de nulidad planteado por el abogado defensor p\u00fablico don Roberto C. Silva Jara, en representaci\u00f3n de la acusada,\u00a0Paula Orellana Orellana,\u00a0por las causales que aleg\u00f3, en contra de la sentencia definitiva, de 5 de noviembre de 2021, dictada por los Jueces del Tribunal de Juicio Oral en lo Penal de Coyhaique por la que se conden\u00f3 a la acusada Paula Fabiola Orellana Orellana, a cumplir la pena de\u00a0doce a\u00f1os\u00a0de presidio mayor en su grado medio, multa de cien U.T.M., y a la accesoria de inhabilitaci\u00f3n absoluta perpetua para cargos y oficios p\u00fablicos y derechos pol\u00edticos, y la inhabilitaci\u00f3n absoluta para profesiones titulares mientras dure la condena, por su responsabilidad en calidad de autora de un delito de tr\u00e1fico il\u00edcito de drogas, en grado de consumado, cometido entre el 25 de septiembre a\u00f1o de 2020 y el 28 de enero de 2021, en la comuna de Puerto Ays\u00e9n; decidi\u00e9ndose, en consecuencia, que \u00e9sta no es nula.<\/p>\n<p style=\"text-align: justify;\">III.-\u00a0Que,\u00a0<strong>SE RECHAZA<\/strong>, sin costas, el recurso de nulidad planteado por el abogado defensor p\u00fablico don Roberto C. Silva Jara, en representaci\u00f3n de los acusados,\u00a0Agust\u00edn Nazlo Bast\u00edas Orellana y Fabiola Orellana Zamora, por la causal que aleg\u00f3, en contra de la sentencia definitiva, de 5 de noviembre de 2021, dictada por los Jueces del Tribunal de Juicio Oral en lo Penal de Coyhaique y que conden\u00f3 al acusado Agust\u00edn Nazlo Bast\u00edas Orellana, a cumplir la pena de\u00a0dieciocho a\u00f1os\u00a0de presidio mayor en su grado m\u00e1ximo, multa de doscientos cincuenta U.T.M., y a la accesoria de inhabilitaci\u00f3n absoluta perpetua para cargos y oficios p\u00fablicos y derechos pol\u00edticos, y la inhabilitaci\u00f3n absoluta para profesiones titulares mientras dure la condena, por su responsabilidad en calidad de autor de un delito de tr\u00e1fico il\u00edcito de drogas, en grado de consumado, cometido entre el a\u00f1o de 2020 y el 28 de enero de 2021 en la comuna de Puerto Ays\u00e9n; y se conden\u00f3 a la acusada Fabiola Alejandra Orellana Zamora, a la pena de doce a\u00f1os de presidio mayor en su grado medio, multa de cien U.T.M., y a la accesoria de inhabilitaci\u00f3n absoluta perpetua para cargos y oficios p\u00fablicos y derechos pol\u00edticos, y la inhabilitaci\u00f3n absoluta para profesiones titulares mientras dure la condena, por su responsabilidad en calidad de autora de un delito de tr\u00e1fico il\u00edcito de drogas, en grado de consumado, cometido entre el 25 de septiembre de 2020 y el 28 de enero de 2021, en la comuna de Puerto Ays\u00e9n; decidi\u00e9ndose, en consecuencia, que \u00e9sta no es nula.<\/p>\n<p style=\"text-align: justify;\">IV.-\u00a0Que,\u00a0<strong>SE RECHAZA<\/strong>, sin costas, el recurso de nulidad planteado por el abogado defensor p\u00fablico don Alex Bollmann Astudillo, Defensor Penal P\u00fablico, en representaci\u00f3n del acusado,\u00a0Mat\u00edas Andr\u00e9s Bastidas Orellana, por la causal que aleg\u00f3, en contra de la sentencia definitiva, de 5 de noviembre de 2021, dictada por los Jueces del Tribunal de Juicio Oral en lo Penal de Coyhaique y que conden\u00f3 al citado sentenciado a cumplir la pena\u00a0de quince a\u00f1os\u00a0de presidio mayor en su grado medio, multa de doscientas U.T.M., y a la accesoria de inhabilitaci\u00f3n absoluta perpetua para cargos y oficios p\u00fablicos y derechos pol\u00edticos, y la inhabilitaci\u00f3n absoluta para profesiones titulares mientras dure la condena, por su responsabilidad en calidad de autor de un delito de tr\u00e1fico il\u00edcito de drogas, en grado de consumado, cometido entre el a\u00f1o de 2020 y el 29 de enero de 2021 en la comuna de Puerto Ays\u00e9n; decidi\u00e9ndose, en consecuencia, que \u00e9sta no es nula\u201d.<\/p>\n<\/div><\/section><\/div><div  style='height:50px' class='hr hr-invisible   avia-builder-el-6  el_after_av_one_full  el_before_av_social_share '><span class='hr-inner ' ><span class='hr-inner-style'><\/span><\/span><\/div><\/p>\n<div  class='av-social-sharing-box  avia-builder-el-7  el_after_av_hr  el_before_av_hr  '><div class='av-share-box'><h5 class='av-share-link-description av-no-toc '>Compartir esta noticia<\/h5><ul class='av-share-box-list noLightbox'><li class='av-share-link av-social-link-facebook' ><a target=\"_blank\" aria-label=\"Compartir en Facebook\" href='https:\/\/www.facebook.com\/sharer.php?u=https:\/\/radiorevelacionfm.cl\/?p=12756&#038;t=Justicia%20confirma%20fallo%20que%20conden%C3%B3%20a%2018%2C%2015%20y%2012%20a%C3%B1os%20de%20presidio%20a%20banda%20dedicada%20al%20tr%C3%A1fico%20de%20drogas%20en%20Puerto%20Ays%C3%A9n' aria-hidden='false' data-av_icon='\ue8f3' data-av_iconfont='entypo-fontello' title='' data-avia-related-tooltip='Compartir en Facebook' rel=\"noopener\"><span class='avia_hidden_link_text'>Compartir en Facebook<\/span><\/a><\/li><li class='av-share-link av-social-link-twitter' ><a target=\"_blank\" aria-label=\"Compartir en Twitter\" href='https:\/\/twitter.com\/share?text=Justicia%20confirma%20fallo%20que%20conden%C3%B3%20a%2018%2C%2015%20y%2012%20a%C3%B1os%20de%20presidio%20a%20banda%20dedicada%20al%20tr%C3%A1fico%20de%20drogas%20en%20Puerto%20Ays%C3%A9n&#038;url=https:\/\/radiorevelacionfm.cl\/?p=12756' aria-hidden='false' data-av_icon='\ue8f1' data-av_iconfont='entypo-fontello' title='' data-avia-related-tooltip='Compartir en Twitter' rel=\"noopener\"><span class='avia_hidden_link_text'>Compartir en Twitter<\/span><\/a><\/li><li class='av-share-link av-social-link-whatsapp' ><a target=\"_blank\" aria-label=\"Compartir en Whatsapp\" href='https:\/\/api.whatsapp.com\/send?text=https:\/\/radiorevelacionfm.cl\/?p=12756' aria-hidden='false' data-av_icon='\uf232' data-av_iconfont='entypo-fontello' title='' data-avia-related-tooltip='Compartir en Whatsapp' rel=\"noopener\"><span class='avia_hidden_link_text'>Compartir en Whatsapp<\/span><\/a><\/li><li class='av-share-link av-social-link-linkedin' ><a target=\"_blank\" aria-label=\"Compartir en LinkedIn\" href='https:\/\/linkedin.com\/shareArticle?mini=true&#038;title=Justicia%20confirma%20fallo%20que%20conden%C3%B3%20a%2018%2C%2015%20y%2012%20a%C3%B1os%20de%20presidio%20a%20banda%20dedicada%20al%20tr%C3%A1fico%20de%20drogas%20en%20Puerto%20Ays%C3%A9n&#038;url=https:\/\/radiorevelacionfm.cl\/?p=12756' aria-hidden='false' data-av_icon='\ue8fc' data-av_iconfont='entypo-fontello' title='' data-avia-related-tooltip='Compartir en LinkedIn' rel=\"noopener\"><span class='avia_hidden_link_text'>Compartir en LinkedIn<\/span><\/a><\/li><li class='av-share-link av-social-link-mail' ><a  aria-label=\"Compartir por correo\" href='mailto:?subject=Justicia%20confirma%20fallo%20que%20conden%C3%B3%20a%2018%2C%2015%20y%2012%20a%C3%B1os%20de%20presidio%20a%20banda%20dedicada%20al%20tr%C3%A1fico%20de%20drogas%20en%20Puerto%20Ays%C3%A9n&#038;body=https:\/\/radiorevelacionfm.cl\/?p=12756' aria-hidden='false' data-av_icon='\ue805' data-av_iconfont='entypo-fontello' title='' data-avia-related-tooltip='Compartir por correo'><span class='avia_hidden_link_text'>Compartir por correo<\/span><\/a><\/li><\/ul><\/div><\/div>\n<div  style='height:50px' class='hr hr-invisible   avia-builder-el-8  el_after_av_social_share  el_before_av_comments_list '><span class='hr-inner ' ><span class='hr-inner-style'><\/span><\/span><\/div>\n<div  class='av-buildercomment  av-blog-meta-html-info-disabled av-blog-meta-tag-disabled  '><\/div>\n","protected":false},"excerpt":{"rendered":"","protected":false},"author":1,"featured_media":6641,"comment_status":"open","ping_status":"open","sticky":false,"template":"","format":"standard","meta":{"footnotes":""},"categories":[55],"tags":[],"class_list":["post-12756","post","type-post","status-publish","format-standard","has-post-thumbnail","hentry","category-justicia"],"jetpack_featured_media_url":"https:\/\/radiorevelacionfm.cl\/wp-content\/uploads\/2021\/07\/foto-01-corte-1_optimized.jpg","_links":{"self":[{"href":"https:\/\/radiorevelacionfm.cl\/index.php?rest_route=\/wp\/v2\/posts\/12756","targetHints":{"allow":["GET"]}}],"collection":[{"href":"https:\/\/radiorevelacionfm.cl\/index.php?rest_route=\/wp\/v2\/posts"}],"about":[{"href":"https:\/\/radiorevelacionfm.cl\/index.php?rest_route=\/wp\/v2\/types\/post"}],"author":[{"embeddable":true,"href":"https:\/\/radiorevelacionfm.cl\/index.php?rest_route=\/wp\/v2\/users\/1"}],"replies":[{"embeddable":true,"href":"https:\/\/radiorevelacionfm.cl\/index.php?rest_route=%2Fwp%2Fv2%2Fcomments&post=12756"}],"version-history":[{"count":2,"href":"https:\/\/radiorevelacionfm.cl\/index.php?rest_route=\/wp\/v2\/posts\/12756\/revisions"}],"predecessor-version":[{"id":12758,"href":"https:\/\/radiorevelacionfm.cl\/index.php?rest_route=\/wp\/v2\/posts\/12756\/revisions\/12758"}],"wp:featuredmedia":[{"embeddable":true,"href":"https:\/\/radiorevelacionfm.cl\/index.php?rest_route=\/wp\/v2\/media\/6641"}],"wp:attachment":[{"href":"https:\/\/radiorevelacionfm.cl\/index.php?rest_route=%2Fwp%2Fv2%2Fmedia&parent=12756"}],"wp:term":[{"taxonomy":"category","embeddable":true,"href":"https:\/\/radiorevelacionfm.cl\/index.php?rest_route=%2Fwp%2Fv2%2Fcategories&post=12756"},{"taxonomy":"post_tag","embeddable":true,"href":"https:\/\/radiorevelacionfm.cl\/index.php?rest_route=%2Fwp%2Fv2%2Ftags&post=12756"}],"curies":[{"name":"wp","href":"https:\/\/api.w.org\/{rel}","templated":true}]}}