{"id":12750,"date":"2022-01-12T20:12:23","date_gmt":"2022-01-12T23:12:23","guid":{"rendered":"https:\/\/radiorevelacionfm.cl\/?p=12750"},"modified":"2022-01-12T20:12:23","modified_gmt":"2022-01-12T23:12:23","slug":"ayseninos-consiguieron-transformar-bahia-acantilada-en-la-playa-apta-y-habilitada-mas-austral-del-chile","status":"publish","type":"post","link":"https:\/\/radiorevelacionfm.cl\/?p=12750","title":{"rendered":"Ayseninos consiguieron transformar Bah\u00eda Acantilada en la playa apta y habilitada m\u00e1s austral del Chile"},"content":{"rendered":"<div class=\"flex_column av_one_full  flex_column_div av-zero-column-padding first  avia-builder-el-0  el_before_av_one_full  avia-builder-el-first  \" style='border-radius:0px; '><div  class='avia-image-container  av-styling-    avia-builder-el-1  avia-builder-el-no-sibling  avia-align-center '  itemprop=\"image\" itemscope=\"itemscope\" itemtype=\"https:\/\/schema.org\/ImageObject\"  ><div class='avia-image-container-inner'><div class='avia-image-overlay-wrap'><img decoding=\"async\" class='wp-image-12751 avia-img-lazy-loading-not-12751 avia_image' src=\"https:\/\/radiorevelacionfm.cl\/wp-content\/uploads\/2022\/01\/foto-3-3-3_optimized.jpg\" alt='' title='foto-3-3-3_optimized' height=\"600\" width=\"900\"  itemprop=\"thumbnailUrl\" srcset=\"https:\/\/radiorevelacionfm.cl\/wp-content\/uploads\/2022\/01\/foto-3-3-3_optimized.jpg 900w, https:\/\/radiorevelacionfm.cl\/wp-content\/uploads\/2022\/01\/foto-3-3-3_optimized-300x200.jpg 300w, https:\/\/radiorevelacionfm.cl\/wp-content\/uploads\/2022\/01\/foto-3-3-3_optimized-768x512.jpg 768w, https:\/\/radiorevelacionfm.cl\/wp-content\/uploads\/2022\/01\/foto-3-3-3_optimized-705x470.jpg 705w, https:\/\/radiorevelacionfm.cl\/wp-content\/uploads\/2022\/01\/foto-3-3-3_optimized-600x400.jpg 600w\" sizes=\"(max-width: 900px) 100vw, 900px\" \/><\/div><\/div><\/div><\/div><div class=\"flex_column av_one_full  flex_column_div av-zero-column-padding first  avia-builder-el-2  el_after_av_one_full  el_before_av_one_full  column-top-margin\" style='border-radius:0px; '><section class=\"av_textblock_section \"  itemscope=\"itemscope\" itemtype=\"https:\/\/schema.org\/BlogPosting\" itemprop=\"blogPost\" ><div class='avia_textblock  '   itemprop=\"text\" ><p style=\"text-align: center;\"><span style=\"font-size: 18pt;\"><strong>Ayseninos consiguieron transformar Bah\u00eda Acantilada en la playa apta y habilitada m\u00e1s austral del Chile <\/strong><\/span><\/p>\n<div id=\"gtx-trans\" style=\"position: absolute; left: -50px; top: 4.31534px;\">\n<div class=\"gtx-trans-icon\"><\/div>\n<\/div>\n<\/div><\/section><\/div><div class=\"flex_column av_one_full  flex_column_div av-zero-column-padding first  avia-builder-el-4  el_after_av_one_full  el_before_av_hr  column-top-margin\" style='border-radius:0px; '><section class=\"av_textblock_section \"  itemscope=\"itemscope\" itemtype=\"https:\/\/schema.org\/BlogPosting\" itemprop=\"blogPost\" ><div class='avia_textblock  '   itemprop=\"text\" ><p style=\"text-align: justify;\">Con el objetivo de potenciar las actividades de verano en la comuna y entregar a los vecinos una alternativa segura para disfrutar de las costas ayseninas, el alcalde Julio Uribe Alvarado encabez\u00f3 un importante hito en la gesti\u00f3n municipal que lidera, tras inaugurar una de las playas m\u00e1s australes y apta para el ba\u00f1o del pa\u00eds este martes.<\/p>\n<p style=\"text-align: justify;\">Lo anterior debido a un esfuerzo coordinado desde la casa edilicia con la Armada de Chile en la zona para generar las condiciones necesarias y as\u00ed transformar el Centro Tur\u00edstico Bah\u00eda Acantilada en la primera playa apta y habilitada de la Regi\u00f3n de Ays\u00e9n, lo que a su vez la convierte en la m\u00e1s austral del territorio nacional. Salvavidas, agentes de la polic\u00eda mar\u00edtima y otros servicios integrados ser\u00e1n fundamentales para la temporada estival.<\/p>\n<p style=\"text-align: justify;\">Desde la institucionalidad municipal, la m\u00e1xima autoridad consign\u00f3 que para la entidad es de vital importancia la habilitaci\u00f3n de Bah\u00eda Acantilada de manera legal para garantizar la seguridad del lugar ante la comunidad, lo que implic\u00f3 la participaci\u00f3n de un equipo diverso en materias de conocimientos. \u201cContamos con salvavidas que se han capacitado para realizar una muy buena funci\u00f3n, por tanto, estamos muy contentos de poder avanzar en regularizar todo lo que no ha estado en su momento con gran esfuerzo de los funcionarios de la Corporaci\u00f3n de Deporte, porque no es f\u00e1cil, pero lo logramos y esperamos que nuestros vecinos disfruten, as\u00ed como tambi\u00e9n los turistas\u201d, manifest\u00f3 Uribe Alvarado.<\/p>\n<p style=\"text-align: justify;\">El concejal Jorge Figueroa, complement\u00f3 las palabras del alcalde sosteniendo que es la \u00fanica playa \u201chabilitada en la regi\u00f3n que cuenta con certificaci\u00f3n por la autoridad mar\u00edtima para tales efectos\u201d. Y es que una de las ventajas competitivas en el rubro del turismo es su est\u00e9tica, la que mezcla flora aut\u00f3ctona de la regi\u00f3n, una playa apta para el goce de toda la familia y una rica biodiversidad, lo que la hace id\u00f3nea para la alta demanda de los meses estivales, marcando una diferencia frente a otras zonas costeras relativa a la experiencia de los visitantes, adem\u00e1s de su ubicaci\u00f3n c\u00e9ntrica.<\/p>\n<p style=\"text-align: justify;\">En esa l\u00ednea, el capit\u00e1n de Corbeta Litoral, Felipe Zambrano, que tambi\u00e9n estuvo en la ocasi\u00f3n, tild\u00f3 a Bah\u00eda Acantilado como una de las playas m\u00e1s australes incluso del planeta. \u201cEste es un lugar privilegiado que tienen los ayseninos; cuenta con todas las medidas de seguridad, salvavidas debidamente acreditados, se\u00f1al\u00e9tica respectiva, un \u00e1rea delimitada para ba\u00f1istas y deportes n\u00e1uticos no motorizados, todos los servicios que debe tener una playa para un correcto uso recreativo\u201d, manifest\u00f3.<\/p>\n<p style=\"text-align: justify;\">Mientras que en palabras de la concejala Rosa Gonz\u00e1lez, la iniciativa es una acci\u00f3n clave para impulsar el turismo y la activaci\u00f3n del comercio. \u201cNo nos queda m\u00e1s que seguir apoyando estas buenas gestiones y por supuesto invitar a todas las personas para que puedan viralizar esta informaci\u00f3n y acompa\u00f1arnos en este desaf\u00edo mayor tur\u00edsticamente hablando y puedan conocer los maravillosos parajes de Ays\u00e9n\u201d, concluy\u00f3.<\/p>\n<p style=\"text-align: justify;\">Cabe destacar que Bah\u00eda Acantilada est\u00e1 en constante monitoreo a trav\u00e9s del Plan de Protecci\u00f3n Civil, por lo que la seguridad a los turistas es un punto de vital relevancia que busca brindar tranquilidad a toda la comunidad.<\/p>\n<\/div><\/section><\/div><div  style='height:50px' class='hr hr-invisible   avia-builder-el-6  el_after_av_one_full  el_before_av_social_share '><span class='hr-inner ' ><span class='hr-inner-style'><\/span><\/span><\/div><\/p>\n<div  class='av-social-sharing-box  avia-builder-el-7  el_after_av_hr  el_before_av_hr  '><div class='av-share-box'><h5 class='av-share-link-description av-no-toc '>Compartir esta noticia<\/h5><ul class='av-share-box-list noLightbox'><li class='av-share-link av-social-link-facebook' ><a target=\"_blank\" aria-label=\"Compartir en Facebook\" href='https:\/\/www.facebook.com\/sharer.php?u=https:\/\/radiorevelacionfm.cl\/?p=12750&#038;t=Ayseninos%20consiguieron%20transformar%20Bah%C3%ADa%20Acantilada%20en%20la%20playa%20apta%20y%20habilitada%20m%C3%A1s%20austral%20del%20Chile' aria-hidden='false' data-av_icon='\ue8f3' data-av_iconfont='entypo-fontello' title='' data-avia-related-tooltip='Compartir en Facebook' rel=\"noopener\"><span class='avia_hidden_link_text'>Compartir en Facebook<\/span><\/a><\/li><li class='av-share-link av-social-link-twitter' ><a target=\"_blank\" aria-label=\"Compartir en Twitter\" href='https:\/\/twitter.com\/share?text=Ayseninos%20consiguieron%20transformar%20Bah%C3%ADa%20Acantilada%20en%20la%20playa%20apta%20y%20habilitada%20m%C3%A1s%20austral%20del%20Chile&#038;url=https:\/\/radiorevelacionfm.cl\/?p=12750' aria-hidden='false' data-av_icon='\ue8f1' data-av_iconfont='entypo-fontello' title='' data-avia-related-tooltip='Compartir en Twitter' rel=\"noopener\"><span class='avia_hidden_link_text'>Compartir en Twitter<\/span><\/a><\/li><li class='av-share-link av-social-link-whatsapp' ><a target=\"_blank\" aria-label=\"Compartir en Whatsapp\" href='https:\/\/api.whatsapp.com\/send?text=https:\/\/radiorevelacionfm.cl\/?p=12750' aria-hidden='false' data-av_icon='\uf232' data-av_iconfont='entypo-fontello' title='' data-avia-related-tooltip='Compartir en Whatsapp' rel=\"noopener\"><span class='avia_hidden_link_text'>Compartir en Whatsapp<\/span><\/a><\/li><li class='av-share-link av-social-link-linkedin' ><a target=\"_blank\" aria-label=\"Compartir en LinkedIn\" href='https:\/\/linkedin.com\/shareArticle?mini=true&#038;title=Ayseninos%20consiguieron%20transformar%20Bah%C3%ADa%20Acantilada%20en%20la%20playa%20apta%20y%20habilitada%20m%C3%A1s%20austral%20del%20Chile&#038;url=https:\/\/radiorevelacionfm.cl\/?p=12750' aria-hidden='false' data-av_icon='\ue8fc' data-av_iconfont='entypo-fontello' title='' data-avia-related-tooltip='Compartir en LinkedIn' rel=\"noopener\"><span class='avia_hidden_link_text'>Compartir en LinkedIn<\/span><\/a><\/li><li class='av-share-link av-social-link-mail' ><a  aria-label=\"Compartir por correo\" href='mailto:?subject=Ayseninos%20consiguieron%20transformar%20Bah%C3%ADa%20Acantilada%20en%20la%20playa%20apta%20y%20habilitada%20m%C3%A1s%20austral%20del%20Chile&#038;body=https:\/\/radiorevelacionfm.cl\/?p=12750' aria-hidden='false' data-av_icon='\ue805' data-av_iconfont='entypo-fontello' title='' data-avia-related-tooltip='Compartir por correo'><span class='avia_hidden_link_text'>Compartir por correo<\/span><\/a><\/li><\/ul><\/div><\/div>\n<div  style='height:50px' class='hr hr-invisible   avia-builder-el-8  el_after_av_social_share  el_before_av_comments_list '><span class='hr-inner ' ><span class='hr-inner-style'><\/span><\/span><\/div>\n<div  class='av-buildercomment  av-blog-meta-html-info-disabled av-blog-meta-tag-disabled  '><\/div>\n","protected":false},"excerpt":{"rendered":"","protected":false},"author":1,"featured_media":12751,"comment_status":"open","ping_status":"open","sticky":false,"template":"","format":"standard","meta":{"footnotes":""},"categories":[38],"tags":[],"class_list":["post-12750","post","type-post","status-publish","format-standard","has-post-thumbnail","hentry","category-regional"],"jetpack_featured_media_url":"https:\/\/radiorevelacionfm.cl\/wp-content\/uploads\/2022\/01\/foto-3-3-3_optimized.jpg","_links":{"self":[{"href":"https:\/\/radiorevelacionfm.cl\/index.php?rest_route=\/wp\/v2\/posts\/12750","targetHints":{"allow":["GET"]}}],"collection":[{"href":"https:\/\/radiorevelacionfm.cl\/index.php?rest_route=\/wp\/v2\/posts"}],"about":[{"href":"https:\/\/radiorevelacionfm.cl\/index.php?rest_route=\/wp\/v2\/types\/post"}],"author":[{"embeddable":true,"href":"https:\/\/radiorevelacionfm.cl\/index.php?rest_route=\/wp\/v2\/users\/1"}],"replies":[{"embeddable":true,"href":"https:\/\/radiorevelacionfm.cl\/index.php?rest_route=%2Fwp%2Fv2%2Fcomments&post=12750"}],"version-history":[{"count":2,"href":"https:\/\/radiorevelacionfm.cl\/index.php?rest_route=\/wp\/v2\/posts\/12750\/revisions"}],"predecessor-version":[{"id":12766,"href":"https:\/\/radiorevelacionfm.cl\/index.php?rest_route=\/wp\/v2\/posts\/12750\/revisions\/12766"}],"wp:featuredmedia":[{"embeddable":true,"href":"https:\/\/radiorevelacionfm.cl\/index.php?rest_route=\/wp\/v2\/media\/12751"}],"wp:attachment":[{"href":"https:\/\/radiorevelacionfm.cl\/index.php?rest_route=%2Fwp%2Fv2%2Fmedia&parent=12750"}],"wp:term":[{"taxonomy":"category","embeddable":true,"href":"https:\/\/radiorevelacionfm.cl\/index.php?rest_route=%2Fwp%2Fv2%2Fcategories&post=12750"},{"taxonomy":"post_tag","embeddable":true,"href":"https:\/\/radiorevelacionfm.cl\/index.php?rest_route=%2Fwp%2Fv2%2Ftags&post=12750"}],"curies":[{"name":"wp","href":"https:\/\/api.w.org\/{rel}","templated":true}]}}