{"id":12746,"date":"2022-01-12T18:21:25","date_gmt":"2022-01-12T21:21:25","guid":{"rendered":"https:\/\/radiorevelacionfm.cl\/?p=12746"},"modified":"2022-01-12T18:21:25","modified_gmt":"2022-01-12T21:21:25","slug":"alumnos-que-se-destacaron-en-la-prueba-de-transicion-2021-recibieron-reconocimiento","status":"publish","type":"post","link":"https:\/\/radiorevelacionfm.cl\/?p=12746","title":{"rendered":"Alumnos que se destacaron en la Prueba de Transici\u00f3n 2021 recibieron reconocimiento"},"content":{"rendered":"<div class=\"flex_column av_one_full  flex_column_div av-zero-column-padding first  avia-builder-el-0  el_before_av_one_full  avia-builder-el-first  \" style='border-radius:0px; '><div  class='avia-image-container  av-styling-    avia-builder-el-1  avia-builder-el-no-sibling  avia-align-center '  itemprop=\"image\" itemscope=\"itemscope\" itemtype=\"https:\/\/schema.org\/ImageObject\"  ><div class='avia-image-container-inner'><div class='avia-image-overlay-wrap'><img decoding=\"async\" class='wp-image-12747 avia-img-lazy-loading-not-12747 avia_image' src=\"https:\/\/radiorevelacionfm.cl\/wp-content\/uploads\/2022\/01\/PDT.jpeg\" alt='' title='PDT' height=\"600\" width=\"1065\"  itemprop=\"thumbnailUrl\" srcset=\"https:\/\/radiorevelacionfm.cl\/wp-content\/uploads\/2022\/01\/PDT.jpeg 1065w, https:\/\/radiorevelacionfm.cl\/wp-content\/uploads\/2022\/01\/PDT-300x169.jpeg 300w, https:\/\/radiorevelacionfm.cl\/wp-content\/uploads\/2022\/01\/PDT-1030x580.jpeg 1030w, https:\/\/radiorevelacionfm.cl\/wp-content\/uploads\/2022\/01\/PDT-768x433.jpeg 768w, https:\/\/radiorevelacionfm.cl\/wp-content\/uploads\/2022\/01\/PDT-705x397.jpeg 705w, https:\/\/radiorevelacionfm.cl\/wp-content\/uploads\/2022\/01\/PDT-600x338.jpeg 600w\" sizes=\"(max-width: 1065px) 100vw, 1065px\" \/><\/div><\/div><\/div><\/div><div class=\"flex_column av_one_full  flex_column_div av-zero-column-padding first  avia-builder-el-2  el_after_av_one_full  el_before_av_one_full  column-top-margin\" style='border-radius:0px; '><section class=\"av_textblock_section \"  itemscope=\"itemscope\" itemtype=\"https:\/\/schema.org\/BlogPosting\" itemprop=\"blogPost\" ><div class='avia_textblock  '   itemprop=\"text\" ><p style=\"text-align: center;\"><strong><span style=\"font-size: 18pt;\">Alumnos que se destacaron en la Prueba de Transici\u00f3n 2021 recibieron reconocimiento<\/span><\/strong><\/p>\n<div id=\"gtx-trans\" style=\"position: absolute; left: -50px; top: 4.31534px;\">\n<div class=\"gtx-trans-icon\"><\/div>\n<\/div>\n<\/div><\/section><\/div><div class=\"flex_column av_one_full  flex_column_div av-zero-column-padding first  avia-builder-el-4  el_after_av_one_full  el_before_av_hr  column-top-margin\" style='border-radius:0px; '><section class=\"av_textblock_section \"  itemscope=\"itemscope\" itemtype=\"https:\/\/schema.org\/BlogPosting\" itemprop=\"blogPost\" ><div class='avia_textblock  '   itemprop=\"text\" ><p style=\"text-align: justify;\">Mediante un desayuno en la Delegaci\u00f3n Presidencial Regional, la Delegada Margarita Ossa Rojas, junto al seremi de educaci\u00f3n, Sergio Becerra, reconocieron a los 5 alumnos que m\u00e1s se destacaron en la Prueba de Transici\u00f3n 2021.<\/p>\n<p style=\"text-align: justify;\">Los j\u00f3venes que fueron reconocidos son cinco alumnos destacados: Magdalena Sep\u00falveda Lavanchy (833 en Comprensi\u00f3n Lectora), Isabella Urrutia Mellado (825 puntos en Matem\u00e1ticas), Rodrigo Ot\u00e1rola Morales y Vicente Coloma Morales (789 puntos en Historia y Ciencias Sociales) y Mar\u00eda Francisca Ojeda Figueroa (740 puntos en ciencias).<\/p>\n<p style=\"text-align: justify;\">Precisamente, Mar\u00eda Francisca Ojeda dijo tras el encuentro que sus planes a futuro son \u201cestudiar medicina pero primero voy a entrar a un bachillerato y me dan una beca parcial del 50%\u201d agregando que para prepararse \u201cestuve estudiando en el preuniversitario Pedro de Valdivia online y tambi\u00e9n por mis notas del colegio, tambi\u00e9n tuve una beca del 100% y as\u00ed estudi\u00e9\u201d.<\/p>\n<p style=\"text-align: justify;\">Tras el encuentro, la Delegada Presidencial Regional, Margarita Ossa Rojas, expres\u00f3 que \u201cestamos muy orgullosos, tuvimos la oportunidad de conversar con los alumnos y sus padres, la mayor\u00eda de ellos tienen claro qu\u00e9 quieren estudiar; todos ellos se van fuera de la regi\u00f3n y es algo muy meritorio porque son ni\u00f1os y j\u00f3venes que son egresados pand\u00e9micos, estudiando desde sus casas y por eso son grandes logros e importantes puntajes en distintas disciplinas\u201d, dijo.<\/p>\n<p style=\"text-align: justify;\">Acto seguido, Ossa Rojas resalt\u00f3 que en las \u00faltimas mediciones ha existido un importante crecimiento en los Liceos Bicentenario de Excelencia \u201ces efectivamente del Liceo Kalem de Puerto Ays\u00e9n y efectivamente hay un aumento en los puntajes y eso nos llena de felicidad\u201d.<\/p>\n<p style=\"text-align: justify;\">En esa misma l\u00ednea, el titular de educaci\u00f3n en la regi\u00f3n, Sergio Becerra, indic\u00f3 que \u201cfelicitamos a estos cinco j\u00f3venes por su logro acad\u00e9mico que es fruto de su\u00a0 esfuerzo y dedicaci\u00f3n personal y les deseamos \u00e9xito y realizaci\u00f3n profesional y personal\u201d agregando que es a\u00fan m\u00e1s loable \u201ces que en este periodo complejo de pandemia ellos y ellas mantuvieron la fe en sus capacidades y por ello son un ejemplo para sus pares, a mantener el optimismo y confianza en que con esfuerzo se obtienen importantes logros\u201d.<\/p>\n<\/div><\/section><\/div><div  style='height:50px' class='hr hr-invisible   avia-builder-el-6  el_after_av_one_full  el_before_av_social_share '><span class='hr-inner ' ><span class='hr-inner-style'><\/span><\/span><\/div><\/p>\n<div  class='av-social-sharing-box  avia-builder-el-7  el_after_av_hr  el_before_av_hr  '><div class='av-share-box'><h5 class='av-share-link-description av-no-toc '>Compartir esta noticia<\/h5><ul class='av-share-box-list noLightbox'><li class='av-share-link av-social-link-facebook' ><a target=\"_blank\" aria-label=\"Compartir en Facebook\" href='https:\/\/www.facebook.com\/sharer.php?u=https:\/\/radiorevelacionfm.cl\/?p=12746&#038;t=Alumnos%20que%20se%20destacaron%20en%20la%20Prueba%20de%20Transici%C3%B3n%202021%20recibieron%20reconocimiento' aria-hidden='false' data-av_icon='\ue8f3' data-av_iconfont='entypo-fontello' title='' data-avia-related-tooltip='Compartir en Facebook' rel=\"noopener\"><span class='avia_hidden_link_text'>Compartir en Facebook<\/span><\/a><\/li><li class='av-share-link av-social-link-twitter' ><a target=\"_blank\" aria-label=\"Compartir en Twitter\" href='https:\/\/twitter.com\/share?text=Alumnos%20que%20se%20destacaron%20en%20la%20Prueba%20de%20Transici%C3%B3n%202021%20recibieron%20reconocimiento&#038;url=https:\/\/radiorevelacionfm.cl\/?p=12746' aria-hidden='false' data-av_icon='\ue8f1' data-av_iconfont='entypo-fontello' title='' data-avia-related-tooltip='Compartir en Twitter' rel=\"noopener\"><span class='avia_hidden_link_text'>Compartir en Twitter<\/span><\/a><\/li><li class='av-share-link av-social-link-whatsapp' ><a target=\"_blank\" aria-label=\"Compartir en Whatsapp\" href='https:\/\/api.whatsapp.com\/send?text=https:\/\/radiorevelacionfm.cl\/?p=12746' aria-hidden='false' data-av_icon='\uf232' data-av_iconfont='entypo-fontello' title='' data-avia-related-tooltip='Compartir en Whatsapp' rel=\"noopener\"><span class='avia_hidden_link_text'>Compartir en Whatsapp<\/span><\/a><\/li><li class='av-share-link av-social-link-linkedin' ><a target=\"_blank\" aria-label=\"Compartir en LinkedIn\" href='https:\/\/linkedin.com\/shareArticle?mini=true&#038;title=Alumnos%20que%20se%20destacaron%20en%20la%20Prueba%20de%20Transici%C3%B3n%202021%20recibieron%20reconocimiento&#038;url=https:\/\/radiorevelacionfm.cl\/?p=12746' aria-hidden='false' data-av_icon='\ue8fc' data-av_iconfont='entypo-fontello' title='' data-avia-related-tooltip='Compartir en LinkedIn' rel=\"noopener\"><span class='avia_hidden_link_text'>Compartir en LinkedIn<\/span><\/a><\/li><li class='av-share-link av-social-link-mail' ><a  aria-label=\"Compartir por correo\" href='mailto:?subject=Alumnos%20que%20se%20destacaron%20en%20la%20Prueba%20de%20Transici%C3%B3n%202021%20recibieron%20reconocimiento&#038;body=https:\/\/radiorevelacionfm.cl\/?p=12746' aria-hidden='false' data-av_icon='\ue805' data-av_iconfont='entypo-fontello' title='' data-avia-related-tooltip='Compartir por correo'><span class='avia_hidden_link_text'>Compartir por correo<\/span><\/a><\/li><\/ul><\/div><\/div>\n<div  style='height:50px' class='hr hr-invisible   avia-builder-el-8  el_after_av_social_share  el_before_av_comments_list '><span class='hr-inner ' ><span class='hr-inner-style'><\/span><\/span><\/div>\n<div  class='av-buildercomment  av-blog-meta-html-info-disabled av-blog-meta-tag-disabled  '><\/div>\n","protected":false},"excerpt":{"rendered":"","protected":false},"author":1,"featured_media":12747,"comment_status":"open","ping_status":"open","sticky":false,"template":"","format":"standard","meta":{"footnotes":""},"categories":[38],"tags":[],"class_list":["post-12746","post","type-post","status-publish","format-standard","has-post-thumbnail","hentry","category-regional"],"jetpack_featured_media_url":"https:\/\/radiorevelacionfm.cl\/wp-content\/uploads\/2022\/01\/PDT.jpeg","_links":{"self":[{"href":"https:\/\/radiorevelacionfm.cl\/index.php?rest_route=\/wp\/v2\/posts\/12746","targetHints":{"allow":["GET"]}}],"collection":[{"href":"https:\/\/radiorevelacionfm.cl\/index.php?rest_route=\/wp\/v2\/posts"}],"about":[{"href":"https:\/\/radiorevelacionfm.cl\/index.php?rest_route=\/wp\/v2\/types\/post"}],"author":[{"embeddable":true,"href":"https:\/\/radiorevelacionfm.cl\/index.php?rest_route=\/wp\/v2\/users\/1"}],"replies":[{"embeddable":true,"href":"https:\/\/radiorevelacionfm.cl\/index.php?rest_route=%2Fwp%2Fv2%2Fcomments&post=12746"}],"version-history":[{"count":2,"href":"https:\/\/radiorevelacionfm.cl\/index.php?rest_route=\/wp\/v2\/posts\/12746\/revisions"}],"predecessor-version":[{"id":12749,"href":"https:\/\/radiorevelacionfm.cl\/index.php?rest_route=\/wp\/v2\/posts\/12746\/revisions\/12749"}],"wp:featuredmedia":[{"embeddable":true,"href":"https:\/\/radiorevelacionfm.cl\/index.php?rest_route=\/wp\/v2\/media\/12747"}],"wp:attachment":[{"href":"https:\/\/radiorevelacionfm.cl\/index.php?rest_route=%2Fwp%2Fv2%2Fmedia&parent=12746"}],"wp:term":[{"taxonomy":"category","embeddable":true,"href":"https:\/\/radiorevelacionfm.cl\/index.php?rest_route=%2Fwp%2Fv2%2Fcategories&post=12746"},{"taxonomy":"post_tag","embeddable":true,"href":"https:\/\/radiorevelacionfm.cl\/index.php?rest_route=%2Fwp%2Fv2%2Ftags&post=12746"}],"curies":[{"name":"wp","href":"https:\/\/api.w.org\/{rel}","templated":true}]}}