{"id":12742,"date":"2022-01-12T17:35:02","date_gmt":"2022-01-12T20:35:02","guid":{"rendered":"https:\/\/radiorevelacionfm.cl\/?p=12742"},"modified":"2022-01-12T17:35:02","modified_gmt":"2022-01-12T20:35:02","slug":"mtt-transfiere-170-millones-a-municipalidad-de-tortel-para-desarrollar-plan-de-movilidad","status":"publish","type":"post","link":"https:\/\/radiorevelacionfm.cl\/?p=12742","title":{"rendered":"MTT transfiere $170 millones a Municipalidad de Tortel para desarrollar Plan de Movilidad"},"content":{"rendered":"<div class=\"flex_column av_one_full  flex_column_div av-zero-column-padding first  avia-builder-el-0  el_before_av_one_full  avia-builder-el-first  \" style='border-radius:0px; '><div  class='avia-image-container  av-styling-    avia-builder-el-1  avia-builder-el-no-sibling  avia-align-center '  itemprop=\"image\" itemscope=\"itemscope\" itemtype=\"https:\/\/schema.org\/ImageObject\"  ><div class='avia-image-container-inner'><div class='avia-image-overlay-wrap'><img decoding=\"async\" class='wp-image-12743 avia-img-lazy-loading-not-12743 avia_image' src=\"https:\/\/radiorevelacionfm.cl\/wp-content\/uploads\/2022\/01\/image-28_optimized.jpg\" alt='' title='image-28_optimized' height=\"600\" width=\"1018\"  itemprop=\"thumbnailUrl\" srcset=\"https:\/\/radiorevelacionfm.cl\/wp-content\/uploads\/2022\/01\/image-28_optimized.jpg 1018w, https:\/\/radiorevelacionfm.cl\/wp-content\/uploads\/2022\/01\/image-28_optimized-300x177.jpg 300w, https:\/\/radiorevelacionfm.cl\/wp-content\/uploads\/2022\/01\/image-28_optimized-768x453.jpg 768w, https:\/\/radiorevelacionfm.cl\/wp-content\/uploads\/2022\/01\/image-28_optimized-705x416.jpg 705w, https:\/\/radiorevelacionfm.cl\/wp-content\/uploads\/2022\/01\/image-28_optimized-600x354.jpg 600w\" sizes=\"(max-width: 1018px) 100vw, 1018px\" \/><\/div><\/div><\/div><\/div><div class=\"flex_column av_one_full  flex_column_div av-zero-column-padding first  avia-builder-el-2  el_after_av_one_full  el_before_av_one_full  column-top-margin\" style='border-radius:0px; '><section class=\"av_textblock_section \"  itemscope=\"itemscope\" itemtype=\"https:\/\/schema.org\/BlogPosting\" itemprop=\"blogPost\" ><div class='avia_textblock  '   itemprop=\"text\" ><p style=\"text-align: center;\"><span style=\"font-size: 18pt;\"><b>MTT transfiere $170 millones a Municipalidad de Tortel para desarrollar Plan de Movilidad<\/b><\/span><\/p>\n<div id=\"gtx-trans\" style=\"position: absolute; left: -50px; top: 4.31534px;\">\n<div class=\"gtx-trans-icon\"><\/div>\n<\/div>\n<\/div><\/section><\/div><div class=\"flex_column av_one_full  flex_column_div av-zero-column-padding first  avia-builder-el-4  el_after_av_one_full  el_before_av_hr  column-top-margin\" style='border-radius:0px; '><section class=\"av_textblock_section \"  itemscope=\"itemscope\" itemtype=\"https:\/\/schema.org\/BlogPosting\" itemprop=\"blogPost\" ><div class='avia_textblock  '   itemprop=\"text\" ><p style=\"text-align: justify;\">Con la firma de un convenio de transferencia de recursos el seremiTT Fabi\u00e1n Rojas y el alcalde de la Municipalidad de Tortel, Abel Becerra, concretaron la transferencia de recursos desde el Ministerio de Transportes y Telecomunicaciones al municipio por un total de 170 millones de pesos los cuales ser\u00e1n invertidos en un Plan de Movilidad.<\/p>\n<p style=\"text-align: justify;\">Mediante este estudio se pretende identificar las principales necesidades que experimentan los habitantes de dicha comuna en su tr\u00e1nsito cotidiano. Con estos requerimientos como insumo el Plan entrega adem\u00e1s el dise\u00f1o de proyectos, que son el producto final de esta metodolog\u00eda. En Ays\u00e9n adem\u00e1s se ha desarrollado esta iniciativa con Planes de Gesti\u00f3n de Tr\u00e1nsito en Las Guaitecas, Cisnes, Cochrane, Chile Chico y la actualizaci\u00f3n de este estudio en Puerto Ays\u00e9n.<\/p>\n<p style=\"text-align: justify;\">En la instancia, el seremiTT se refiri\u00f3 a la importancia de apuntar directamente a generar respuestas y soluciones a los problemas que se generan cotidianamente en el tr\u00e1nsito de los habitantes de Tortel: \u201cEstamos generando un hito en materia de movilidad y de transportes para dar facilidades de planificaci\u00f3n urbana y vial a los tortelinos y tortelinas. Porque los turistas visitan, quieren ver y recorrer las pasarelas pero en el d\u00eda a d\u00eda la vida de los tortelinos es sumamente dif\u00edcil, cuando tiene que recibir cosas en el muelle, trasladar cilindros de gas o llevar le\u00f1a. El municipio ha levantado esta necesidad y nosotros como ministerio hemos sido parte de esta ruta de mejoramiento\u201d.<\/p>\n<p style=\"text-align: justify;\">De la misma forma, el alcalde reconoci\u00f3 el aporte que entregar\u00e1 este Plan de Movilidad, que esperan enfocar en los desplazamientos de los habitantes dentro de la localidad, sobre todo considerando la extensa red de pasarelas que abarca alrededor de 7 km.<\/p>\n<p style=\"text-align: justify;\">\u201cEstamos en la actualizaci\u00f3n de nuestro plan de desarrollo comunal y en todas la participaciones ciudadanas se pidi\u00f3 la movilidad interna. Porque para el extranjero es s\u00faper bonito ir a sacarse la foto, pero para los tortelinos que tenemos que vivir diariamente ah\u00ed, para quien va a dejar a su hijo al colegio que vive en el otro extremo de la comuna, se hace muy dif\u00edcil hacer esa subida, dos o tres veces al d\u00eda. Adem\u00e1s, pensando que hoy el 18% de los habitantes de Caleta Tortel son mayores de 60 a\u00f1os\u201d, concluy\u00f3 el edil.<\/p>\n<\/div><\/section><\/div><div  style='height:50px' class='hr hr-invisible   avia-builder-el-6  el_after_av_one_full  el_before_av_social_share '><span class='hr-inner ' ><span class='hr-inner-style'><\/span><\/span><\/div><\/p>\n<div  class='av-social-sharing-box  avia-builder-el-7  el_after_av_hr  el_before_av_hr  '><div class='av-share-box'><h5 class='av-share-link-description av-no-toc '>Compartir esta noticia<\/h5><ul class='av-share-box-list noLightbox'><li class='av-share-link av-social-link-facebook' ><a target=\"_blank\" aria-label=\"Compartir en Facebook\" href='https:\/\/www.facebook.com\/sharer.php?u=https:\/\/radiorevelacionfm.cl\/?p=12742&#038;t=MTT%20transfiere%20%24170%20millones%20a%20Municipalidad%20de%20Tortel%20para%20desarrollar%20Plan%20de%20Movilidad' aria-hidden='false' data-av_icon='\ue8f3' data-av_iconfont='entypo-fontello' title='' data-avia-related-tooltip='Compartir en Facebook' rel=\"noopener\"><span class='avia_hidden_link_text'>Compartir en Facebook<\/span><\/a><\/li><li class='av-share-link av-social-link-twitter' ><a target=\"_blank\" aria-label=\"Compartir en Twitter\" href='https:\/\/twitter.com\/share?text=MTT%20transfiere%20%24170%20millones%20a%20Municipalidad%20de%20Tortel%20para%20desarrollar%20Plan%20de%20Movilidad&#038;url=https:\/\/radiorevelacionfm.cl\/?p=12742' aria-hidden='false' data-av_icon='\ue8f1' data-av_iconfont='entypo-fontello' title='' data-avia-related-tooltip='Compartir en Twitter' rel=\"noopener\"><span class='avia_hidden_link_text'>Compartir en Twitter<\/span><\/a><\/li><li class='av-share-link av-social-link-whatsapp' ><a target=\"_blank\" aria-label=\"Compartir en Whatsapp\" href='https:\/\/api.whatsapp.com\/send?text=https:\/\/radiorevelacionfm.cl\/?p=12742' aria-hidden='false' data-av_icon='\uf232' data-av_iconfont='entypo-fontello' title='' data-avia-related-tooltip='Compartir en Whatsapp' rel=\"noopener\"><span class='avia_hidden_link_text'>Compartir en Whatsapp<\/span><\/a><\/li><li class='av-share-link av-social-link-linkedin' ><a target=\"_blank\" aria-label=\"Compartir en LinkedIn\" href='https:\/\/linkedin.com\/shareArticle?mini=true&#038;title=MTT%20transfiere%20%24170%20millones%20a%20Municipalidad%20de%20Tortel%20para%20desarrollar%20Plan%20de%20Movilidad&#038;url=https:\/\/radiorevelacionfm.cl\/?p=12742' aria-hidden='false' data-av_icon='\ue8fc' data-av_iconfont='entypo-fontello' title='' data-avia-related-tooltip='Compartir en LinkedIn' rel=\"noopener\"><span class='avia_hidden_link_text'>Compartir en LinkedIn<\/span><\/a><\/li><li class='av-share-link av-social-link-mail' ><a  aria-label=\"Compartir por correo\" href='mailto:?subject=MTT%20transfiere%20%24170%20millones%20a%20Municipalidad%20de%20Tortel%20para%20desarrollar%20Plan%20de%20Movilidad&#038;body=https:\/\/radiorevelacionfm.cl\/?p=12742' aria-hidden='false' data-av_icon='\ue805' data-av_iconfont='entypo-fontello' title='' data-avia-related-tooltip='Compartir por correo'><span class='avia_hidden_link_text'>Compartir por correo<\/span><\/a><\/li><\/ul><\/div><\/div>\n<div  style='height:50px' class='hr hr-invisible   avia-builder-el-8  el_after_av_social_share  el_before_av_comments_list '><span class='hr-inner ' ><span class='hr-inner-style'><\/span><\/span><\/div>\n<div  class='av-buildercomment  av-blog-meta-html-info-disabled av-blog-meta-tag-disabled  '><\/div>\n","protected":false},"excerpt":{"rendered":"","protected":false},"author":1,"featured_media":12743,"comment_status":"open","ping_status":"open","sticky":false,"template":"","format":"standard","meta":{"footnotes":""},"categories":[59],"tags":[],"class_list":["post-12742","post","type-post","status-publish","format-standard","has-post-thumbnail","hentry","category-transporte"],"jetpack_featured_media_url":"https:\/\/radiorevelacionfm.cl\/wp-content\/uploads\/2022\/01\/image-28_optimized.jpg","_links":{"self":[{"href":"https:\/\/radiorevelacionfm.cl\/index.php?rest_route=\/wp\/v2\/posts\/12742","targetHints":{"allow":["GET"]}}],"collection":[{"href":"https:\/\/radiorevelacionfm.cl\/index.php?rest_route=\/wp\/v2\/posts"}],"about":[{"href":"https:\/\/radiorevelacionfm.cl\/index.php?rest_route=\/wp\/v2\/types\/post"}],"author":[{"embeddable":true,"href":"https:\/\/radiorevelacionfm.cl\/index.php?rest_route=\/wp\/v2\/users\/1"}],"replies":[{"embeddable":true,"href":"https:\/\/radiorevelacionfm.cl\/index.php?rest_route=%2Fwp%2Fv2%2Fcomments&post=12742"}],"version-history":[{"count":2,"href":"https:\/\/radiorevelacionfm.cl\/index.php?rest_route=\/wp\/v2\/posts\/12742\/revisions"}],"predecessor-version":[{"id":12745,"href":"https:\/\/radiorevelacionfm.cl\/index.php?rest_route=\/wp\/v2\/posts\/12742\/revisions\/12745"}],"wp:featuredmedia":[{"embeddable":true,"href":"https:\/\/radiorevelacionfm.cl\/index.php?rest_route=\/wp\/v2\/media\/12743"}],"wp:attachment":[{"href":"https:\/\/radiorevelacionfm.cl\/index.php?rest_route=%2Fwp%2Fv2%2Fmedia&parent=12742"}],"wp:term":[{"taxonomy":"category","embeddable":true,"href":"https:\/\/radiorevelacionfm.cl\/index.php?rest_route=%2Fwp%2Fv2%2Fcategories&post=12742"},{"taxonomy":"post_tag","embeddable":true,"href":"https:\/\/radiorevelacionfm.cl\/index.php?rest_route=%2Fwp%2Fv2%2Ftags&post=12742"}],"curies":[{"name":"wp","href":"https:\/\/api.w.org\/{rel}","templated":true}]}}