{"id":12736,"date":"2022-01-13T11:14:54","date_gmt":"2022-01-13T14:14:54","guid":{"rendered":"https:\/\/radiorevelacionfm.cl\/?p=12736"},"modified":"2022-01-13T11:14:54","modified_gmt":"2022-01-13T14:14:54","slug":"lanzan-resultados-de-investigacion-de-la-otra-parte-de-la-tierra-acercamiento-visual-y-antropologico-a-la-coleccion-arqueologica-del-museo-de-aysen","status":"publish","type":"post","link":"https:\/\/radiorevelacionfm.cl\/?p=12736","title":{"rendered":"Lanzan resultados de investigaci\u00f3n \u201cDe la otra Parte de la Tierra, acercamiento visual y antropol\u00f3gico a la colecci\u00f3n arqueol\u00f3gica del Museo de Ays\u00e9n\u201d"},"content":{"rendered":"<div class=\"flex_column av_one_full  flex_column_div av-zero-column-padding first  avia-builder-el-0  el_before_av_one_full  avia-builder-el-first  \" style='border-radius:0px; '><div  class='avia-image-container  av-styling-    avia-builder-el-1  avia-builder-el-no-sibling  avia-align-center '  itemprop=\"image\" itemscope=\"itemscope\" itemtype=\"https:\/\/schema.org\/ImageObject\"  ><div class='avia-image-container-inner'><div class='avia-image-overlay-wrap'><img decoding=\"async\" class='wp-image-12737 avia-img-lazy-loading-not-12737 avia_image' src=\"https:\/\/radiorevelacionfm.cl\/wp-content\/uploads\/2022\/01\/foto-2-4-2_optimized.jpg\" alt='' title='foto-2-4-2_optimized' height=\"600\" width=\"900\"  itemprop=\"thumbnailUrl\" srcset=\"https:\/\/radiorevelacionfm.cl\/wp-content\/uploads\/2022\/01\/foto-2-4-2_optimized.jpg 900w, https:\/\/radiorevelacionfm.cl\/wp-content\/uploads\/2022\/01\/foto-2-4-2_optimized-300x200.jpg 300w, https:\/\/radiorevelacionfm.cl\/wp-content\/uploads\/2022\/01\/foto-2-4-2_optimized-768x512.jpg 768w, https:\/\/radiorevelacionfm.cl\/wp-content\/uploads\/2022\/01\/foto-2-4-2_optimized-705x470.jpg 705w, https:\/\/radiorevelacionfm.cl\/wp-content\/uploads\/2022\/01\/foto-2-4-2_optimized-600x400.jpg 600w\" sizes=\"(max-width: 900px) 100vw, 900px\" \/><\/div><\/div><\/div><\/div><div class=\"flex_column av_one_full  flex_column_div av-zero-column-padding first  avia-builder-el-2  el_after_av_one_full  el_before_av_one_full  column-top-margin\" style='border-radius:0px; '><section class=\"av_textblock_section \"  itemscope=\"itemscope\" itemtype=\"https:\/\/schema.org\/BlogPosting\" itemprop=\"blogPost\" ><div class='avia_textblock  '   itemprop=\"text\" ><p style=\"text-align: center;\"><span style=\"font-size: 18pt;\"><b><span lang=\"ES-CL\">Lanzan resultados de investigaci\u00f3n \u201cDe la otra Parte de la Tierra, acercamiento visual y antropol\u00f3gico a la colecci\u00f3n arqueol\u00f3gica del Museo de Ays\u00e9n\u201d<\/span><\/b><\/span><\/p>\n<div id=\"gtx-trans\" style=\"position: absolute; left: -50px; top: 4.31534px;\">\n<div class=\"gtx-trans-icon\"><\/div>\n<\/div>\n<\/div><\/section><\/div><div class=\"flex_column av_one_full  flex_column_div av-zero-column-padding first  avia-builder-el-4  el_after_av_one_full  el_before_av_hr  column-top-margin\" style='border-radius:0px; '><section class=\"av_textblock_section \"  itemscope=\"itemscope\" itemtype=\"https:\/\/schema.org\/BlogPosting\" itemprop=\"blogPost\" ><div class='avia_textblock  '   itemprop=\"text\" ><p class=\"v1MsoNormal\" style=\"text-align: justify;\"><span lang=\"ES-CL\">A partir de las 16:00 hrs del pr\u00f3ximo 14 de enero, el Museo Regional de Ays\u00e9n abrir\u00e1 sus puertas para la presentaci\u00f3n del Cuaderno Pedag\u00f3gico \u201cDe la otra parte de la Tierra\u201d. Posteriormente, se concretar\u00e1 la inauguraci\u00f3n de la exposici\u00f3n \u201cEnsamblaje\u201d. Ambas obras forman parte de un afanoso proyecto del equipo interdisciplinario integrado por Sebasti\u00e1n Pe\u00f1a, Alejandra Fuentes y Mar\u00eda Jes\u00fas Fa\u00fandez. <\/span><\/p>\n<p class=\"v1MsoNormal\" style=\"text-align: justify;\"><b><span lang=\"ES-CL\">Un poco de historia<\/span><\/b><\/p>\n<p class=\"v1MsoNormal\" style=\"text-align: justify;\"><span lang=\"ES-CL\">Fue a fines del 2019 cuando el equipo integrado por Sebasti\u00e1n Pe\u00f1a, grabador; Alejandra Fuentes, antrop\u00f3loga; y Mar\u00eda Jes\u00fas Fa\u00fandez, mediadora cultural; se enter\u00f3 de que su proyecto en torno a la colecci\u00f3n arqueol\u00f3gica del Museo de Ays\u00e9n hab\u00eda sido seleccionado por el Programa Traslado del Ministerio de la Cultura, las Artes y el Patrimonio (MINCAP).<\/span><\/p>\n<p class=\"v1MsoNormal\" style=\"text-align: justify;\"><span lang=\"ES-CL\">A partir de ese momento comenz\u00f3 el viaje social y simb\u00f3lico <i>De la Otra Parte de la Tierra<\/i>, viaje que, seg\u00fan se\u00f1ala su equipo gestor, invita a transitar por la memoria del territorio que habitamos, trayendo al presente la milenaria experiencia de encuentro y movilidad humana y su permanente interrelaci\u00f3n con el mundo natural. <\/span><\/p>\n<p class=\"v1MsoNormal\" style=\"text-align: justify;\"><span lang=\"ES-CL\">Cabe recordar que en esta convocatoria, el Programa Traslado de MINCAP se dirigi\u00f3 a equipos interdisciplinares, invit\u00e1ndoles a vincularse y hacer propuestas de investigaci\u00f3n y activaci\u00f3n de las colecciones de museos de la Patagonia, como gesto de conmemoraci\u00f3n de los 500 a\u00f1os del cruce del Estrecho de Magallanes. <\/span><\/p>\n<p class=\"v1MsoNormal\" style=\"text-align: justify;\"><b><span lang=\"ES-CL\">Trabajo en red<\/span><\/b><\/p>\n<p class=\"v1MsoNormal\" style=\"text-align: justify;\"><span lang=\"ES-CL\">\u201cDe la Otra Parte de la Tierra\u201d comenz\u00f3 a ejecutarse a inicios del 2020. Poco antes de que se declarara la pandemia, el equipo hab\u00eda realizado un trabajo de campo con la arque\u00f3loga Amalia Nuevo y el arque\u00f3logo C\u00e9sar M\u00e9ndez del CIEP (Centro de Investigaci\u00f3n de los Ecosistemas de la Patagonia) y les hab\u00edan visitado en sus laboratorios.<\/span><\/p>\n<p class=\"v1MsoNormal\" style=\"text-align: justify;\"><span lang=\"ES-CL\">Pese a las restricciones de desplazamientos que afectaron al pa\u00eds desde marzo de 2020, el equipo logr\u00f3 realizar sus l<\/span><span lang=\"ES-CL\">abores en alianza con distintas redes y actor\u00edas de la regi\u00f3n, integrantes del equipo del Museo Regional e investigadores regionales, quienes se constituyeron como importantes colaboradores\/as.<\/span><\/p>\n<p class=\"v1MsoNormal\" style=\"text-align: justify;\"><span lang=\"ES-CL\">Sobre el trabajo interdisciplinar sostenido en el desarrollo de este proyecto el equipo lo define como una experiencia de co-aprendizaje. Mar\u00eda Jes\u00fas Fa\u00fandez se\u00f1ala en este sentido que \u201cha sido un proceso de constante aprendizaje, donde debimos enfrentarnos a las m\u00faltiples complejidades que significa proponerse cruzar fronteras entre \u00e1reas, disciplinas y personas diferentes, lo que sin duda permiti\u00f3 enriquecer no solo la investigaci\u00f3n si no nuestros propios quehaceres y formas de comprender este territorio\u00bb.<\/span><\/p>\n<p class=\"v1MsoNormal\" style=\"text-align: justify;\"><b><span lang=\"ES-CL\">De la otra parte de la Tierra, un viaje desde el presente<\/span><\/b><\/p>\n<p class=\"v1MsoNormal\" style=\"text-align: justify;\"><span lang=\"ES-CL\">Este viaje por distintas temporalidades y memorias del territorio de Ays\u00e9n consisti\u00f3 en el desarrollo de dos investigaciones en constante di\u00e1logo: una visual y otra antropol\u00f3gica,\u00a0 en torno al patrimonio arqueol\u00f3gico de la regi\u00f3n. Como ejes de ambas investigaciones el equipo reconoce los ejercicios transversales de observaci\u00f3n, interpretaci\u00f3n y representaci\u00f3n de dicho patrimonio, desde distintos lenguajes y oficios, relevando a Ays\u00e9n como un territorio de milenarios flujos humanos, siempre en interrelaci\u00f3n con la naturaleza.<\/span><\/p>\n<p class=\"v1MsoNormal\" style=\"text-align: justify;\"><span lang=\"ES-CL\">Para Sebasti\u00e1n Pe\u00f1a, lo realizado para el proyecto \u201ctiene que ver con el detenimiento en ciertas conceptualizaciones, preguntas y formas de trabajar que posee la arqueolog\u00eda y antropolog\u00eda. Ambas encendieron en m\u00ed, la preocupaci\u00f3n sobre la humanidad y su relaci\u00f3n con el o los paisajes que la rodean o traspasan, tratar de comprender c\u00f3mo el habitar humano moldea la naturaleza que est\u00e1 presente en cada ser humano que ha habitado la tierra.\u00bb<\/span><\/p>\n<p class=\"v1MsoNormal\" style=\"text-align: justify;\"><b><span lang=\"ES-CL\">Cuaderno Pedag\u00f3gico y Exposici\u00f3n Ensamblaje<\/span><\/b><\/p>\n<p class=\"v1MsoNormal\" style=\"text-align: justify;\"><span lang=\"ES-CL\">La serie de desplazamientos temporales, disciplinares y entre paisajes de Ays\u00e9n desarrollados en el proyecto, tienen el prop\u00f3sito de comunicar e invitar a distintas comunidades a participar de los ejercicios desarrollados en el Cuaderno Pedag\u00f3gico y en la exhibici\u00f3n Ensamblaje.\u00a0 Esto \u00faltimo, desde la perspectiva formativa que permea el proyecto, buscando inscribirse dentro de experiencias de aprendizajes en los territorios, con lo humano y extrahumano, es decir, comprendiendo lo pedag\u00f3gico como un ejercicio constante, vital, social y ecol\u00f3gico.<\/span><\/p>\n<p class=\"v1MsoNormal\" style=\"text-align: justify;\"><span lang=\"ES-CL\">Es en este contexto que Alejandra Fuentes se\u00f1ala que \u00abobservar parte de la cultura material de ancestrales comunidades que transitaron el territorio, entendi\u00e9ndolas como integrantes de una amplia memoria biocultural, nos interpela como habitantes contempor\u00e1neos de Ays\u00e9n a preguntarnos c\u00f3mo habitar hoy este territorio, y esa pregunta quisi\u00e9ramos abordarla en colectivo\u00bb.<\/span><\/p>\n<p class=\"v1MsoNormal\" style=\"text-align: justify;\"><a name=\"_heading=h.gjdgxs\"><\/a><span lang=\"ES-CL\">El Cuaderno Pedag\u00f3gico <i>De la Otra Parte de la Tierra<\/i> y la Exposici\u00f3n <i>Ensamblaje<\/i> son los productos de este proceso de trabajo, ya dispuestos a ser socializados. En ellos confluyen hallazgos y creaciones en los que los distintos lenguajes y oficios convocados generan narrativas e invitan a la comunidad regional, y tambi\u00e9n a comunidades de otros territorios, a interactuar y dejar improntas en y con ellos.<\/span><\/p>\n<p class=\"v1MsoNormal\" style=\"text-align: justify;\"><span lang=\"ES-CL\">Proyecto financiado por Concurso P\u00fablico Traslado: Investigaciones de Arte Contempor\u00e1neo en Museos Regionales, convocatoria 2019, del Programa de Desarrollo y Fomento de Artes de la Visualidad, Ministerio de la Cultura, las Artes y el Patrimonio.<\/span><\/p>\n<\/div><\/section><\/div><div  style='height:50px' class='hr hr-invisible   avia-builder-el-6  el_after_av_one_full  el_before_av_social_share '><span class='hr-inner ' ><span class='hr-inner-style'><\/span><\/span><\/div><\/p>\n<div  class='av-social-sharing-box  avia-builder-el-7  el_after_av_hr  el_before_av_hr  '><div class='av-share-box'><h5 class='av-share-link-description av-no-toc '>Compartir esta noticia<\/h5><ul class='av-share-box-list noLightbox'><li class='av-share-link av-social-link-facebook' ><a target=\"_blank\" aria-label=\"Compartir en Facebook\" href='https:\/\/www.facebook.com\/sharer.php?u=https:\/\/radiorevelacionfm.cl\/?p=12736&#038;t=Lanzan%20resultados%20de%20investigaci%C3%B3n%20%E2%80%9CDe%20la%20otra%20Parte%20de%20la%20Tierra%2C%20acercamiento%20visual%20y%20antropol%C3%B3gico%20a%20la%20colecci%C3%B3n%20arqueol%C3%B3gica%20del%20Museo%20de%20Ays%C3%A9n%E2%80%9D' aria-hidden='false' data-av_icon='\ue8f3' data-av_iconfont='entypo-fontello' title='' data-avia-related-tooltip='Compartir en Facebook' rel=\"noopener\"><span class='avia_hidden_link_text'>Compartir en Facebook<\/span><\/a><\/li><li class='av-share-link av-social-link-twitter' ><a target=\"_blank\" aria-label=\"Compartir en Twitter\" href='https:\/\/twitter.com\/share?text=Lanzan%20resultados%20de%20investigaci%C3%B3n%20%E2%80%9CDe%20la%20otra%20Parte%20de%20la%20Tierra%2C%20acercamiento%20visual%20y%20antropol%C3%B3gico%20a%20la%20colecci%C3%B3n%20arqueol%C3%B3gica%20del%20Museo%20de%20Ays%C3%A9n%E2%80%9D&#038;url=https:\/\/radiorevelacionfm.cl\/?p=12736' aria-hidden='false' data-av_icon='\ue8f1' data-av_iconfont='entypo-fontello' title='' data-avia-related-tooltip='Compartir en Twitter' rel=\"noopener\"><span class='avia_hidden_link_text'>Compartir en Twitter<\/span><\/a><\/li><li class='av-share-link av-social-link-whatsapp' ><a target=\"_blank\" aria-label=\"Compartir en Whatsapp\" href='https:\/\/api.whatsapp.com\/send?text=https:\/\/radiorevelacionfm.cl\/?p=12736' aria-hidden='false' data-av_icon='\uf232' data-av_iconfont='entypo-fontello' title='' data-avia-related-tooltip='Compartir en Whatsapp' rel=\"noopener\"><span class='avia_hidden_link_text'>Compartir en Whatsapp<\/span><\/a><\/li><li class='av-share-link av-social-link-linkedin' ><a target=\"_blank\" aria-label=\"Compartir en LinkedIn\" href='https:\/\/linkedin.com\/shareArticle?mini=true&#038;title=Lanzan%20resultados%20de%20investigaci%C3%B3n%20%E2%80%9CDe%20la%20otra%20Parte%20de%20la%20Tierra%2C%20acercamiento%20visual%20y%20antropol%C3%B3gico%20a%20la%20colecci%C3%B3n%20arqueol%C3%B3gica%20del%20Museo%20de%20Ays%C3%A9n%E2%80%9D&#038;url=https:\/\/radiorevelacionfm.cl\/?p=12736' aria-hidden='false' data-av_icon='\ue8fc' data-av_iconfont='entypo-fontello' title='' data-avia-related-tooltip='Compartir en LinkedIn' rel=\"noopener\"><span class='avia_hidden_link_text'>Compartir en LinkedIn<\/span><\/a><\/li><li class='av-share-link av-social-link-mail' ><a  aria-label=\"Compartir por correo\" href='mailto:?subject=Lanzan%20resultados%20de%20investigaci%C3%B3n%20%E2%80%9CDe%20la%20otra%20Parte%20de%20la%20Tierra%2C%20acercamiento%20visual%20y%20antropol%C3%B3gico%20a%20la%20colecci%C3%B3n%20arqueol%C3%B3gica%20del%20Museo%20de%20Ays%C3%A9n%E2%80%9D&#038;body=https:\/\/radiorevelacionfm.cl\/?p=12736' aria-hidden='false' data-av_icon='\ue805' data-av_iconfont='entypo-fontello' title='' data-avia-related-tooltip='Compartir por correo'><span class='avia_hidden_link_text'>Compartir por correo<\/span><\/a><\/li><\/ul><\/div><\/div>\n<div  style='height:50px' class='hr hr-invisible   avia-builder-el-8  el_after_av_social_share  el_before_av_comments_list '><span class='hr-inner ' ><span class='hr-inner-style'><\/span><\/span><\/div>\n<div  class='av-buildercomment  av-blog-meta-html-info-disabled av-blog-meta-tag-disabled  '><\/div>\n","protected":false},"excerpt":{"rendered":"","protected":false},"author":1,"featured_media":12737,"comment_status":"open","ping_status":"open","sticky":false,"template":"","format":"standard","meta":{"footnotes":""},"categories":[52],"tags":[],"class_list":["post-12736","post","type-post","status-publish","format-standard","has-post-thumbnail","hentry","category-cultura"],"jetpack_featured_media_url":"https:\/\/radiorevelacionfm.cl\/wp-content\/uploads\/2022\/01\/foto-2-4-2_optimized.jpg","_links":{"self":[{"href":"https:\/\/radiorevelacionfm.cl\/index.php?rest_route=\/wp\/v2\/posts\/12736","targetHints":{"allow":["GET"]}}],"collection":[{"href":"https:\/\/radiorevelacionfm.cl\/index.php?rest_route=\/wp\/v2\/posts"}],"about":[{"href":"https:\/\/radiorevelacionfm.cl\/index.php?rest_route=\/wp\/v2\/types\/post"}],"author":[{"embeddable":true,"href":"https:\/\/radiorevelacionfm.cl\/index.php?rest_route=\/wp\/v2\/users\/1"}],"replies":[{"embeddable":true,"href":"https:\/\/radiorevelacionfm.cl\/index.php?rest_route=%2Fwp%2Fv2%2Fcomments&post=12736"}],"version-history":[{"count":2,"href":"https:\/\/radiorevelacionfm.cl\/index.php?rest_route=\/wp\/v2\/posts\/12736\/revisions"}],"predecessor-version":[{"id":12779,"href":"https:\/\/radiorevelacionfm.cl\/index.php?rest_route=\/wp\/v2\/posts\/12736\/revisions\/12779"}],"wp:featuredmedia":[{"embeddable":true,"href":"https:\/\/radiorevelacionfm.cl\/index.php?rest_route=\/wp\/v2\/media\/12737"}],"wp:attachment":[{"href":"https:\/\/radiorevelacionfm.cl\/index.php?rest_route=%2Fwp%2Fv2%2Fmedia&parent=12736"}],"wp:term":[{"taxonomy":"category","embeddable":true,"href":"https:\/\/radiorevelacionfm.cl\/index.php?rest_route=%2Fwp%2Fv2%2Fcategories&post=12736"},{"taxonomy":"post_tag","embeddable":true,"href":"https:\/\/radiorevelacionfm.cl\/index.php?rest_route=%2Fwp%2Fv2%2Ftags&post=12736"}],"curies":[{"name":"wp","href":"https:\/\/api.w.org\/{rel}","templated":true}]}}