{"id":12732,"date":"2022-01-12T16:23:58","date_gmt":"2022-01-12T19:23:58","guid":{"rendered":"https:\/\/radiorevelacionfm.cl\/?p=12732"},"modified":"2022-01-12T16:23:58","modified_gmt":"2022-01-12T19:23:58","slug":"calisto-y-alcalde-gatica-piden-al-gobierno-poner-urgencia-a-proyecto-que-regula-mercado-del-gas","status":"publish","type":"post","link":"https:\/\/radiorevelacionfm.cl\/?p=12732","title":{"rendered":"Calisto y alcalde Gatica piden al Gobierno poner urgencia a proyecto que regula mercado del gas"},"content":{"rendered":"<div class=\"flex_column av_one_full  flex_column_div av-zero-column-padding first  avia-builder-el-0  el_before_av_one_full  avia-builder-el-first  \" style='border-radius:0px; '><div  class='avia-image-container  av-styling-    avia-builder-el-1  avia-builder-el-no-sibling  avia-align-center '  itemprop=\"image\" itemscope=\"itemscope\" itemtype=\"https:\/\/schema.org\/ImageObject\"  ><div class='avia-image-container-inner'><div class='avia-image-overlay-wrap'><img decoding=\"async\" class='wp-image-12733 avia-img-lazy-loading-not-12733 avia_image' src=\"https:\/\/radiorevelacionfm.cl\/wp-content\/uploads\/2022\/01\/foto-reunion-Ministro-Jobet-2-2.jpeg\" alt='' title='foto reuni\u00f3n Ministro Jobet-2-2' height=\"600\" width=\"1067\"  itemprop=\"thumbnailUrl\" srcset=\"https:\/\/radiorevelacionfm.cl\/wp-content\/uploads\/2022\/01\/foto-reunion-Ministro-Jobet-2-2.jpeg 1067w, https:\/\/radiorevelacionfm.cl\/wp-content\/uploads\/2022\/01\/foto-reunion-Ministro-Jobet-2-2-300x169.jpeg 300w, https:\/\/radiorevelacionfm.cl\/wp-content\/uploads\/2022\/01\/foto-reunion-Ministro-Jobet-2-2-1030x579.jpeg 1030w, https:\/\/radiorevelacionfm.cl\/wp-content\/uploads\/2022\/01\/foto-reunion-Ministro-Jobet-2-2-768x432.jpeg 768w, https:\/\/radiorevelacionfm.cl\/wp-content\/uploads\/2022\/01\/foto-reunion-Ministro-Jobet-2-2-705x396.jpeg 705w, https:\/\/radiorevelacionfm.cl\/wp-content\/uploads\/2022\/01\/foto-reunion-Ministro-Jobet-2-2-600x337.jpeg 600w\" sizes=\"(max-width: 1067px) 100vw, 1067px\" \/><\/div><\/div><\/div><\/div><div class=\"flex_column av_one_full  flex_column_div av-zero-column-padding first  avia-builder-el-2  el_after_av_one_full  el_before_av_one_full  column-top-margin\" style='border-radius:0px; '><section class=\"av_textblock_section \"  itemscope=\"itemscope\" itemtype=\"https:\/\/schema.org\/BlogPosting\" itemprop=\"blogPost\" ><div class='avia_textblock  '   itemprop=\"text\" ><p style=\"text-align: center;\"><span style=\"font-size: 18pt;\"><b><span lang=\"ES\">Calisto y alcalde Gatica piden al Gobierno poner urgencia a proyecto que regula mercado del gas<\/span><\/b><\/span><\/p>\n<div id=\"gtx-trans\" style=\"position: absolute; left: -50px; top: 4.31534px;\">\n<div class=\"gtx-trans-icon\"><\/div>\n<\/div>\n<\/div><\/section><\/div><div class=\"flex_column av_one_full  flex_column_div av-zero-column-padding first  avia-builder-el-4  el_after_av_one_full  el_before_av_hr  column-top-margin\" style='border-radius:0px; '><section class=\"av_textblock_section \"  itemscope=\"itemscope\" itemtype=\"https:\/\/schema.org\/BlogPosting\" itemprop=\"blogPost\" ><div class='avia_textblock  '   itemprop=\"text\" ><p style=\"text-align: justify;\">Luego de sostener una reuni\u00f3n con el Ministro de Energ\u00eda, Juan Carlos Jobet, donde participaron alcaldes y la Presidenta del Senado, Ximena Rinc\u00f3n, el presidente de la Comisi\u00f3n Investigadora del mercado del Gas, diputado Miguel \u00c1ngel Calisto, y el Alcalde de Coyhaique, Carlos Gatica instaron al Gobierno a ponerle urgencia al proyecto que regula el mercado de este elemento, resaltando la necesidad que entren nuevos actores en la distribuci\u00f3n minorista.<\/p>\n<p style=\"text-align: justify;\">Seg\u00fan el legislador, \u201ccon este proyecto hoy hemos corroborado junto al gobierno y todos los sectores pol\u00edticos, que existe un abuso en el mercado del gas, especialmente en los territorios m\u00e1s alejados, como la regi\u00f3n de Ays\u00e9n, y que ha afectado a las familias m\u00e1s pobres de nuestro pa\u00eds.\u00a0 Queremos que el Gobierno le ponga urgencia a la tramitaci\u00f3n de este proyecto, para que en marzo tengamos una ley que regule el precio del gas\u201d.<\/p>\n<p style=\"text-align: justify;\">\u201cEste es un hito hist\u00f3rico, porque despu\u00e9s de cuarenta a\u00f1os, estamos abriendo un espacio en la legislaci\u00f3n chilena para regular el mercado del gas, un mercado donde ha existido abuso, lo que ha sido corroborado por parte de la fiscal\u00eda nacional econ\u00f3mica luego de las denuncias realizadas desde la C\u00e1mara de Diputados y los municipios\u201d, indic\u00f3.<\/p>\n<p style=\"text-align: justify;\">El legislador agreg\u00f3 que \u201cse ha comprobado que es un mercado que no est\u00e1 funcionando bien, es un mercado del abuso por parte de las principales empresas que proveen este servicio en Chile. Hoy d\u00eda con el proyecto que ha ingresado el Gobierno, que valoramos, junto a las sugerencias que han hecho los municipios, adem\u00e1s de las iniciativas legislativas que hemos presentado desde la C\u00e1mara de Diputados, creemos que vamos a llegar a una legislaci\u00f3n que va a permitir entregar un gas a precio justo\u201d.<\/p>\n<p style=\"text-align: justify;\">Por su parte, el alcalde de Coyhaique, Carlos Gatica, se\u00f1al\u00f3 que \u201chice una petici\u00f3n de que en la regi\u00f3n de Ays\u00e9n exista la presencia de la empresa ENAP. Adem\u00e1s, hablamos de puntos como el desarrollo de un marco regulatorio en el consumo energ\u00e9tico del gas, es decir, en la banda del precio para regular los costos, as\u00ed como esta en la ley tarifaria\u201d.<\/p>\n<p style=\"text-align: justify;\">Finalmente, el edil afirm\u00f3 que \u201ctambi\u00e9n conversamos sobre la posibilidad que ingresen nuevos actores al mercado de la distribuci\u00f3n, que los cilindros queden de propiedad de los chilenos y no de las empresas y por otro lado, se manifest\u00f3 que los municipios puedan comercializar el gas, algo que la Contralor\u00eda de la Rep\u00fablica hab\u00eda objetado\u201d.<\/p>\n<\/div><\/section><\/div><div  style='height:50px' class='hr hr-invisible   avia-builder-el-6  el_after_av_one_full  el_before_av_social_share '><span class='hr-inner ' ><span class='hr-inner-style'><\/span><\/span><\/div><\/p>\n<div  class='av-social-sharing-box  avia-builder-el-7  el_after_av_hr  el_before_av_hr  '><div class='av-share-box'><h5 class='av-share-link-description av-no-toc '>Compartir esta noticia<\/h5><ul class='av-share-box-list noLightbox'><li class='av-share-link av-social-link-facebook' ><a target=\"_blank\" aria-label=\"Compartir en Facebook\" href='https:\/\/www.facebook.com\/sharer.php?u=https:\/\/radiorevelacionfm.cl\/?p=12732&#038;t=Calisto%20y%20alcalde%20Gatica%20piden%20al%20Gobierno%20poner%20urgencia%20a%20proyecto%20que%20regula%20mercado%20del%20gas' aria-hidden='false' data-av_icon='\ue8f3' data-av_iconfont='entypo-fontello' title='' data-avia-related-tooltip='Compartir en Facebook' rel=\"noopener\"><span class='avia_hidden_link_text'>Compartir en Facebook<\/span><\/a><\/li><li class='av-share-link av-social-link-twitter' ><a target=\"_blank\" aria-label=\"Compartir en Twitter\" href='https:\/\/twitter.com\/share?text=Calisto%20y%20alcalde%20Gatica%20piden%20al%20Gobierno%20poner%20urgencia%20a%20proyecto%20que%20regula%20mercado%20del%20gas&#038;url=https:\/\/radiorevelacionfm.cl\/?p=12732' aria-hidden='false' data-av_icon='\ue8f1' data-av_iconfont='entypo-fontello' title='' data-avia-related-tooltip='Compartir en Twitter' rel=\"noopener\"><span class='avia_hidden_link_text'>Compartir en Twitter<\/span><\/a><\/li><li class='av-share-link av-social-link-whatsapp' ><a target=\"_blank\" aria-label=\"Compartir en Whatsapp\" href='https:\/\/api.whatsapp.com\/send?text=https:\/\/radiorevelacionfm.cl\/?p=12732' aria-hidden='false' data-av_icon='\uf232' data-av_iconfont='entypo-fontello' title='' data-avia-related-tooltip='Compartir en Whatsapp' rel=\"noopener\"><span class='avia_hidden_link_text'>Compartir en Whatsapp<\/span><\/a><\/li><li class='av-share-link av-social-link-linkedin' ><a target=\"_blank\" aria-label=\"Compartir en LinkedIn\" href='https:\/\/linkedin.com\/shareArticle?mini=true&#038;title=Calisto%20y%20alcalde%20Gatica%20piden%20al%20Gobierno%20poner%20urgencia%20a%20proyecto%20que%20regula%20mercado%20del%20gas&#038;url=https:\/\/radiorevelacionfm.cl\/?p=12732' aria-hidden='false' data-av_icon='\ue8fc' data-av_iconfont='entypo-fontello' title='' data-avia-related-tooltip='Compartir en LinkedIn' rel=\"noopener\"><span class='avia_hidden_link_text'>Compartir en LinkedIn<\/span><\/a><\/li><li class='av-share-link av-social-link-mail' ><a  aria-label=\"Compartir por correo\" href='mailto:?subject=Calisto%20y%20alcalde%20Gatica%20piden%20al%20Gobierno%20poner%20urgencia%20a%20proyecto%20que%20regula%20mercado%20del%20gas&#038;body=https:\/\/radiorevelacionfm.cl\/?p=12732' aria-hidden='false' data-av_icon='\ue805' data-av_iconfont='entypo-fontello' title='' data-avia-related-tooltip='Compartir por correo'><span class='avia_hidden_link_text'>Compartir por correo<\/span><\/a><\/li><\/ul><\/div><\/div>\n<div  style='height:50px' class='hr hr-invisible   avia-builder-el-8  el_after_av_social_share  el_before_av_comments_list '><span class='hr-inner ' ><span class='hr-inner-style'><\/span><\/span><\/div>\n<div  class='av-buildercomment  av-blog-meta-html-info-disabled av-blog-meta-tag-disabled  '><\/div>\n","protected":false},"excerpt":{"rendered":"","protected":false},"author":1,"featured_media":12733,"comment_status":"open","ping_status":"open","sticky":false,"template":"","format":"standard","meta":{"footnotes":""},"categories":[35],"tags":[],"class_list":["post-12732","post","type-post","status-publish","format-standard","has-post-thumbnail","hentry","category-politica"],"jetpack_featured_media_url":"https:\/\/radiorevelacionfm.cl\/wp-content\/uploads\/2022\/01\/foto-reunion-Ministro-Jobet-2-2.jpeg","_links":{"self":[{"href":"https:\/\/radiorevelacionfm.cl\/index.php?rest_route=\/wp\/v2\/posts\/12732","targetHints":{"allow":["GET"]}}],"collection":[{"href":"https:\/\/radiorevelacionfm.cl\/index.php?rest_route=\/wp\/v2\/posts"}],"about":[{"href":"https:\/\/radiorevelacionfm.cl\/index.php?rest_route=\/wp\/v2\/types\/post"}],"author":[{"embeddable":true,"href":"https:\/\/radiorevelacionfm.cl\/index.php?rest_route=\/wp\/v2\/users\/1"}],"replies":[{"embeddable":true,"href":"https:\/\/radiorevelacionfm.cl\/index.php?rest_route=%2Fwp%2Fv2%2Fcomments&post=12732"}],"version-history":[{"count":2,"href":"https:\/\/radiorevelacionfm.cl\/index.php?rest_route=\/wp\/v2\/posts\/12732\/revisions"}],"predecessor-version":[{"id":12735,"href":"https:\/\/radiorevelacionfm.cl\/index.php?rest_route=\/wp\/v2\/posts\/12732\/revisions\/12735"}],"wp:featuredmedia":[{"embeddable":true,"href":"https:\/\/radiorevelacionfm.cl\/index.php?rest_route=\/wp\/v2\/media\/12733"}],"wp:attachment":[{"href":"https:\/\/radiorevelacionfm.cl\/index.php?rest_route=%2Fwp%2Fv2%2Fmedia&parent=12732"}],"wp:term":[{"taxonomy":"category","embeddable":true,"href":"https:\/\/radiorevelacionfm.cl\/index.php?rest_route=%2Fwp%2Fv2%2Fcategories&post=12732"},{"taxonomy":"post_tag","embeddable":true,"href":"https:\/\/radiorevelacionfm.cl\/index.php?rest_route=%2Fwp%2Fv2%2Ftags&post=12732"}],"curies":[{"name":"wp","href":"https:\/\/api.w.org\/{rel}","templated":true}]}}