{"id":12728,"date":"2022-01-12T16:12:13","date_gmt":"2022-01-12T19:12:13","guid":{"rendered":"https:\/\/radiorevelacionfm.cl\/?p=12728"},"modified":"2022-01-12T16:12:13","modified_gmt":"2022-01-12T19:12:13","slug":"familias-de-rio-cisnes-y-canal-puyuhuapi-contaran-con-energia-mediante-paneles-fotovoltaicos","status":"publish","type":"post","link":"https:\/\/radiorevelacionfm.cl\/?p=12728","title":{"rendered":"Familias de Rio Cisnes y Canal Puyuhuapi contar\u00e1n con energ\u00eda mediante paneles fotovoltaicos"},"content":{"rendered":"<div class=\"flex_column av_one_full  flex_column_div av-zero-column-padding first  avia-builder-el-0  el_before_av_one_full  avia-builder-el-first  \" style='border-radius:0px; '><div  class='avia-image-container  av-styling-    avia-builder-el-1  avia-builder-el-no-sibling  avia-align-center '  itemprop=\"image\" itemscope=\"itemscope\" itemtype=\"https:\/\/schema.org\/ImageObject\"  ><div class='avia-image-container-inner'><div class='avia-image-overlay-wrap'><img decoding=\"async\" class='wp-image-12729 avia-img-lazy-loading-not-12729 avia_image' src=\"https:\/\/radiorevelacionfm.cl\/wp-content\/uploads\/2022\/01\/fotovoltaicos-cisnes-2-2_optimized.jpg\" alt='' title='fotovoltaicos-cisnes-2-2_optimized' height=\"600\" width=\"1067\"  itemprop=\"thumbnailUrl\" srcset=\"https:\/\/radiorevelacionfm.cl\/wp-content\/uploads\/2022\/01\/fotovoltaicos-cisnes-2-2_optimized.jpg 1067w, https:\/\/radiorevelacionfm.cl\/wp-content\/uploads\/2022\/01\/fotovoltaicos-cisnes-2-2_optimized-300x169.jpg 300w, https:\/\/radiorevelacionfm.cl\/wp-content\/uploads\/2022\/01\/fotovoltaicos-cisnes-2-2_optimized-1030x579.jpg 1030w, https:\/\/radiorevelacionfm.cl\/wp-content\/uploads\/2022\/01\/fotovoltaicos-cisnes-2-2_optimized-768x432.jpg 768w, https:\/\/radiorevelacionfm.cl\/wp-content\/uploads\/2022\/01\/fotovoltaicos-cisnes-2-2_optimized-705x396.jpg 705w, https:\/\/radiorevelacionfm.cl\/wp-content\/uploads\/2022\/01\/fotovoltaicos-cisnes-2-2_optimized-600x337.jpg 600w\" sizes=\"(max-width: 1067px) 100vw, 1067px\" \/><\/div><\/div><\/div><\/div><div class=\"flex_column av_one_full  flex_column_div av-zero-column-padding first  avia-builder-el-2  el_after_av_one_full  el_before_av_one_full  column-top-margin\" style='border-radius:0px; '><section class=\"av_textblock_section \"  itemscope=\"itemscope\" itemtype=\"https:\/\/schema.org\/BlogPosting\" itemprop=\"blogPost\" ><div class='avia_textblock  '   itemprop=\"text\" ><p style=\"text-align: center;\"><span style=\"font-size: 18pt;\"><strong>Familias de Rio Cisnes y Canal Puyuhuapi contar\u00e1n con energ\u00eda mediante paneles fotovoltaicos<\/strong><\/span><\/p>\n<div id=\"gtx-trans\" style=\"position: absolute; left: -50px; top: 4.31534px;\">\n<div class=\"gtx-trans-icon\"><\/div>\n<\/div>\n<\/div><\/section><\/div><div class=\"flex_column av_one_full  flex_column_div av-zero-column-padding first  avia-builder-el-4  el_after_av_one_full  el_before_av_hr  column-top-margin\" style='border-radius:0px; '><section class=\"av_textblock_section \"  itemscope=\"itemscope\" itemtype=\"https:\/\/schema.org\/BlogPosting\" itemprop=\"blogPost\" ><div class='avia_textblock  '   itemprop=\"text\" ><p style=\"text-align: justify;\">Con mucha alegr\u00eda recibieron las 18 familias beneficiadas de los sectores Rio Cisnes y Canal Puyuhuapi, la noticia anunciada por el Alcalde Francisco Roncagliolo y el Encargado de la Unidad Regional de Subdere Patricio Ulloa, respecto a que ya se encuentra disponible el financiamiento para ejecutar las iniciativas individuales de instalaci\u00f3n de paneles fotovoltaicos.<\/p>\n<p style=\"text-align: justify;\">Esto sin lugar a dudas, viene a significar un cambio radical para quienes por muchos a\u00f1os han debido usar otras alternativas. La idea tambi\u00e9n es que, se pueda apoyar la labor productiva en el campo mediante este tipo de beneficios, destac\u00f3 el Alcalde Roncagliolo.<\/p>\n<p style=\"text-align: justify;\">\u201cEste beneficio va a llegar a 18 familias que est\u00e1n en los distintos sectores cercanos a Puerto Cisnes, unos cercanos al rio Cisnes y otros tambi\u00e9n que est\u00e1n en el sector del Canal Puyuhuapi. Por lo tanto, lo que buscamos es acercar oportunidades a cada uno de los vecinos, que este beneficio los ayude, no solamente generando electricidad o luz, sino que tambi\u00e9n apoy\u00e1ndolos en llevar adelante sus sistemas productivos, fortaleciendo sus emprendimientos y generando los resguardos ante necesidades como guardar sus remedios o medicamente que necesitan refrigeraci\u00f3n. Este proyecto es integral, busca llegar a los lugares m\u00e1s aislados de la comuna y lo estamos logrando, as\u00ed es que, agradecido de Subdere, agradecido de nuestro equipo Secplan del Municipio y de la confianza de los vecinos, que sin eso, es imposible avanzar\u201d.<\/p>\n<p style=\"text-align: justify;\">El Encargado de la Unidad Regional de Subdere, Patricio Ulloa, asegur\u00f3 que con este tipo de proyectos, se est\u00e1n dando respuestas concretas a las necesidades de la gente.<\/p>\n<p style=\"text-align: justify;\">\u201cLa Municipalidad de Cisnes ha presentado estos proyectos, para dotar de energ\u00eda el\u00e9ctrica al campo, lo que es muy bueno, por un lado mejoran la calidad de vida, pero tambi\u00e9n pueden iniciar otros proceso m\u00e1s productivos en el campo, por ejemplo, instalar un refrigerador u otra cosa. Por lo tanto, creemos que la Municipalidad, su Alcalde, su Concejo, su equipo municipal, est\u00e1n dando respuestas muy concretas a la gente del campo, a los pobladores, pobladoras, que viven en distintos lugares aislados. Creemos que han hecho un trabajo extraordinario en presentar proyectos a la Subsecretaria de Desarrollado Regional, as\u00ed es que felicitarlos, al igual que a las familias que son las beneficiadas\u201d.<\/p>\n<p style=\"text-align: justify;\">Por su parte, Miriam Castillo, secretaria del comit\u00e9 de electrificaci\u00f3n fotovoltaica \u201cHijos de Pioneros\u201d, solo tuvo palabras de agradecimiento, al Alcalde, al equipo Municipal, a la Subdere y a todos quienes hicieron posible esta iniciativa.<\/p>\n<p style=\"text-align: justify;\">\u201cMuy contentos porque esto va a ser una gran ayuda para todos los del comit\u00e9, los que est\u00e1n esperando por a\u00f1os poder tener este gran proyecto. La red que hay no llega a los lugares donde est\u00e1n estas personas, todas las familias son de lugares muy apartados, tanto los de la costa como los de los kil\u00f3metros, porque muchos viven al otro lado del rio y no tiene como llegar el tendido el\u00e9ctrico. A las autoridades y al equipo municipal, se les agradece much\u00edsimo su trabajo, porque son ellos la principal fuente donde nosotros nos afirmamos para nos ayuden con el tr\u00e1mite, el c\u00e1lculo, con todo\u201d.<\/p>\n<p style=\"text-align: justify;\">Es importante se\u00f1alar que, el Gobierno Regional de Ays\u00e9n transfiri\u00f3 recursos a la Subdere y este organismo los baja a los municipios, en este caso, a la Municipalidad de Cisnes para ejecutar el proyecto que permitir\u00e1 a 18 familias de los sectores Rio Cisnes y Canal Puyuhuapi, contar en los pr\u00f3ximos meses con energ\u00eda el\u00e9ctrica mediante paneles fotovoltaicos.<\/p>\n<\/div><\/section><\/div><div  style='height:50px' class='hr hr-invisible   avia-builder-el-6  el_after_av_one_full  el_before_av_social_share '><span class='hr-inner ' ><span class='hr-inner-style'><\/span><\/span><\/div><\/p>\n<div  class='av-social-sharing-box  avia-builder-el-7  el_after_av_hr  el_before_av_hr  '><div class='av-share-box'><h5 class='av-share-link-description av-no-toc '>Compartir esta noticia<\/h5><ul class='av-share-box-list noLightbox'><li class='av-share-link av-social-link-facebook' ><a target=\"_blank\" aria-label=\"Compartir en Facebook\" href='https:\/\/www.facebook.com\/sharer.php?u=https:\/\/radiorevelacionfm.cl\/?p=12728&#038;t=Familias%20de%20Rio%20Cisnes%20y%20Canal%20Puyuhuapi%20contar%C3%A1n%20con%20energ%C3%ADa%20mediante%20paneles%20fotovoltaicos' aria-hidden='false' data-av_icon='\ue8f3' data-av_iconfont='entypo-fontello' title='' data-avia-related-tooltip='Compartir en Facebook' rel=\"noopener\"><span class='avia_hidden_link_text'>Compartir en Facebook<\/span><\/a><\/li><li class='av-share-link av-social-link-twitter' ><a target=\"_blank\" aria-label=\"Compartir en Twitter\" href='https:\/\/twitter.com\/share?text=Familias%20de%20Rio%20Cisnes%20y%20Canal%20Puyuhuapi%20contar%C3%A1n%20con%20energ%C3%ADa%20mediante%20paneles%20fotovoltaicos&#038;url=https:\/\/radiorevelacionfm.cl\/?p=12728' aria-hidden='false' data-av_icon='\ue8f1' data-av_iconfont='entypo-fontello' title='' data-avia-related-tooltip='Compartir en Twitter' rel=\"noopener\"><span class='avia_hidden_link_text'>Compartir en Twitter<\/span><\/a><\/li><li class='av-share-link av-social-link-whatsapp' ><a target=\"_blank\" aria-label=\"Compartir en Whatsapp\" href='https:\/\/api.whatsapp.com\/send?text=https:\/\/radiorevelacionfm.cl\/?p=12728' aria-hidden='false' data-av_icon='\uf232' data-av_iconfont='entypo-fontello' title='' data-avia-related-tooltip='Compartir en Whatsapp' rel=\"noopener\"><span class='avia_hidden_link_text'>Compartir en Whatsapp<\/span><\/a><\/li><li class='av-share-link av-social-link-linkedin' ><a target=\"_blank\" aria-label=\"Compartir en LinkedIn\" href='https:\/\/linkedin.com\/shareArticle?mini=true&#038;title=Familias%20de%20Rio%20Cisnes%20y%20Canal%20Puyuhuapi%20contar%C3%A1n%20con%20energ%C3%ADa%20mediante%20paneles%20fotovoltaicos&#038;url=https:\/\/radiorevelacionfm.cl\/?p=12728' aria-hidden='false' data-av_icon='\ue8fc' data-av_iconfont='entypo-fontello' title='' data-avia-related-tooltip='Compartir en LinkedIn' rel=\"noopener\"><span class='avia_hidden_link_text'>Compartir en LinkedIn<\/span><\/a><\/li><li class='av-share-link av-social-link-mail' ><a  aria-label=\"Compartir por correo\" href='mailto:?subject=Familias%20de%20Rio%20Cisnes%20y%20Canal%20Puyuhuapi%20contar%C3%A1n%20con%20energ%C3%ADa%20mediante%20paneles%20fotovoltaicos&#038;body=https:\/\/radiorevelacionfm.cl\/?p=12728' aria-hidden='false' data-av_icon='\ue805' data-av_iconfont='entypo-fontello' title='' data-avia-related-tooltip='Compartir por correo'><span class='avia_hidden_link_text'>Compartir por correo<\/span><\/a><\/li><\/ul><\/div><\/div>\n<div  style='height:50px' class='hr hr-invisible   avia-builder-el-8  el_after_av_social_share  el_before_av_comments_list '><span class='hr-inner ' ><span class='hr-inner-style'><\/span><\/span><\/div>\n<div  class='av-buildercomment  av-blog-meta-html-info-disabled av-blog-meta-tag-disabled  '><\/div>\n","protected":false},"excerpt":{"rendered":"","protected":false},"author":1,"featured_media":12729,"comment_status":"open","ping_status":"open","sticky":false,"template":"","format":"standard","meta":{"footnotes":""},"categories":[38],"tags":[],"class_list":["post-12728","post","type-post","status-publish","format-standard","has-post-thumbnail","hentry","category-regional"],"jetpack_featured_media_url":"https:\/\/radiorevelacionfm.cl\/wp-content\/uploads\/2022\/01\/fotovoltaicos-cisnes-2-2_optimized.jpg","_links":{"self":[{"href":"https:\/\/radiorevelacionfm.cl\/index.php?rest_route=\/wp\/v2\/posts\/12728","targetHints":{"allow":["GET"]}}],"collection":[{"href":"https:\/\/radiorevelacionfm.cl\/index.php?rest_route=\/wp\/v2\/posts"}],"about":[{"href":"https:\/\/radiorevelacionfm.cl\/index.php?rest_route=\/wp\/v2\/types\/post"}],"author":[{"embeddable":true,"href":"https:\/\/radiorevelacionfm.cl\/index.php?rest_route=\/wp\/v2\/users\/1"}],"replies":[{"embeddable":true,"href":"https:\/\/radiorevelacionfm.cl\/index.php?rest_route=%2Fwp%2Fv2%2Fcomments&post=12728"}],"version-history":[{"count":2,"href":"https:\/\/radiorevelacionfm.cl\/index.php?rest_route=\/wp\/v2\/posts\/12728\/revisions"}],"predecessor-version":[{"id":12731,"href":"https:\/\/radiorevelacionfm.cl\/index.php?rest_route=\/wp\/v2\/posts\/12728\/revisions\/12731"}],"wp:featuredmedia":[{"embeddable":true,"href":"https:\/\/radiorevelacionfm.cl\/index.php?rest_route=\/wp\/v2\/media\/12729"}],"wp:attachment":[{"href":"https:\/\/radiorevelacionfm.cl\/index.php?rest_route=%2Fwp%2Fv2%2Fmedia&parent=12728"}],"wp:term":[{"taxonomy":"category","embeddable":true,"href":"https:\/\/radiorevelacionfm.cl\/index.php?rest_route=%2Fwp%2Fv2%2Fcategories&post=12728"},{"taxonomy":"post_tag","embeddable":true,"href":"https:\/\/radiorevelacionfm.cl\/index.php?rest_route=%2Fwp%2Fv2%2Ftags&post=12728"}],"curies":[{"name":"wp","href":"https:\/\/api.w.org\/{rel}","templated":true}]}}