{"id":12724,"date":"2022-01-12T11:19:00","date_gmt":"2022-01-12T14:19:00","guid":{"rendered":"https:\/\/radiorevelacionfm.cl\/?p=12724"},"modified":"2022-01-12T11:19:00","modified_gmt":"2022-01-12T14:19:00","slug":"innova-fosis-abre-postulacion-para-desafios-2022-convocando-a-sociedad-civil-sector-privado-y-academia","status":"publish","type":"post","link":"https:\/\/radiorevelacionfm.cl\/?p=12724","title":{"rendered":"Innova FOSIS abre postulaci\u00f3n para desaf\u00edos 2022 convocando a sociedad civil, sector privado y academia"},"content":{"rendered":"<div class=\"flex_column av_one_full  flex_column_div av-zero-column-padding first  avia-builder-el-0  el_before_av_one_full  avia-builder-el-first  \" style='border-radius:0px; '><div  class='avia-image-container  av-styling-    avia-builder-el-1  avia-builder-el-no-sibling  avia-align-center '  itemprop=\"image\" itemscope=\"itemscope\" itemtype=\"https:\/\/schema.org\/ImageObject\"  ><div class='avia-image-container-inner'><div class='avia-image-overlay-wrap'><img decoding=\"async\" class='wp-image-12725 avia-img-lazy-loading-not-12725 avia_image' src=\"https:\/\/radiorevelacionfm.cl\/wp-content\/uploads\/2022\/01\/Innova-FOSIS-1-2-2.jpg\" alt='' title='Innova FOSIS 1-2-2' height=\"600\" width=\"1081\"  itemprop=\"thumbnailUrl\" srcset=\"https:\/\/radiorevelacionfm.cl\/wp-content\/uploads\/2022\/01\/Innova-FOSIS-1-2-2.jpg 1081w, https:\/\/radiorevelacionfm.cl\/wp-content\/uploads\/2022\/01\/Innova-FOSIS-1-2-2-300x167.jpg 300w, https:\/\/radiorevelacionfm.cl\/wp-content\/uploads\/2022\/01\/Innova-FOSIS-1-2-2-1030x572.jpg 1030w, https:\/\/radiorevelacionfm.cl\/wp-content\/uploads\/2022\/01\/Innova-FOSIS-1-2-2-768x426.jpg 768w, https:\/\/radiorevelacionfm.cl\/wp-content\/uploads\/2022\/01\/Innova-FOSIS-1-2-2-705x391.jpg 705w, https:\/\/radiorevelacionfm.cl\/wp-content\/uploads\/2022\/01\/Innova-FOSIS-1-2-2-600x333.jpg 600w\" sizes=\"(max-width: 1081px) 100vw, 1081px\" \/><\/div><\/div><\/div><\/div><div class=\"flex_column av_one_full  flex_column_div av-zero-column-padding first  avia-builder-el-2  el_after_av_one_full  el_before_av_one_full  column-top-margin\" style='border-radius:0px; '><section class=\"av_textblock_section \"  itemscope=\"itemscope\" itemtype=\"https:\/\/schema.org\/BlogPosting\" itemprop=\"blogPost\" ><div class='avia_textblock  '   itemprop=\"text\" ><div style=\"text-align: center;\"><span style=\"font-size: 18pt;\"><b>Innova FOSIS abre postulaci\u00f3n para desaf\u00edos 2022 convocando a sociedad civil, sector privado y academia<\/b><\/span><\/div>\n<div id=\"gtx-trans\" style=\"position: absolute; left: -50px; top: 4.31534px;\">\n<div class=\"gtx-trans-icon\"><\/div>\n<\/div>\n<\/div><\/section><\/div><div class=\"flex_column av_one_full  flex_column_div av-zero-column-padding first  avia-builder-el-4  el_after_av_one_full  el_before_av_hr  column-top-margin\" style='border-radius:0px; '><section class=\"av_textblock_section \"  itemscope=\"itemscope\" itemtype=\"https:\/\/schema.org\/BlogPosting\" itemprop=\"blogPost\" ><div class='avia_textblock  '   itemprop=\"text\" ><p style=\"text-align: justify;\">Innova FOSIS es un programa de pilotaje, impulsado por el Fondo de Solidaridad e Inversi\u00f3n Social, FOSIS, que busca soluciones innovadoras que generen nuevas respuestas a desaf\u00edos que se enfrentan en el din\u00e1mico contexto de la pobreza y vulnerabilidad social.<\/p>\n<p style=\"text-align: justify;\">Esta iniciativa, orientada a contribuir en la creaci\u00f3n de programas atingentes a la realidad de las personas y efectivos en la resoluci\u00f3n de sus necesidades, presenta 3 desaf\u00edos para este 2022: Ingresos aut\u00f3nomos y sostenibles para j\u00f3venes, en sociedad con Sename; Reinserci\u00f3n social con enfoque territorial, en sociedad con Gendarmer\u00eda; y J\u00f3venes y digitalizaci\u00f3n de negocios locales, en sociedad con Ministerio de Econom\u00eda.<\/p>\n<p style=\"text-align: justify;\">Dominique Br\u00e4utigam, Directora Regional del FOSIS en Ays\u00e9n, hizo un llamado a las distintas entidades con presencia en el territorio a postular y participar de los desaf\u00edos para este a\u00f1o. \u201cQueremos invitar a todas las organizaciones de la sociedad civil, instituciones privadas con y sin fines de lucro y al mundo de la academia presentes en la regi\u00f3n de Ays\u00e9n, a informarse y postular de los desaf\u00edos que tiene el Innova FOSIS para este a\u00f1o, a trav\u00e9s del sitio web innova.fosis.cl. Es importante que como regi\u00f3n podamos aportar, hacernos cargo y proponer, desde nuestra realidad territorial, soluciones innovadoras para problem\u00e1ticas hist\u00f3ricas que nos gustar\u00eda contribuir a resolver.\u201d<\/p>\n<p style=\"text-align: justify;\">Para este a\u00f1o Innova FOSIS dispone de un total de $500 millones, para financiar 10 proyectos en el pa\u00eds con $50 millones cada uno. FOSIS realizar\u00e1 acompa\u00f1amiento y guiado en la ejecuci\u00f3n del proyecto para transformarlo en pol\u00edtica p\u00fablica.<\/p>\n<p style=\"text-align: justify;\"><strong>Desaf\u00edos 2022<\/strong><\/p>\n<p style=\"text-align: justify;\">Ingresos aut\u00f3nomos y sostenibles para j\u00f3venes: \u00bfC\u00f3mo podr\u00edamos desarrollar un sistema sostenible de generaci\u00f3n de ingresos aut\u00f3nomos para personas mayores de 18 a\u00f1os privadas de libertad, que permanecen en el sistema de justicia juvenil?<\/p>\n<p style=\"text-align: justify;\">Reinserci\u00f3n social con enfoque territorial: \u00bfC\u00f3mo podr\u00edamos favorecer la integraci\u00f3n en la comunidad y la reinserci\u00f3n social de las personas que cumplen su pena en el medio libre, con un enfoque territorial y centrado en sus necesidades?<\/p>\n<p style=\"text-align: justify;\">J\u00f3venes y digitalizaci\u00f3n de negocios locales: \u00bfC\u00f3mo podr\u00edamos potenciar el rol de los j\u00f3venes en el proceso de digitalizaci\u00f3n de los negocios de su comunidad?<\/p>\n<\/div><\/section><\/div><div  style='height:50px' class='hr hr-invisible   avia-builder-el-6  el_after_av_one_full  el_before_av_social_share '><span class='hr-inner ' ><span class='hr-inner-style'><\/span><\/span><\/div><\/p>\n<div  class='av-social-sharing-box  avia-builder-el-7  el_after_av_hr  el_before_av_hr  '><div class='av-share-box'><h5 class='av-share-link-description av-no-toc '>Compartir esta noticia<\/h5><ul class='av-share-box-list noLightbox'><li class='av-share-link av-social-link-facebook' ><a target=\"_blank\" aria-label=\"Compartir en Facebook\" href='https:\/\/www.facebook.com\/sharer.php?u=https:\/\/radiorevelacionfm.cl\/?p=12724&#038;t=Innova%20FOSIS%20abre%20postulaci%C3%B3n%20para%20desaf%C3%ADos%202022%20convocando%20a%20sociedad%20civil%2C%20sector%20privado%20y%20academia' aria-hidden='false' data-av_icon='\ue8f3' data-av_iconfont='entypo-fontello' title='' data-avia-related-tooltip='Compartir en Facebook' rel=\"noopener\"><span class='avia_hidden_link_text'>Compartir en Facebook<\/span><\/a><\/li><li class='av-share-link av-social-link-twitter' ><a target=\"_blank\" aria-label=\"Compartir en Twitter\" href='https:\/\/twitter.com\/share?text=Innova%20FOSIS%20abre%20postulaci%C3%B3n%20para%20desaf%C3%ADos%202022%20convocando%20a%20sociedad%20civil%2C%20sector%20privado%20y%20academia&#038;url=https:\/\/radiorevelacionfm.cl\/?p=12724' aria-hidden='false' data-av_icon='\ue8f1' data-av_iconfont='entypo-fontello' title='' data-avia-related-tooltip='Compartir en Twitter' rel=\"noopener\"><span class='avia_hidden_link_text'>Compartir en Twitter<\/span><\/a><\/li><li class='av-share-link av-social-link-whatsapp' ><a target=\"_blank\" aria-label=\"Compartir en Whatsapp\" href='https:\/\/api.whatsapp.com\/send?text=https:\/\/radiorevelacionfm.cl\/?p=12724' aria-hidden='false' data-av_icon='\uf232' data-av_iconfont='entypo-fontello' title='' data-avia-related-tooltip='Compartir en Whatsapp' rel=\"noopener\"><span class='avia_hidden_link_text'>Compartir en Whatsapp<\/span><\/a><\/li><li class='av-share-link av-social-link-linkedin' ><a target=\"_blank\" aria-label=\"Compartir en LinkedIn\" href='https:\/\/linkedin.com\/shareArticle?mini=true&#038;title=Innova%20FOSIS%20abre%20postulaci%C3%B3n%20para%20desaf%C3%ADos%202022%20convocando%20a%20sociedad%20civil%2C%20sector%20privado%20y%20academia&#038;url=https:\/\/radiorevelacionfm.cl\/?p=12724' aria-hidden='false' data-av_icon='\ue8fc' data-av_iconfont='entypo-fontello' title='' data-avia-related-tooltip='Compartir en LinkedIn' rel=\"noopener\"><span class='avia_hidden_link_text'>Compartir en LinkedIn<\/span><\/a><\/li><li class='av-share-link av-social-link-mail' ><a  aria-label=\"Compartir por correo\" href='mailto:?subject=Innova%20FOSIS%20abre%20postulaci%C3%B3n%20para%20desaf%C3%ADos%202022%20convocando%20a%20sociedad%20civil%2C%20sector%20privado%20y%20academia&#038;body=https:\/\/radiorevelacionfm.cl\/?p=12724' aria-hidden='false' data-av_icon='\ue805' data-av_iconfont='entypo-fontello' title='' data-avia-related-tooltip='Compartir por correo'><span class='avia_hidden_link_text'>Compartir por correo<\/span><\/a><\/li><\/ul><\/div><\/div>\n<div  style='height:50px' class='hr hr-invisible   avia-builder-el-8  el_after_av_social_share  el_before_av_comments_list '><span class='hr-inner ' ><span class='hr-inner-style'><\/span><\/span><\/div>\n<div  class='av-buildercomment  av-blog-meta-html-info-disabled av-blog-meta-tag-disabled  '><\/div>\n","protected":false},"excerpt":{"rendered":"","protected":false},"author":1,"featured_media":12725,"comment_status":"open","ping_status":"open","sticky":false,"template":"","format":"standard","meta":{"footnotes":""},"categories":[38],"tags":[],"class_list":["post-12724","post","type-post","status-publish","format-standard","has-post-thumbnail","hentry","category-regional"],"jetpack_featured_media_url":"https:\/\/radiorevelacionfm.cl\/wp-content\/uploads\/2022\/01\/Innova-FOSIS-1-2-2.jpg","_links":{"self":[{"href":"https:\/\/radiorevelacionfm.cl\/index.php?rest_route=\/wp\/v2\/posts\/12724","targetHints":{"allow":["GET"]}}],"collection":[{"href":"https:\/\/radiorevelacionfm.cl\/index.php?rest_route=\/wp\/v2\/posts"}],"about":[{"href":"https:\/\/radiorevelacionfm.cl\/index.php?rest_route=\/wp\/v2\/types\/post"}],"author":[{"embeddable":true,"href":"https:\/\/radiorevelacionfm.cl\/index.php?rest_route=\/wp\/v2\/users\/1"}],"replies":[{"embeddable":true,"href":"https:\/\/radiorevelacionfm.cl\/index.php?rest_route=%2Fwp%2Fv2%2Fcomments&post=12724"}],"version-history":[{"count":2,"href":"https:\/\/radiorevelacionfm.cl\/index.php?rest_route=\/wp\/v2\/posts\/12724\/revisions"}],"predecessor-version":[{"id":12727,"href":"https:\/\/radiorevelacionfm.cl\/index.php?rest_route=\/wp\/v2\/posts\/12724\/revisions\/12727"}],"wp:featuredmedia":[{"embeddable":true,"href":"https:\/\/radiorevelacionfm.cl\/index.php?rest_route=\/wp\/v2\/media\/12725"}],"wp:attachment":[{"href":"https:\/\/radiorevelacionfm.cl\/index.php?rest_route=%2Fwp%2Fv2%2Fmedia&parent=12724"}],"wp:term":[{"taxonomy":"category","embeddable":true,"href":"https:\/\/radiorevelacionfm.cl\/index.php?rest_route=%2Fwp%2Fv2%2Fcategories&post=12724"},{"taxonomy":"post_tag","embeddable":true,"href":"https:\/\/radiorevelacionfm.cl\/index.php?rest_route=%2Fwp%2Fv2%2Ftags&post=12724"}],"curies":[{"name":"wp","href":"https:\/\/api.w.org\/{rel}","templated":true}]}}