{"id":12716,"date":"2022-01-12T10:26:22","date_gmt":"2022-01-12T13:26:22","guid":{"rendered":"https:\/\/radiorevelacionfm.cl\/?p=12716"},"modified":"2022-01-12T10:26:22","modified_gmt":"2022-01-12T13:26:22","slug":"bienes-nacionales-entrega-concesion-que-permitira-la-reposicion-de-la-escuela-espana","status":"publish","type":"post","link":"https:\/\/radiorevelacionfm.cl\/?p=12716","title":{"rendered":"Bienes Nacionales entrega concesi\u00f3n que permitir\u00e1 la reposici\u00f3n de la Escuela Espa\u00f1a"},"content":{"rendered":"<div class=\"flex_column av_one_full  flex_column_div av-zero-column-padding first  avia-builder-el-0  el_before_av_one_full  avia-builder-el-first  \" style='border-radius:0px; '><div  class='avia-image-container  av-styling-    avia-builder-el-1  avia-builder-el-no-sibling  avia-align-center '  itemprop=\"image\" itemscope=\"itemscope\" itemtype=\"https:\/\/schema.org\/ImageObject\"  ><div class='avia-image-container-inner'><div class='avia-image-overlay-wrap'><img decoding=\"async\" class='wp-image-12717 avia-img-lazy-loading-not-12717 avia_image' src=\"https:\/\/radiorevelacionfm.cl\/wp-content\/uploads\/2022\/01\/2-3-2-2.jpeg\" alt='' title='2-3-2-2' height=\"600\" width=\"901\"  itemprop=\"thumbnailUrl\" srcset=\"https:\/\/radiorevelacionfm.cl\/wp-content\/uploads\/2022\/01\/2-3-2-2.jpeg 901w, https:\/\/radiorevelacionfm.cl\/wp-content\/uploads\/2022\/01\/2-3-2-2-300x200.jpeg 300w, https:\/\/radiorevelacionfm.cl\/wp-content\/uploads\/2022\/01\/2-3-2-2-768x511.jpeg 768w, https:\/\/radiorevelacionfm.cl\/wp-content\/uploads\/2022\/01\/2-3-2-2-705x469.jpeg 705w, https:\/\/radiorevelacionfm.cl\/wp-content\/uploads\/2022\/01\/2-3-2-2-600x400.jpeg 600w\" sizes=\"(max-width: 901px) 100vw, 901px\" \/><\/div><\/div><\/div><\/div><div class=\"flex_column av_one_full  flex_column_div av-zero-column-padding first  avia-builder-el-2  el_after_av_one_full  el_before_av_one_full  column-top-margin\" style='border-radius:0px; '><section class=\"av_textblock_section \"  itemscope=\"itemscope\" itemtype=\"https:\/\/schema.org\/BlogPosting\" itemprop=\"blogPost\" ><div class='avia_textblock  '   itemprop=\"text\" ><p style=\"text-align: center;\"><span style=\"font-size: 18pt;\"><strong>Bienes Nacionales entrega concesi\u00f3n que permitir\u00e1 la reposici\u00f3n de la Escuela Espa\u00f1a<\/strong><\/span><\/p>\n<div id=\"gtx-trans\" style=\"position: absolute; left: -50px; top: 4.31534px;\">\n<div class=\"gtx-trans-icon\"><\/div>\n<\/div>\n<\/div><\/section><\/div><div class=\"flex_column av_one_full  flex_column_div av-zero-column-padding first  avia-builder-el-4  el_after_av_one_full  el_before_av_hr  column-top-margin\" style='border-radius:0px; '><section class=\"av_textblock_section \"  itemscope=\"itemscope\" itemtype=\"https:\/\/schema.org\/BlogPosting\" itemprop=\"blogPost\" ><div class='avia_textblock  '   itemprop=\"text\" ><p style=\"text-align: justify;\">En el patio de la emblem\u00e1tica Escuela Diferencial Espa\u00f1a, el ministro (S) de Bienes Nacionales, \u00c1lvaro Pillado, el alcalde de la comuna de Coyhaique, Carlos Gatica, autoridades de Ays\u00e9n y familias de la comunidad, se oficializ\u00f3 el traspaso del terreno -desde el Fisco de Chile al Municipio- que implica la Concesi\u00f3n Gratuita por 5 a\u00f1os.<\/p>\n<p style=\"text-align: justify;\">Gracias a esta fusi\u00f3n se podr\u00e1 dar continuidad a las siguientes etapas del proyecto de infraestructura, que implican abordar la reposici\u00f3n del establecimiento Escuela Diferencial Espa\u00f1a, adem\u00e1s de incorporar nuevos recintos a fin de dar cumplimiento normativo y generar condiciones \u00f3ptimas para la comunidad educativa. \u201cEsta es una noticia muy importante para la regi\u00f3n de Ays\u00e9n y particularmente para la comunidad educativa del establecimiento, esto es algo que las familias y las autoridades locales estaban buscando hace mucho tiempo y finalmente se concret\u00f3 hoy d\u00eda con el traspaso al municipio, instituci\u00f3n que ahora tiene el control total del terreno, requisito indispensable para comenzar a trabajar en la obtenci\u00f3n de los recursos que permitan definitivamente avanzar en la reposici\u00f3n total de la escuela\u201d, asegur\u00f3, \u00c1lvaro Pillado, Ministro (S) de Bienes Nacionales.<\/p>\n<p style=\"text-align: justify;\">Hay que recordar que el inmueble que ha albergado al establecimiento por m\u00e1s de 45 a\u00f1os, a varias generaciones de alumnos, se encontraba en un terreno cuyos propietarios eran el fisco y el municipio, es as\u00ed que desde Bienes Nacionales se realiz\u00f3 la fusi\u00f3n de los lotes, para posteriormente otorgados en administraci\u00f3n a la municipalidad.<\/p>\n<p style=\"text-align: justify;\">En la misma l\u00ednea, el alcalde de la comuna de Coyhaique, Carlos Gatica, explic\u00f3 que \u201cluego de varias reuniones y largos procesos administrativos hoy d\u00eda Bienes Nacionales ha podido hacer entrega de una concesi\u00f3n de este inmueble, que ya est\u00e1 unificado; que est\u00e1 enrolada en un solo pa\u00f1o, algo que era parte de las observaciones que ten\u00edamos en el Ministerio de Desarrollo Social y que nos imped\u00eda obtener la Recomendaci\u00f3n Satisfactoria (RS), con esto avanzamos a un sue\u00f1o de muchas familias que se educaron y que actualmente asisten a esta escuela\u201d.<\/p>\n<p style=\"text-align: justify;\">En representaci\u00f3n de la comunidad educativa, el presidente Centro de Padres y Apoderados de la Escuela Diferencial Espa\u00f1a, Santos M\u00e1rquez, destac\u00f3 la entrega. \u201cMe gustar\u00eda reconocer el trabajo del Ministerio de Bienes Nacionales y especialmente el de la Seremi Ana Mar\u00eda Mora, con quien en un principio conversamos que esto podr\u00eda haber tardado mucho m\u00e1s, y se logr\u00f3 acortar bastante los plazos, logr\u00e1ndose la fusi\u00f3n del inmueble dentro de este a\u00f1o, con lo que podemos avanzar en este tan anhelado proyecto\u201d.<\/p>\n<p style=\"text-align: justify;\">En el acto de entrega tambi\u00e9n estuvieron presentes, la Delegada Presidencial Regional Ays\u00e9n, Margarita Ossa Rojas, el Gobernador Regional (S) de Ays\u00e9n Oscar del Solar, la Seremi Bienes Nacionales Ays\u00e9n, Ana Mar\u00eda Mora, el Seremi de Educaci\u00f3n Ays\u00e9n, Sergio Becerra Mera, el Director del Departamento de Educaci\u00f3n Municipal, Marco Campos, Consejeros Regionales, Concejales de la comuna de Coyhaique, parte del cuerpo docente, padres, apoderados y alumnos de la Escuela.<\/p>\n<p style=\"text-align: justify;\">En la ceremonia, adem\u00e1s se realiz\u00f3 un reconocimiento a la ex directora de la Escuela Diferencial Espa\u00f1a, Aurora Alfaro, profesora normalista que lider\u00f3 por m\u00e1s de 20 a\u00f1os el establecimiento educacional.<\/p>\n<\/div><\/section><\/div><div  style='height:50px' class='hr hr-invisible   avia-builder-el-6  el_after_av_one_full  el_before_av_social_share '><span class='hr-inner ' ><span class='hr-inner-style'><\/span><\/span><\/div><\/p>\n<div  class='av-social-sharing-box  avia-builder-el-7  el_after_av_hr  el_before_av_hr  '><div class='av-share-box'><h5 class='av-share-link-description av-no-toc '>Compartir esta noticia<\/h5><ul class='av-share-box-list noLightbox'><li class='av-share-link av-social-link-facebook' ><a target=\"_blank\" aria-label=\"Compartir en Facebook\" href='https:\/\/www.facebook.com\/sharer.php?u=https:\/\/radiorevelacionfm.cl\/?p=12716&#038;t=Bienes%20Nacionales%20entrega%20concesi%C3%B3n%20que%20permitir%C3%A1%20la%20reposici%C3%B3n%20de%20la%20Escuela%20Espa%C3%B1a' aria-hidden='false' data-av_icon='\ue8f3' data-av_iconfont='entypo-fontello' title='' data-avia-related-tooltip='Compartir en Facebook' rel=\"noopener\"><span class='avia_hidden_link_text'>Compartir en Facebook<\/span><\/a><\/li><li class='av-share-link av-social-link-twitter' ><a target=\"_blank\" aria-label=\"Compartir en Twitter\" href='https:\/\/twitter.com\/share?text=Bienes%20Nacionales%20entrega%20concesi%C3%B3n%20que%20permitir%C3%A1%20la%20reposici%C3%B3n%20de%20la%20Escuela%20Espa%C3%B1a&#038;url=https:\/\/radiorevelacionfm.cl\/?p=12716' aria-hidden='false' data-av_icon='\ue8f1' data-av_iconfont='entypo-fontello' title='' data-avia-related-tooltip='Compartir en Twitter' rel=\"noopener\"><span class='avia_hidden_link_text'>Compartir en Twitter<\/span><\/a><\/li><li class='av-share-link av-social-link-whatsapp' ><a target=\"_blank\" aria-label=\"Compartir en Whatsapp\" href='https:\/\/api.whatsapp.com\/send?text=https:\/\/radiorevelacionfm.cl\/?p=12716' aria-hidden='false' data-av_icon='\uf232' data-av_iconfont='entypo-fontello' title='' data-avia-related-tooltip='Compartir en Whatsapp' rel=\"noopener\"><span class='avia_hidden_link_text'>Compartir en Whatsapp<\/span><\/a><\/li><li class='av-share-link av-social-link-linkedin' ><a target=\"_blank\" aria-label=\"Compartir en LinkedIn\" href='https:\/\/linkedin.com\/shareArticle?mini=true&#038;title=Bienes%20Nacionales%20entrega%20concesi%C3%B3n%20que%20permitir%C3%A1%20la%20reposici%C3%B3n%20de%20la%20Escuela%20Espa%C3%B1a&#038;url=https:\/\/radiorevelacionfm.cl\/?p=12716' aria-hidden='false' data-av_icon='\ue8fc' data-av_iconfont='entypo-fontello' title='' data-avia-related-tooltip='Compartir en LinkedIn' rel=\"noopener\"><span class='avia_hidden_link_text'>Compartir en LinkedIn<\/span><\/a><\/li><li class='av-share-link av-social-link-mail' ><a  aria-label=\"Compartir por correo\" href='mailto:?subject=Bienes%20Nacionales%20entrega%20concesi%C3%B3n%20que%20permitir%C3%A1%20la%20reposici%C3%B3n%20de%20la%20Escuela%20Espa%C3%B1a&#038;body=https:\/\/radiorevelacionfm.cl\/?p=12716' aria-hidden='false' data-av_icon='\ue805' data-av_iconfont='entypo-fontello' title='' data-avia-related-tooltip='Compartir por correo'><span class='avia_hidden_link_text'>Compartir por correo<\/span><\/a><\/li><\/ul><\/div><\/div>\n<div  style='height:50px' class='hr hr-invisible   avia-builder-el-8  el_after_av_social_share  el_before_av_comments_list '><span class='hr-inner ' ><span class='hr-inner-style'><\/span><\/span><\/div>\n<div  class='av-buildercomment  av-blog-meta-html-info-disabled av-blog-meta-tag-disabled  '><\/div>\n","protected":false},"excerpt":{"rendered":"","protected":false},"author":1,"featured_media":12717,"comment_status":"open","ping_status":"open","sticky":false,"template":"","format":"standard","meta":{"footnotes":""},"categories":[38],"tags":[],"class_list":["post-12716","post","type-post","status-publish","format-standard","has-post-thumbnail","hentry","category-regional"],"jetpack_featured_media_url":"https:\/\/radiorevelacionfm.cl\/wp-content\/uploads\/2022\/01\/2-3-2-2.jpeg","_links":{"self":[{"href":"https:\/\/radiorevelacionfm.cl\/index.php?rest_route=\/wp\/v2\/posts\/12716","targetHints":{"allow":["GET"]}}],"collection":[{"href":"https:\/\/radiorevelacionfm.cl\/index.php?rest_route=\/wp\/v2\/posts"}],"about":[{"href":"https:\/\/radiorevelacionfm.cl\/index.php?rest_route=\/wp\/v2\/types\/post"}],"author":[{"embeddable":true,"href":"https:\/\/radiorevelacionfm.cl\/index.php?rest_route=\/wp\/v2\/users\/1"}],"replies":[{"embeddable":true,"href":"https:\/\/radiorevelacionfm.cl\/index.php?rest_route=%2Fwp%2Fv2%2Fcomments&post=12716"}],"version-history":[{"count":2,"href":"https:\/\/radiorevelacionfm.cl\/index.php?rest_route=\/wp\/v2\/posts\/12716\/revisions"}],"predecessor-version":[{"id":12719,"href":"https:\/\/radiorevelacionfm.cl\/index.php?rest_route=\/wp\/v2\/posts\/12716\/revisions\/12719"}],"wp:featuredmedia":[{"embeddable":true,"href":"https:\/\/radiorevelacionfm.cl\/index.php?rest_route=\/wp\/v2\/media\/12717"}],"wp:attachment":[{"href":"https:\/\/radiorevelacionfm.cl\/index.php?rest_route=%2Fwp%2Fv2%2Fmedia&parent=12716"}],"wp:term":[{"taxonomy":"category","embeddable":true,"href":"https:\/\/radiorevelacionfm.cl\/index.php?rest_route=%2Fwp%2Fv2%2Fcategories&post=12716"},{"taxonomy":"post_tag","embeddable":true,"href":"https:\/\/radiorevelacionfm.cl\/index.php?rest_route=%2Fwp%2Fv2%2Ftags&post=12716"}],"curies":[{"name":"wp","href":"https:\/\/api.w.org\/{rel}","templated":true}]}}