{"id":12710,"date":"2022-01-15T12:18:01","date_gmt":"2022-01-15T15:18:01","guid":{"rendered":"https:\/\/radiorevelacionfm.cl\/?p=12710"},"modified":"2022-01-15T12:18:01","modified_gmt":"2022-01-15T15:18:01","slug":"balance-a-nivel-nacional-arroja-mas-de-900-detenciones-diarias-en-lo-que-va-de-este-ano","status":"publish","type":"post","link":"https:\/\/radiorevelacionfm.cl\/?p=12710","title":{"rendered":"Balance a nivel nacional arroja m\u00e1s de 900 detenciones diarias en lo que va de este a\u00f1o"},"content":{"rendered":"<p><span data-mce-type=\"bookmark\" style=\"display: inline-block; width: 0px; overflow: hidden; line-height: 0;\" class=\"mce_SELRES_start\">\ufeff<\/span><div class=\"flex_column av_one_full  flex_column_div av-zero-column-padding first  avia-builder-el-0  el_before_av_one_full  avia-builder-el-first  \" style='border-radius:0px; '><div  class='avia-image-container  av-styling-    avia-builder-el-1  avia-builder-el-no-sibling  avia-align-center '  itemprop=\"image\" itemscope=\"itemscope\" itemtype=\"https:\/\/schema.org\/ImageObject\"  ><div class='avia-image-container-inner'><div class='avia-image-overlay-wrap'><img decoding=\"async\" class='wp-image-12711 avia-img-lazy-loading-not-12711 avia_image' src=\"https:\/\/radiorevelacionfm.cl\/wp-content\/uploads\/2022\/01\/a3cc0ef5-f112-47a8-828e-ba6f42725de1-2-2.jpg\" alt='' title='a3cc0ef5-f112-47a8-828e-ba6f42725de1-2-2' height=\"600\" width=\"1067\"  itemprop=\"thumbnailUrl\" srcset=\"https:\/\/radiorevelacionfm.cl\/wp-content\/uploads\/2022\/01\/a3cc0ef5-f112-47a8-828e-ba6f42725de1-2-2.jpg 1067w, https:\/\/radiorevelacionfm.cl\/wp-content\/uploads\/2022\/01\/a3cc0ef5-f112-47a8-828e-ba6f42725de1-2-2-300x169.jpg 300w, https:\/\/radiorevelacionfm.cl\/wp-content\/uploads\/2022\/01\/a3cc0ef5-f112-47a8-828e-ba6f42725de1-2-2-1030x579.jpg 1030w, https:\/\/radiorevelacionfm.cl\/wp-content\/uploads\/2022\/01\/a3cc0ef5-f112-47a8-828e-ba6f42725de1-2-2-768x432.jpg 768w, https:\/\/radiorevelacionfm.cl\/wp-content\/uploads\/2022\/01\/a3cc0ef5-f112-47a8-828e-ba6f42725de1-2-2-705x396.jpg 705w, https:\/\/radiorevelacionfm.cl\/wp-content\/uploads\/2022\/01\/a3cc0ef5-f112-47a8-828e-ba6f42725de1-2-2-600x337.jpg 600w\" sizes=\"(max-width: 1067px) 100vw, 1067px\" \/><\/div><\/div><\/div><\/div><span data-mce-type=\"bookmark\" style=\"display: inline-block; width: 0px; overflow: hidden; line-height: 0;\" class=\"mce_SELRES_end\">\ufeff<\/span><div class=\"flex_column av_one_full  flex_column_div av-zero-column-padding first  avia-builder-el-2  el_after_av_one_full  el_before_av_one_full  column-top-margin\" style='border-radius:0px; '><section class=\"av_textblock_section \"  itemscope=\"itemscope\" itemtype=\"https:\/\/schema.org\/BlogPosting\" itemprop=\"blogPost\" ><div class='avia_textblock  '   itemprop=\"text\" ><p style=\"text-align: center;\"><strong><span style=\"font-size: 18pt;\">Balance a nivel nacional arroja m\u00e1s de 900 detenciones diarias en lo que va de este a\u00f1o<\/span><\/strong><\/p>\n<div id=\"gtx-trans\" style=\"position: absolute; left: -50px; top: 4.31534px;\">\n<div class=\"gtx-trans-icon\"><\/div>\n<\/div>\n<\/div><\/section><\/div><div class=\"flex_column av_one_full  flex_column_div av-zero-column-padding first  avia-builder-el-4  el_after_av_one_full  el_before_av_hr  column-top-margin\" style='border-radius:0px; '><section class=\"av_textblock_section \"  itemscope=\"itemscope\" itemtype=\"https:\/\/schema.org\/BlogPosting\" itemprop=\"blogPost\" ><div class='avia_textblock  '   itemprop=\"text\" ><p class=\"v1MsoNormal\" style=\"text-align: justify;\">\u00abLos carabineros trabajan incansablemente, en todos los rincones del pa\u00eds. Y en fechas o circunstancias especiales, redoblan esfuerzos en diversas tareas y sectores. En los primeros d\u00edas de este a\u00f1o, hemos detenido a m\u00e1s de 900 delincuentes por d\u00eda, con un promedio de 38 personas por hora\u00bb, se\u00f1al\u00f3 el Director Nacional de Orden y Seguridad, General Inspector Marcelo Araya Zapata, en el tradicional balance policial de cada semana.<\/p>\n<p class=\"v1MsoNormal\" style=\"text-align: justify;\">Respecto de los Delitos de Mayor Connotaci\u00f3n Social (DMCS), agreg\u00f3 que del 1 al 9 de enero fueron arrestadas 1.742 personas (m\u00e1s de 193 por d\u00eda), de las cuales 389 lo fueron por cometer robos. La \u00faltima semana, un 37% de estos antisociales protagonizaron robos con violencia, \u00abun fen\u00f3meno que lamentablemente, no solo se ha visto reflejado en la delincuencia, sino en la convivencia diaria, en la calle y al interior de los hogares. Aqu\u00ed cabe se\u00f1alar que Carabineros act\u00faa frente a las consecuencias de problemas sociales, por lo que todos, familias, autoridades y otros actores relevantes estamos llamados a colaborar en la contenci\u00f3n de la violencia\u00bb.<\/p>\n<p class=\"v1MsoNormal\" style=\"text-align: justify;\"><b>Aumento de detenidos<\/b><\/p>\n<p class=\"v1MsoNormal\" style=\"text-align: justify;\">El alto oficial tambi\u00e9n hizo un llamado a la rigurosidad y la cautela en la interpretaci\u00f3n de las estad\u00edsticas delictuales, se\u00f1alando que entre el 1 y el 9 de enero de este a\u00f1o, Carabineros ha detenido a 11,7% m\u00e1s personas por cometer DMCS, comparado con el mismo periodo del 2021, lo que se traduce en 183 aprehendidos m\u00e1s que en el inicio del a\u00f1o anterior. Incluso, las detenciones por Robo, han aumentado en 44,1% (119 detenidos m\u00e1s).<\/p>\n<p class=\"v1MsoNormal\" style=\"text-align: justify;\">Los detenidos por robos violentos aumentaron de 48 a 50 y los aprehendidos por robos con intimidaci\u00f3n crecieron de 48 a 56, mientras que los arrestos por robos en lugar no habitado experimentaron un alza de 103%, de 54 a 97 casos.<\/p>\n<p class=\"v1MsoNormal\" style=\"text-align: justify;\">La \u00faltima semana, se registraron 305 detenciones por robos, 134 por infringir la Ley de Control de Armas y 241 por Ley de Drogas, entre otros il\u00edcitos.<\/p>\n<p class=\"v1MsoNormal\" style=\"text-align: justify;\">\u00abHacemos un llamado a la prudencia y a la rigurosidad en la difusi\u00f3n de las informaciones relacionadas con la seguridad. Y a seguir denunciando, para ayudarnos a focalizar nuestros servicios en los horarios y lugares en los que est\u00e1n actuando los delincuentes\u00bb, enfatiz\u00f3 el General Inspector Araya.<\/p>\n<\/div><\/section><\/div><div  style='height:50px' class='hr hr-invisible   avia-builder-el-6  el_after_av_one_full  el_before_av_social_share '><span class='hr-inner ' ><span class='hr-inner-style'><\/span><\/span><\/div><\/p>\n<div  class='av-social-sharing-box  avia-builder-el-7  el_after_av_hr  el_before_av_hr  '><div class='av-share-box'><h5 class='av-share-link-description av-no-toc '>Compartir esta noticia<\/h5><ul class='av-share-box-list noLightbox'><li class='av-share-link av-social-link-facebook' ><a target=\"_blank\" aria-label=\"Compartir en Facebook\" href='https:\/\/www.facebook.com\/sharer.php?u=https:\/\/radiorevelacionfm.cl\/?p=12710&#038;t=Balance%20a%20nivel%20nacional%20arroja%20m%C3%A1s%20de%20900%20detenciones%20diarias%20en%20lo%20que%20va%20de%20este%20a%C3%B1o' aria-hidden='false' data-av_icon='\ue8f3' data-av_iconfont='entypo-fontello' title='' data-avia-related-tooltip='Compartir en Facebook' rel=\"noopener\"><span class='avia_hidden_link_text'>Compartir en Facebook<\/span><\/a><\/li><li class='av-share-link av-social-link-twitter' ><a target=\"_blank\" aria-label=\"Compartir en Twitter\" href='https:\/\/twitter.com\/share?text=Balance%20a%20nivel%20nacional%20arroja%20m%C3%A1s%20de%20900%20detenciones%20diarias%20en%20lo%20que%20va%20de%20este%20a%C3%B1o&#038;url=https:\/\/radiorevelacionfm.cl\/?p=12710' aria-hidden='false' data-av_icon='\ue8f1' data-av_iconfont='entypo-fontello' title='' data-avia-related-tooltip='Compartir en Twitter' rel=\"noopener\"><span class='avia_hidden_link_text'>Compartir en Twitter<\/span><\/a><\/li><li class='av-share-link av-social-link-whatsapp' ><a target=\"_blank\" aria-label=\"Compartir en Whatsapp\" href='https:\/\/api.whatsapp.com\/send?text=https:\/\/radiorevelacionfm.cl\/?p=12710' aria-hidden='false' data-av_icon='\uf232' data-av_iconfont='entypo-fontello' title='' data-avia-related-tooltip='Compartir en Whatsapp' rel=\"noopener\"><span class='avia_hidden_link_text'>Compartir en Whatsapp<\/span><\/a><\/li><li class='av-share-link av-social-link-linkedin' ><a target=\"_blank\" aria-label=\"Compartir en LinkedIn\" href='https:\/\/linkedin.com\/shareArticle?mini=true&#038;title=Balance%20a%20nivel%20nacional%20arroja%20m%C3%A1s%20de%20900%20detenciones%20diarias%20en%20lo%20que%20va%20de%20este%20a%C3%B1o&#038;url=https:\/\/radiorevelacionfm.cl\/?p=12710' aria-hidden='false' data-av_icon='\ue8fc' data-av_iconfont='entypo-fontello' title='' data-avia-related-tooltip='Compartir en LinkedIn' rel=\"noopener\"><span class='avia_hidden_link_text'>Compartir en LinkedIn<\/span><\/a><\/li><li class='av-share-link av-social-link-mail' ><a  aria-label=\"Compartir por correo\" href='mailto:?subject=Balance%20a%20nivel%20nacional%20arroja%20m%C3%A1s%20de%20900%20detenciones%20diarias%20en%20lo%20que%20va%20de%20este%20a%C3%B1o&#038;body=https:\/\/radiorevelacionfm.cl\/?p=12710' aria-hidden='false' data-av_icon='\ue805' data-av_iconfont='entypo-fontello' title='' data-avia-related-tooltip='Compartir por correo'><span class='avia_hidden_link_text'>Compartir por correo<\/span><\/a><\/li><\/ul><\/div><\/div>\n<div  style='height:50px' class='hr hr-invisible   avia-builder-el-8  el_after_av_social_share  el_before_av_comments_list '><span class='hr-inner ' ><span class='hr-inner-style'><\/span><\/span><\/div>\n<div  class='av-buildercomment  av-blog-meta-html-info-disabled av-blog-meta-tag-disabled  '><\/div>\n","protected":false},"excerpt":{"rendered":"<p>\ufeff\ufeff<\/p>\n","protected":false},"author":1,"featured_media":12711,"comment_status":"open","ping_status":"open","sticky":false,"template":"","format":"standard","meta":{"footnotes":""},"categories":[36],"tags":[],"class_list":["post-12710","post","type-post","status-publish","format-standard","has-post-thumbnail","hentry","category-policial"],"jetpack_featured_media_url":"https:\/\/radiorevelacionfm.cl\/wp-content\/uploads\/2022\/01\/a3cc0ef5-f112-47a8-828e-ba6f42725de1-2-2.jpg","_links":{"self":[{"href":"https:\/\/radiorevelacionfm.cl\/index.php?rest_route=\/wp\/v2\/posts\/12710","targetHints":{"allow":["GET"]}}],"collection":[{"href":"https:\/\/radiorevelacionfm.cl\/index.php?rest_route=\/wp\/v2\/posts"}],"about":[{"href":"https:\/\/radiorevelacionfm.cl\/index.php?rest_route=\/wp\/v2\/types\/post"}],"author":[{"embeddable":true,"href":"https:\/\/radiorevelacionfm.cl\/index.php?rest_route=\/wp\/v2\/users\/1"}],"replies":[{"embeddable":true,"href":"https:\/\/radiorevelacionfm.cl\/index.php?rest_route=%2Fwp%2Fv2%2Fcomments&post=12710"}],"version-history":[{"count":3,"href":"https:\/\/radiorevelacionfm.cl\/index.php?rest_route=\/wp\/v2\/posts\/12710\/revisions"}],"predecessor-version":[{"id":12854,"href":"https:\/\/radiorevelacionfm.cl\/index.php?rest_route=\/wp\/v2\/posts\/12710\/revisions\/12854"}],"wp:featuredmedia":[{"embeddable":true,"href":"https:\/\/radiorevelacionfm.cl\/index.php?rest_route=\/wp\/v2\/media\/12711"}],"wp:attachment":[{"href":"https:\/\/radiorevelacionfm.cl\/index.php?rest_route=%2Fwp%2Fv2%2Fmedia&parent=12710"}],"wp:term":[{"taxonomy":"category","embeddable":true,"href":"https:\/\/radiorevelacionfm.cl\/index.php?rest_route=%2Fwp%2Fv2%2Fcategories&post=12710"},{"taxonomy":"post_tag","embeddable":true,"href":"https:\/\/radiorevelacionfm.cl\/index.php?rest_route=%2Fwp%2Fv2%2Ftags&post=12710"}],"curies":[{"name":"wp","href":"https:\/\/api.w.org\/{rel}","templated":true}]}}