{"id":12707,"date":"2022-01-12T09:19:44","date_gmt":"2022-01-12T12:19:44","guid":{"rendered":"https:\/\/radiorevelacionfm.cl\/?p=12707"},"modified":"2022-01-12T09:19:44","modified_gmt":"2022-01-12T12:19:44","slug":"carabineros-se-reune-con-onemi-aysen-para-optimizar-trabajo-del-abc-de-la-emergencia","status":"publish","type":"post","link":"https:\/\/radiorevelacionfm.cl\/?p=12707","title":{"rendered":"Carabineros se re\u00fane con ONEMI Ays\u00e9n para optimizar trabajo del ABC de la emergencia"},"content":{"rendered":"<div class=\"flex_column av_one_full  flex_column_div av-zero-column-padding first  avia-builder-el-0  el_before_av_one_full  avia-builder-el-first  \" style='border-radius:0px; '><div  class='avia-image-container  av-styling-    avia-builder-el-1  avia-builder-el-no-sibling  avia-align-center '  itemprop=\"image\" itemscope=\"itemscope\" itemtype=\"https:\/\/schema.org\/ImageObject\"  ><div class='avia-image-container-inner'><div class='avia-image-overlay-wrap'><img decoding=\"async\" class='wp-image-12708 avia-img-lazy-loading-not-12708 avia_image' src=\"https:\/\/radiorevelacionfm.cl\/wp-content\/uploads\/2022\/01\/216be4d7-3bf2-4fd8-8296-1143ce97d984-2-2.jpg\" alt='' title='216be4d7-3bf2-4fd8-8296-1143ce97d984-2-2' height=\"600\" width=\"800\"  itemprop=\"thumbnailUrl\" srcset=\"https:\/\/radiorevelacionfm.cl\/wp-content\/uploads\/2022\/01\/216be4d7-3bf2-4fd8-8296-1143ce97d984-2-2.jpg 800w, https:\/\/radiorevelacionfm.cl\/wp-content\/uploads\/2022\/01\/216be4d7-3bf2-4fd8-8296-1143ce97d984-2-2-300x225.jpg 300w, https:\/\/radiorevelacionfm.cl\/wp-content\/uploads\/2022\/01\/216be4d7-3bf2-4fd8-8296-1143ce97d984-2-2-768x576.jpg 768w, https:\/\/radiorevelacionfm.cl\/wp-content\/uploads\/2022\/01\/216be4d7-3bf2-4fd8-8296-1143ce97d984-2-2-705x529.jpg 705w, https:\/\/radiorevelacionfm.cl\/wp-content\/uploads\/2022\/01\/216be4d7-3bf2-4fd8-8296-1143ce97d984-2-2-600x450.jpg 600w\" sizes=\"(max-width: 800px) 100vw, 800px\" \/><\/div><\/div><\/div><\/div><div class=\"flex_column av_one_full  flex_column_div av-zero-column-padding first  avia-builder-el-2  el_after_av_one_full  el_before_av_one_full  column-top-margin\" style='border-radius:0px; '><section class=\"av_textblock_section \"  itemscope=\"itemscope\" itemtype=\"https:\/\/schema.org\/BlogPosting\" itemprop=\"blogPost\" ><div class='avia_textblock  '   itemprop=\"text\" ><p style=\"text-align: center;\"><span style=\"font-size: 18pt;\"><b>Carabineros se re\u00fane con ONEMI Ays\u00e9n para optimizar trabajo del ABC de la emergencia<\/b><\/span><\/p>\n<div id=\"gtx-trans\" style=\"position: absolute; left: -50px; top: 4.31534px;\">\n<div class=\"gtx-trans-icon\"><\/div>\n<\/div>\n<\/div><\/section><\/div><div class=\"flex_column av_one_full  flex_column_div av-zero-column-padding first  avia-builder-el-4  el_after_av_one_full  el_before_av_hr  column-top-margin\" style='border-radius:0px; '><section class=\"av_textblock_section \"  itemscope=\"itemscope\" itemtype=\"https:\/\/schema.org\/BlogPosting\" itemprop=\"blogPost\" ><div class='avia_textblock  '   itemprop=\"text\" ><p class=\"v1MsoNormal\" style=\"text-align: justify;\">Optimizar las coordinaciones y mejorar los tiempos de respuesta ante la emergencia fue el objetivo de una reuni\u00f3n de trabajo por parte del Prefecto de los Servicios de la Prefectura de Carabineros Ays\u00e9n, Teniente Coronel Cristian Morgenstern con el director regional de la Oficina Nacional de Emergencia del Ministerio del Interior (ONEMI) Regi\u00f3n de Ays\u00e9n, Sidi Bravo Donoso, actividad que se desarroll\u00f3 en dependencias de la Central de Comunicaciones (Cenco) de Carabineros en Coyhaique.<\/p>\n<p class=\"v1MsoNormal\" style=\"text-align: justify;\">El Comandante Morgenstern indic\u00f3 que cada vez que se presenta alg\u00fan tipo de requerimiento, se activa el protocolo ABC de la emergencia, con la finalidad de que equipos de ambulancia, Bomberos y Carabineros concurren al lugar y actuar de conformidad a los protocolos que cada instituci\u00f3n posee en resguardo de las personas y sus bienes.<\/p>\n<p class=\"v1MsoNormal\" style=\"text-align: justify;\">\u00abCada una de estas instituciones cuenta con su central de comunicaciones, que son las que despachan los medios al lugar de la emergencia. Cuando se activa el ABC, se activa en forma autom\u00e1tica ambulancia, bomberos, carabineros y comienza la coordinaci\u00f3n entre ellos\u00bb, indic\u00f3 el Oficial Jefe.<\/p>\n<p class=\"v1MsoNormal\" style=\"text-align: justify;\">El trabajo busca dar celeridad y optimizar el tiempo de respuesta, de forma tal que cada instituci\u00f3n act\u00fae de conformidad a sus protocolos, recursos humanos y log\u00edsticos, evaluando la magnitud, el riesgo o la gravedad del evento.<\/p>\n<p class=\"v1MsoNormal\" style=\"text-align: justify;\">A trav\u00e9s de esta instancia las autoridades concordaron en evitar la solicitud de \u00a0datos que generan un retraso innecesario en el tiempo respuesta, permitiendo salvaguardar las vidas humanas en caso de accidentes, incendios, cat\u00e1strofes u otras emergencias de gravedad.<\/p>\n<p class=\"v1MsoNormal\" style=\"text-align: justify;\">\u00abLos jefes de la centrales de comunicaciones de emergencias de ambulancias, Bomberos y Carabineros sostendr\u00e1n reuniones mensuales con la finalidad de abordar situaciones ocurridas en ese per\u00edodo, permitiendo analizar el trabajo, la coordinaci\u00f3n, el tiempo de respuesta, c\u00f3mo se puede mejorar y c\u00f3mo se puede ayudar m\u00e1s a la ciudadan\u00eda ante alg\u00fan tipo de emergencia o cat\u00e1strofe en que deba participar cada Instituci\u00f3n cuando se activa el plan ABC y, que van juntos a un mismo procedimiento\u00bb, explic\u00f3 el Subprefecto de los Servicios.<\/p>\n<p class=\"v1MsoNormal\" style=\"text-align: justify;\">Lo anterior forma parte del proceso de mejora continua y modernizaci\u00f3n para la entrega de un servicio oportuno y de calidad conforme a los est\u00e1ndares contemplados sobre esta materia.<\/p>\n<\/div><\/section><\/div><div  style='height:50px' class='hr hr-invisible   avia-builder-el-6  el_after_av_one_full  el_before_av_social_share '><span class='hr-inner ' ><span class='hr-inner-style'><\/span><\/span><\/div><\/p>\n<div  class='av-social-sharing-box  avia-builder-el-7  el_after_av_hr  el_before_av_hr  '><div class='av-share-box'><h5 class='av-share-link-description av-no-toc '>Compartir esta noticia<\/h5><ul class='av-share-box-list noLightbox'><li class='av-share-link av-social-link-facebook' ><a target=\"_blank\" aria-label=\"Compartir en Facebook\" href='https:\/\/www.facebook.com\/sharer.php?u=https:\/\/radiorevelacionfm.cl\/?p=12707&#038;t=Carabineros%20se%20re%C3%BAne%20con%20ONEMI%20Ays%C3%A9n%20para%20optimizar%20trabajo%20del%20ABC%20de%20la%20emergencia' aria-hidden='false' data-av_icon='\ue8f3' data-av_iconfont='entypo-fontello' title='' data-avia-related-tooltip='Compartir en Facebook' rel=\"noopener\"><span class='avia_hidden_link_text'>Compartir en Facebook<\/span><\/a><\/li><li class='av-share-link av-social-link-twitter' ><a target=\"_blank\" aria-label=\"Compartir en Twitter\" href='https:\/\/twitter.com\/share?text=Carabineros%20se%20re%C3%BAne%20con%20ONEMI%20Ays%C3%A9n%20para%20optimizar%20trabajo%20del%20ABC%20de%20la%20emergencia&#038;url=https:\/\/radiorevelacionfm.cl\/?p=12707' aria-hidden='false' data-av_icon='\ue8f1' data-av_iconfont='entypo-fontello' title='' data-avia-related-tooltip='Compartir en Twitter' rel=\"noopener\"><span class='avia_hidden_link_text'>Compartir en Twitter<\/span><\/a><\/li><li class='av-share-link av-social-link-whatsapp' ><a target=\"_blank\" aria-label=\"Compartir en Whatsapp\" href='https:\/\/api.whatsapp.com\/send?text=https:\/\/radiorevelacionfm.cl\/?p=12707' aria-hidden='false' data-av_icon='\uf232' data-av_iconfont='entypo-fontello' title='' data-avia-related-tooltip='Compartir en Whatsapp' rel=\"noopener\"><span class='avia_hidden_link_text'>Compartir en Whatsapp<\/span><\/a><\/li><li class='av-share-link av-social-link-linkedin' ><a target=\"_blank\" aria-label=\"Compartir en LinkedIn\" href='https:\/\/linkedin.com\/shareArticle?mini=true&#038;title=Carabineros%20se%20re%C3%BAne%20con%20ONEMI%20Ays%C3%A9n%20para%20optimizar%20trabajo%20del%20ABC%20de%20la%20emergencia&#038;url=https:\/\/radiorevelacionfm.cl\/?p=12707' aria-hidden='false' data-av_icon='\ue8fc' data-av_iconfont='entypo-fontello' title='' data-avia-related-tooltip='Compartir en LinkedIn' rel=\"noopener\"><span class='avia_hidden_link_text'>Compartir en LinkedIn<\/span><\/a><\/li><li class='av-share-link av-social-link-mail' ><a  aria-label=\"Compartir por correo\" href='mailto:?subject=Carabineros%20se%20re%C3%BAne%20con%20ONEMI%20Ays%C3%A9n%20para%20optimizar%20trabajo%20del%20ABC%20de%20la%20emergencia&#038;body=https:\/\/radiorevelacionfm.cl\/?p=12707' aria-hidden='false' data-av_icon='\ue805' data-av_iconfont='entypo-fontello' title='' data-avia-related-tooltip='Compartir por correo'><span class='avia_hidden_link_text'>Compartir por correo<\/span><\/a><\/li><\/ul><\/div><\/div>\n<div  style='height:50px' class='hr hr-invisible   avia-builder-el-8  el_after_av_social_share  el_before_av_comments_list '><span class='hr-inner ' ><span class='hr-inner-style'><\/span><\/span><\/div>\n<div  class='av-buildercomment  av-blog-meta-html-info-disabled av-blog-meta-tag-disabled  '><\/div>\n","protected":false},"excerpt":{"rendered":"","protected":false},"author":1,"featured_media":12708,"comment_status":"open","ping_status":"open","sticky":false,"template":"","format":"standard","meta":{"footnotes":""},"categories":[36],"tags":[],"class_list":["post-12707","post","type-post","status-publish","format-standard","has-post-thumbnail","hentry","category-policial"],"jetpack_featured_media_url":"https:\/\/radiorevelacionfm.cl\/wp-content\/uploads\/2022\/01\/216be4d7-3bf2-4fd8-8296-1143ce97d984-2-2.jpg","_links":{"self":[{"href":"https:\/\/radiorevelacionfm.cl\/index.php?rest_route=\/wp\/v2\/posts\/12707","targetHints":{"allow":["GET"]}}],"collection":[{"href":"https:\/\/radiorevelacionfm.cl\/index.php?rest_route=\/wp\/v2\/posts"}],"about":[{"href":"https:\/\/radiorevelacionfm.cl\/index.php?rest_route=\/wp\/v2\/types\/post"}],"author":[{"embeddable":true,"href":"https:\/\/radiorevelacionfm.cl\/index.php?rest_route=\/wp\/v2\/users\/1"}],"replies":[{"embeddable":true,"href":"https:\/\/radiorevelacionfm.cl\/index.php?rest_route=%2Fwp%2Fv2%2Fcomments&post=12707"}],"version-history":[{"count":2,"href":"https:\/\/radiorevelacionfm.cl\/index.php?rest_route=\/wp\/v2\/posts\/12707\/revisions"}],"predecessor-version":[{"id":12713,"href":"https:\/\/radiorevelacionfm.cl\/index.php?rest_route=\/wp\/v2\/posts\/12707\/revisions\/12713"}],"wp:featuredmedia":[{"embeddable":true,"href":"https:\/\/radiorevelacionfm.cl\/index.php?rest_route=\/wp\/v2\/media\/12708"}],"wp:attachment":[{"href":"https:\/\/radiorevelacionfm.cl\/index.php?rest_route=%2Fwp%2Fv2%2Fmedia&parent=12707"}],"wp:term":[{"taxonomy":"category","embeddable":true,"href":"https:\/\/radiorevelacionfm.cl\/index.php?rest_route=%2Fwp%2Fv2%2Fcategories&post=12707"},{"taxonomy":"post_tag","embeddable":true,"href":"https:\/\/radiorevelacionfm.cl\/index.php?rest_route=%2Fwp%2Fv2%2Ftags&post=12707"}],"curies":[{"name":"wp","href":"https:\/\/api.w.org\/{rel}","templated":true}]}}