{"id":12704,"date":"2022-01-12T09:57:03","date_gmt":"2022-01-12T12:57:03","guid":{"rendered":"https:\/\/radiorevelacionfm.cl\/?p=12704"},"modified":"2022-01-12T09:57:03","modified_gmt":"2022-01-12T12:57:03","slug":"dos-espacios-culturales-se-suman-a-museos-en-verano","status":"publish","type":"post","link":"https:\/\/radiorevelacionfm.cl\/?p=12704","title":{"rendered":"Dos espacios culturales se suman a Museos en verano"},"content":{"rendered":"<div class=\"flex_column av_one_full  flex_column_div av-zero-column-padding first  avia-builder-el-0  el_before_av_one_full  avia-builder-el-first  \" style='border-radius:0px; '><div  class='avia-image-container  av-styling-    avia-builder-el-1  avia-builder-el-no-sibling  avia-align-center '  itemprop=\"image\" itemscope=\"itemscope\" itemtype=\"https:\/\/schema.org\/ImageObject\"  ><div class='avia-image-container-inner'><div class='avia-image-overlay-wrap'><img decoding=\"async\" class='wp-image-12705 avia-img-lazy-loading-not-12705 avia_image' src=\"https:\/\/radiorevelacionfm.cl\/wp-content\/uploads\/2022\/01\/MUSEO-4-2-2.jpg\" alt='' title='MUSEO 4-2-2' height=\"600\" width=\"900\"  itemprop=\"thumbnailUrl\" srcset=\"https:\/\/radiorevelacionfm.cl\/wp-content\/uploads\/2022\/01\/MUSEO-4-2-2.jpg 900w, https:\/\/radiorevelacionfm.cl\/wp-content\/uploads\/2022\/01\/MUSEO-4-2-2-300x200.jpg 300w, https:\/\/radiorevelacionfm.cl\/wp-content\/uploads\/2022\/01\/MUSEO-4-2-2-768x512.jpg 768w, https:\/\/radiorevelacionfm.cl\/wp-content\/uploads\/2022\/01\/MUSEO-4-2-2-705x470.jpg 705w, https:\/\/radiorevelacionfm.cl\/wp-content\/uploads\/2022\/01\/MUSEO-4-2-2-600x400.jpg 600w\" sizes=\"(max-width: 900px) 100vw, 900px\" \/><\/div><\/div><\/div><\/div><div class=\"flex_column av_one_full  flex_column_div av-zero-column-padding first  avia-builder-el-2  el_after_av_one_full  el_before_av_one_full  column-top-margin\" style='border-radius:0px; '><section class=\"av_textblock_section \"  itemscope=\"itemscope\" itemtype=\"https:\/\/schema.org\/BlogPosting\" itemprop=\"blogPost\" ><div class='avia_textblock  '   itemprop=\"text\" ><p style=\"text-align: center;\"><span style=\"font-size: 18pt;\"><b><span lang=\"ES-MX\">Dos espacios culturales se suman a Museos en verano<\/span><\/b><\/span><\/p>\n<div id=\"gtx-trans\" style=\"position: absolute; left: -50px; top: 4.31534px;\">\n<div class=\"gtx-trans-icon\"><\/div>\n<\/div>\n<\/div><\/section><\/div><div class=\"flex_column av_one_full  flex_column_div av-zero-column-padding first  avia-builder-el-4  el_after_av_one_full  el_before_av_hr  column-top-margin\" style='border-radius:0px; '><section class=\"av_textblock_section \"  itemscope=\"itemscope\" itemtype=\"https:\/\/schema.org\/BlogPosting\" itemprop=\"blogPost\" ><div class='avia_textblock  '   itemprop=\"text\" ><p class=\"v1MsoNormal\" style=\"text-align: justify;\"><span lang=\"ES-MX\">Con visitas guiadas, talleres de paleontolog\u00eda, y extensi\u00f3n en el horario de atenci\u00f3n, se desarrollar\u00e1 el pr\u00f3ximo jueves 13 de enero Museos en verano, iniciativa organizada por el Ministerio de las Culturas, las Artes y el Patrimonio que pondr\u00e1 a disposici\u00f3n de la comunidad una serie de panoramas con entrada liberada en recintos y circuitos culturales de todo el pa\u00eds.<\/span><\/p>\n<p class=\"v1MsoNormal\" style=\"text-align: justify;\"><span lang=\"ES-MX\">\u201cEl objetivo de esta actividad es promover el reencuentro de la ciudadan\u00eda y el retorno presencial a los espacios culturales y patrimoniales, en un ambiente de esparcimiento, disfrute y con el compromiso de los organizadores de cumplir con la normativa sanitaria vigente\u201d, coment\u00f3 la seremi de las Culturas Ver\u00f3nica D\u00edaz.<\/span><\/p>\n<p class=\"v1MsoNormal\" style=\"text-align: justify;\"><span lang=\"ES-MX\">En la Regi\u00f3n de Ays\u00e9n, hasta ahora, son dos los espacios que se han inscrito para ser parte de esta jornada: el Museo de R\u00edo Tranquilo y el Museo Regional de Ays\u00e9n. \u201cNos sumaremos a esta iniciativa extendiendo nuestro horario hasta las 21 horas y ofreciendo algunas actividades especiales, como por ejemplo la apertura de la nueva sala inmersiva que estar\u00e1 en la Exposici\u00f3n \u201cregional\u201d, indic\u00f3 Gustavo Saldivia, Director del Museo.<\/span><\/p>\n<p class=\"v1MsoNormal\" style=\"text-align: justify;\"><b><span lang=\"ES-MX\">Programaci\u00f3n MuRAy &#8211; Km. 3 Camino a Coyhaique Alto.<\/span><\/b><\/p>\n<p class=\"v1MsoNormal\" style=\"text-align: justify;\"><span lang=\"ES-MX\">15:00 a 20:00 h.: Apertura Nueva Sala Inmersiva Exposici\u00f3n Regional, espacio que nos invita a observar la biodiversidad de la regi\u00f3n de Ays\u00e9n.<\/span><\/p>\n<p class=\"v1MsoNormal\" style=\"text-align: justify;\"><span lang=\"ES-MX\">16:00 a 17:00 h.: \u201cJuguemos a la taba\u201d, Aprenderemos de este juego tradicional del campo aysenino.<\/span><\/p>\n<p class=\"v1MsoNormal\" style=\"text-align: justify;\"><span lang=\"ES-MX\">17:00 a 18:00 h.: \u201cDesenterrando f\u00f3siles\u201d Juguemos a ser paleontol\u00f3gos y paleont\u00f3logas.<\/span><\/p>\n<p class=\"v1MsoNormal\" style=\"text-align: justify;\"><span lang=\"ES-MX\">18:00 a 21:00 h.: Visitas guiadas Exposiciones permanentes &#8211; Regional y Pulper\u00eda. Exposici\u00f3n Temporal: \u00abNotas de Campo: exploraciones art\u00edsticas en el territorio de Ays\u00e9n\u00bb.<\/span><\/p>\n<p class=\"v1MsoNormal\" style=\"text-align: justify;\"><b><span lang=\"ES-MX\">Programaci\u00f3n Museo R\u00edo Tranquilo \u2013 Costanera S\/N<\/span><\/b><\/p>\n<p class=\"v1MsoNormal\" style=\"text-align: justify;\"><span lang=\"ES-MX\">10:00 a 14:00 y de 15:00 a 17:30 h. Exposici\u00f3n guiada del \u201cLaboratorio Cient\u00edfico: Tranquilo al mar\u201d, basada en la realizaci\u00f3n de la expedici\u00f3n naturalista y laboratorio creativo, desarrollados durante el mes de octubre junto con los estudiantes de 5to a 8vo b\u00e1sico de la localidad, con el fin de generar una transmisi\u00f3n de conocimientos y herramientas art\u00edsticas en relaci\u00f3n al patrimonio natural del entorno costero del Parque Nacional Laguna San Rafael.<\/span><\/p>\n<p class=\"v1MsoNormal\" style=\"text-align: justify;\"><span lang=\"ES-MX\">11:00, 12:30 y 15:00 h.:\u00a0 recorrido al Galp\u00f3n de la localidad con el fin de dar a conocer el proyecto \u201cSEI, viajeras de los Mares,\u201d el proceso de montaje, conservaci\u00f3n y posterior exhibici\u00f3n de las osamentas de la ballena\u00a0 SEI,\u00a0 las cuales fueron halladas y rescatadas desde el Golfo de Penas, lo que ha permitido\u00a0 promover la protecci\u00f3n y la puesta en valor del maritorio del Parque Nacional Laguna San Rafael.<\/span><\/p>\n<p class=\"v1MsoNormal\" style=\"text-align: justify;\"><span lang=\"ES-MX\">Calendario de actividades e inscripciones para museos y circuitos culturales interesados en sumarse disponibles en <\/span><a href=\"http:\/\/www.museosenverano.cl\/\" target=\"_blank\" rel=\"noopener noreferrer\"><span lang=\"ES-MX\">www.museosenverano.cl<\/span><\/a><span class=\"v1MsoHyperlink\"><span lang=\"ES-MX\">.<\/span><\/span><\/p>\n<p class=\"v1MsoNormal\" style=\"text-align: justify;\"><span lang=\"ES-MX\">\u00a0<\/span><\/p>\n<p class=\"v1MsoNormal\" style=\"text-align: justify;\"><span lang=\"ES-MX\">\u00a0<\/span><\/p>\n<p class=\"v1MsoNormal\"><span lang=\"ES-MX\">\u00a0<\/span><\/p>\n<\/div><\/section><\/div><div  style='height:50px' class='hr hr-invisible   avia-builder-el-6  el_after_av_one_full  el_before_av_social_share '><span class='hr-inner ' ><span class='hr-inner-style'><\/span><\/span><\/div><\/p>\n<div  class='av-social-sharing-box  avia-builder-el-7  el_after_av_hr  el_before_av_hr  '><div class='av-share-box'><h5 class='av-share-link-description av-no-toc '>Compartir esta noticia<\/h5><ul class='av-share-box-list noLightbox'><li class='av-share-link av-social-link-facebook' ><a target=\"_blank\" aria-label=\"Compartir en Facebook\" href='https:\/\/www.facebook.com\/sharer.php?u=https:\/\/radiorevelacionfm.cl\/?p=12704&#038;t=Dos%20espacios%20culturales%20se%20suman%20a%20Museos%20en%20verano' aria-hidden='false' data-av_icon='\ue8f3' data-av_iconfont='entypo-fontello' title='' data-avia-related-tooltip='Compartir en Facebook' rel=\"noopener\"><span class='avia_hidden_link_text'>Compartir en Facebook<\/span><\/a><\/li><li class='av-share-link av-social-link-twitter' ><a target=\"_blank\" aria-label=\"Compartir en Twitter\" href='https:\/\/twitter.com\/share?text=Dos%20espacios%20culturales%20se%20suman%20a%20Museos%20en%20verano&#038;url=https:\/\/radiorevelacionfm.cl\/?p=12704' aria-hidden='false' data-av_icon='\ue8f1' data-av_iconfont='entypo-fontello' title='' data-avia-related-tooltip='Compartir en Twitter' rel=\"noopener\"><span class='avia_hidden_link_text'>Compartir en Twitter<\/span><\/a><\/li><li class='av-share-link av-social-link-whatsapp' ><a target=\"_blank\" aria-label=\"Compartir en Whatsapp\" href='https:\/\/api.whatsapp.com\/send?text=https:\/\/radiorevelacionfm.cl\/?p=12704' aria-hidden='false' data-av_icon='\uf232' data-av_iconfont='entypo-fontello' title='' data-avia-related-tooltip='Compartir en Whatsapp' rel=\"noopener\"><span class='avia_hidden_link_text'>Compartir en Whatsapp<\/span><\/a><\/li><li class='av-share-link av-social-link-linkedin' ><a target=\"_blank\" aria-label=\"Compartir en LinkedIn\" href='https:\/\/linkedin.com\/shareArticle?mini=true&#038;title=Dos%20espacios%20culturales%20se%20suman%20a%20Museos%20en%20verano&#038;url=https:\/\/radiorevelacionfm.cl\/?p=12704' aria-hidden='false' data-av_icon='\ue8fc' data-av_iconfont='entypo-fontello' title='' data-avia-related-tooltip='Compartir en LinkedIn' rel=\"noopener\"><span class='avia_hidden_link_text'>Compartir en LinkedIn<\/span><\/a><\/li><li class='av-share-link av-social-link-mail' ><a  aria-label=\"Compartir por correo\" href='mailto:?subject=Dos%20espacios%20culturales%20se%20suman%20a%20Museos%20en%20verano&#038;body=https:\/\/radiorevelacionfm.cl\/?p=12704' aria-hidden='false' data-av_icon='\ue805' data-av_iconfont='entypo-fontello' title='' data-avia-related-tooltip='Compartir por correo'><span class='avia_hidden_link_text'>Compartir por correo<\/span><\/a><\/li><\/ul><\/div><\/div>\n<div  style='height:50px' class='hr hr-invisible   avia-builder-el-8  el_after_av_social_share  el_before_av_comments_list '><span class='hr-inner ' ><span class='hr-inner-style'><\/span><\/span><\/div>\n<div  class='av-buildercomment  av-blog-meta-html-info-disabled av-blog-meta-tag-disabled  '><\/div>\n","protected":false},"excerpt":{"rendered":"","protected":false},"author":1,"featured_media":12705,"comment_status":"open","ping_status":"open","sticky":false,"template":"","format":"standard","meta":{"footnotes":""},"categories":[52],"tags":[],"class_list":["post-12704","post","type-post","status-publish","format-standard","has-post-thumbnail","hentry","category-cultura"],"jetpack_featured_media_url":"https:\/\/radiorevelacionfm.cl\/wp-content\/uploads\/2022\/01\/MUSEO-4-2-2.jpg","_links":{"self":[{"href":"https:\/\/radiorevelacionfm.cl\/index.php?rest_route=\/wp\/v2\/posts\/12704","targetHints":{"allow":["GET"]}}],"collection":[{"href":"https:\/\/radiorevelacionfm.cl\/index.php?rest_route=\/wp\/v2\/posts"}],"about":[{"href":"https:\/\/radiorevelacionfm.cl\/index.php?rest_route=\/wp\/v2\/types\/post"}],"author":[{"embeddable":true,"href":"https:\/\/radiorevelacionfm.cl\/index.php?rest_route=\/wp\/v2\/users\/1"}],"replies":[{"embeddable":true,"href":"https:\/\/radiorevelacionfm.cl\/index.php?rest_route=%2Fwp%2Fv2%2Fcomments&post=12704"}],"version-history":[{"count":2,"href":"https:\/\/radiorevelacionfm.cl\/index.php?rest_route=\/wp\/v2\/posts\/12704\/revisions"}],"predecessor-version":[{"id":12715,"href":"https:\/\/radiorevelacionfm.cl\/index.php?rest_route=\/wp\/v2\/posts\/12704\/revisions\/12715"}],"wp:featuredmedia":[{"embeddable":true,"href":"https:\/\/radiorevelacionfm.cl\/index.php?rest_route=\/wp\/v2\/media\/12705"}],"wp:attachment":[{"href":"https:\/\/radiorevelacionfm.cl\/index.php?rest_route=%2Fwp%2Fv2%2Fmedia&parent=12704"}],"wp:term":[{"taxonomy":"category","embeddable":true,"href":"https:\/\/radiorevelacionfm.cl\/index.php?rest_route=%2Fwp%2Fv2%2Fcategories&post=12704"},{"taxonomy":"post_tag","embeddable":true,"href":"https:\/\/radiorevelacionfm.cl\/index.php?rest_route=%2Fwp%2Fv2%2Ftags&post=12704"}],"curies":[{"name":"wp","href":"https:\/\/api.w.org\/{rel}","templated":true}]}}