{"id":12701,"date":"2022-01-12T09:53:50","date_gmt":"2022-01-12T12:53:50","guid":{"rendered":"https:\/\/radiorevelacionfm.cl\/?p=12701"},"modified":"2022-01-12T09:53:50","modified_gmt":"2022-01-12T12:53:50","slug":"en-aysen-realizaran-feria-itinerante-para-apoyar-y-orientar-a-estudiantes-en-postulacion-a-becas-junaeb-2022","status":"publish","type":"post","link":"https:\/\/radiorevelacionfm.cl\/?p=12701","title":{"rendered":"En Ays\u00e9n realizar\u00e1n Feria Itinerante para apoyar y orientar a estudiantes en postulaci\u00f3n a Becas JUNAEB 2022"},"content":{"rendered":"<section class=\"av_textblock_section \"  itemscope=\"itemscope\" itemtype=\"https:\/\/schema.org\/BlogPosting\" itemprop=\"blogPost\" ><div class='avia_textblock  '   itemprop=\"text\" ><p>En<\/p>\n<\/div><\/section>\n<div class=\"flex_column av_one_full  flex_column_div av-zero-column-padding first  avia-builder-el-1  el_after_av_textblock  el_before_av_one_full  column-top-margin\" style='border-radius:0px; '><div  class='avia-image-container  av-styling-    avia-builder-el-2  avia-builder-el-no-sibling  avia-align-center '  itemprop=\"image\" itemscope=\"itemscope\" itemtype=\"https:\/\/schema.org\/ImageObject\"  ><div class='avia-image-container-inner'><div class='avia-image-overlay-wrap'><img decoding=\"async\" class='wp-image-12702 avia-img-lazy-loading-not-12702 avia_image' src=\"https:\/\/radiorevelacionfm.cl\/wp-content\/uploads\/2022\/01\/Feria-itinerante-DEM-01-2-2.jpg\" alt='' title='Feria itinerante DEM-01-2-2' height=\"600\" width=\"600\"  itemprop=\"thumbnailUrl\" srcset=\"https:\/\/radiorevelacionfm.cl\/wp-content\/uploads\/2022\/01\/Feria-itinerante-DEM-01-2-2.jpg 600w, https:\/\/radiorevelacionfm.cl\/wp-content\/uploads\/2022\/01\/Feria-itinerante-DEM-01-2-2-300x300.jpg 300w, https:\/\/radiorevelacionfm.cl\/wp-content\/uploads\/2022\/01\/Feria-itinerante-DEM-01-2-2-80x80.jpg 80w, https:\/\/radiorevelacionfm.cl\/wp-content\/uploads\/2022\/01\/Feria-itinerante-DEM-01-2-2-36x36.jpg 36w, https:\/\/radiorevelacionfm.cl\/wp-content\/uploads\/2022\/01\/Feria-itinerante-DEM-01-2-2-180x180.jpg 180w, https:\/\/radiorevelacionfm.cl\/wp-content\/uploads\/2022\/01\/Feria-itinerante-DEM-01-2-2-100x100.jpg 100w\" sizes=\"(max-width: 600px) 100vw, 600px\" \/><\/div><\/div><\/div><\/div><div class=\"flex_column av_one_full  flex_column_div av-zero-column-padding first  avia-builder-el-3  el_after_av_one_full  el_before_av_one_full  column-top-margin\" style='border-radius:0px; '><section class=\"av_textblock_section \"  itemscope=\"itemscope\" itemtype=\"https:\/\/schema.org\/BlogPosting\" itemprop=\"blogPost\" ><div class='avia_textblock  '   itemprop=\"text\" ><p style=\"text-align: center;\"><span style=\"font-size: 18pt;\"><strong>En Ays\u00e9n realizar\u00e1n Feria Itinerante para apoyar y orientar a estudiantes en postulaci\u00f3n a Becas JUNAEB 2022<\/strong><\/span><\/p>\n<div id=\"gtx-trans\" style=\"position: absolute; left: -50px; top: 4.31534px;\">\n<div class=\"gtx-trans-icon\"><\/div>\n<\/div>\n<\/div><\/section><\/div><div class=\"flex_column av_one_full  flex_column_div av-zero-column-padding first  avia-builder-el-5  el_after_av_one_full  el_before_av_hr  column-top-margin\" style='border-radius:0px; '><section class=\"av_textblock_section \"  itemscope=\"itemscope\" itemtype=\"https:\/\/schema.org\/BlogPosting\" itemprop=\"blogPost\" ><div class='avia_textblock  '   itemprop=\"text\" ><p style=\"text-align: justify;\">Informar, apoyar y orientar a los ni\u00f1os, adolescentes y j\u00f3venes respecto a sus opciones en el amplio abanico que entrega la Junta Nacional de Auxilio Escolar y Becas, JUNAEB, para los niveles de educaci\u00f3n b\u00e1sica, media y superior durante este a\u00f1o acad\u00e9mico 2022, es el principal objetivo de la denominada Feria Itinerante Educativa Veraniega \u201cDEM AYS\u00c9N TE ORIENTA\u201d, que se llevar\u00e1 a cabo desde este mi\u00e9rcoles 12 al viernes 14 de enero en Puerto Ays\u00e9n, Villa Ma\u00f1ihuales y Puerto Chacabuco.<\/p>\n<p style=\"text-align: justify;\">De esta manera, la directora DEM, Tamara Villegas, relev\u00f3 esta instancia y desde ya invit\u00f3 a los estudiantes y familias de estas localidades a participar de este evento pensado de forma itinerante para acercar la informaci\u00f3n a toda la comunidad. \u201cQueremos que esta invitaci\u00f3n sea extensiva para que nuestros ni\u00f1os y j\u00f3venes puedan estar al tanto de todas las posibilidades que tienen a trav\u00e9s de JUNAEB pensando que ya est\u00e1n los resultados de la Prueba de Transici\u00f3n Universitaria, por lo tanto, se hace m\u00e1s latente la necesidad de conocer la informaci\u00f3n respecto a financiamiento para dar continuidad a los estudios, por eso queremos apoyarlos en todo lo que conlleva este proceso\u201d, agregando que \u201cagradecemos al equipo de JUNAEB Ays\u00e9n quienes nos capacitaron para estar al tanto de los requisitos y situaciones especiales en cada una de las becas existentes, para responder y aclarar la mayor posibilidad de consultas y dudas por parte de la comunidad en las diversas localidades en esta instancia de car\u00e1cter itinerante dado que, como lo ha dispuesto nuestro alcalde, Julio Uribe, la idea es siempre estar acercando nuestros servicios a nuestros vecinos y vecinas, especialmente en un a materia relevante como es la educaci\u00f3n\u201d.<\/p>\n<p style=\"text-align: justify;\">La profesional que encabeza el DEM Ays\u00e9n indic\u00f3 que \u201cen esta feria queremos incluir, adem\u00e1s, todo aquello relacionado a los temas que a diario vemos desde la Direcci\u00f3n de Educaci\u00f3n Municipal, y que sabemos que resulta de gran inter\u00e9s para la comunidad, como son nivelaci\u00f3n de estudios, educaci\u00f3n para j\u00f3venes y adultos, oferta de matr\u00edculas en los jardines infantiles VTF, que son administrados en conjunto con la JUNJI, y los programas y planes que tenemos en la Unidad Extraescolar del DEM. Tendremos tambi\u00e9n la entrega de certificados de alumno regular de los diversos establecimientos municipalizados de la comuna, para quienes as\u00ed lo requieran\u201d.<\/p>\n<p style=\"text-align: justify;\"><strong>Itinerario<\/strong><\/p>\n<p style=\"text-align: justify;\">Apostados en dependencias de la Biblioteca P\u00fablica en Puerto Ays\u00e9n se encontrar\u00e1 este mi\u00e9rcoles 12 el equipo DEM, Ays\u00e9n quienes iniciar\u00e1n atenci\u00f3n a partir de las 10.00 horas hasta las 13.00 horas en jornada de ma\u00f1ana. En el bloque de la tarde, la instancia se repetir\u00e1 desde las 15.00 y hasta las 17.00 horas. Quienes asistan encontrar\u00e1n informaci\u00f3n relativa a los programas del DEM, como son la Orquesta Escolar Comunal y el taller de kayak Ping\u00fcinos al Agua. Asimismo, habr\u00e1 stands informativos sobre los jardines infantiles en convenio VTF con el municipio local y la Escuela Hospitalaria, adem\u00e1s de los programas en convenio entre la Municipalidad de Ays\u00e9n y la Junta Nacional de Auxilio Escolar y Becas, JUNAEB, como son Salud Oral, PSO, y Habilidades para la Vida, HPV, entre otros.<\/p>\n<p style=\"text-align: justify;\">La actividad se repetir\u00e1 el pr\u00f3ximo jueves 12 de enero en horario comprendido de 10.30 a 15.30 horas en dependencias del liceo Ma\u00f1ihuales en la villa del mismo nombre. Mientras que culminar\u00e1 en viernes 14 de enero en Puerto Chacabuco, en que la atenci\u00f3n se trasladar\u00e1 hasta el recinto educativo escuela Almirante Simpson, desde las 10.30 horas para finalizar a las 15.30 horas en esta instancia denominada \u201cDEM Ays\u00e9n Te Orienta\u201d.<\/p>\n<\/div><\/section><\/div><div  style='height:50px' class='hr hr-invisible   avia-builder-el-7  el_after_av_one_full  el_before_av_social_share '><span class='hr-inner ' ><span class='hr-inner-style'><\/span><\/span><\/div><\/p>\n<div  class='av-social-sharing-box  avia-builder-el-8  el_after_av_hr  el_before_av_hr  '><div class='av-share-box'><h5 class='av-share-link-description av-no-toc '>Compartir esta noticia<\/h5><ul class='av-share-box-list noLightbox'><li class='av-share-link av-social-link-facebook' ><a target=\"_blank\" aria-label=\"Compartir en Facebook\" href='https:\/\/www.facebook.com\/sharer.php?u=https:\/\/radiorevelacionfm.cl\/?p=12701&#038;t=En%20Ays%C3%A9n%20realizar%C3%A1n%20Feria%20Itinerante%20para%20apoyar%20y%20orientar%20a%20estudiantes%20en%20postulaci%C3%B3n%20a%20Becas%20JUNAEB%202022' aria-hidden='false' data-av_icon='\ue8f3' data-av_iconfont='entypo-fontello' title='' data-avia-related-tooltip='Compartir en Facebook' rel=\"noopener\"><span class='avia_hidden_link_text'>Compartir en Facebook<\/span><\/a><\/li><li class='av-share-link av-social-link-twitter' ><a target=\"_blank\" aria-label=\"Compartir en Twitter\" href='https:\/\/twitter.com\/share?text=En%20Ays%C3%A9n%20realizar%C3%A1n%20Feria%20Itinerante%20para%20apoyar%20y%20orientar%20a%20estudiantes%20en%20postulaci%C3%B3n%20a%20Becas%20JUNAEB%202022&#038;url=https:\/\/radiorevelacionfm.cl\/?p=12701' aria-hidden='false' data-av_icon='\ue8f1' data-av_iconfont='entypo-fontello' title='' data-avia-related-tooltip='Compartir en Twitter' rel=\"noopener\"><span class='avia_hidden_link_text'>Compartir en Twitter<\/span><\/a><\/li><li class='av-share-link av-social-link-whatsapp' ><a target=\"_blank\" aria-label=\"Compartir en Whatsapp\" href='https:\/\/api.whatsapp.com\/send?text=https:\/\/radiorevelacionfm.cl\/?p=12701' aria-hidden='false' data-av_icon='\uf232' data-av_iconfont='entypo-fontello' title='' data-avia-related-tooltip='Compartir en Whatsapp' rel=\"noopener\"><span class='avia_hidden_link_text'>Compartir en Whatsapp<\/span><\/a><\/li><li class='av-share-link av-social-link-linkedin' ><a target=\"_blank\" aria-label=\"Compartir en LinkedIn\" href='https:\/\/linkedin.com\/shareArticle?mini=true&#038;title=En%20Ays%C3%A9n%20realizar%C3%A1n%20Feria%20Itinerante%20para%20apoyar%20y%20orientar%20a%20estudiantes%20en%20postulaci%C3%B3n%20a%20Becas%20JUNAEB%202022&#038;url=https:\/\/radiorevelacionfm.cl\/?p=12701' aria-hidden='false' data-av_icon='\ue8fc' data-av_iconfont='entypo-fontello' title='' data-avia-related-tooltip='Compartir en LinkedIn' rel=\"noopener\"><span class='avia_hidden_link_text'>Compartir en LinkedIn<\/span><\/a><\/li><li class='av-share-link av-social-link-mail' ><a  aria-label=\"Compartir por correo\" href='mailto:?subject=En%20Ays%C3%A9n%20realizar%C3%A1n%20Feria%20Itinerante%20para%20apoyar%20y%20orientar%20a%20estudiantes%20en%20postulaci%C3%B3n%20a%20Becas%20JUNAEB%202022&#038;body=https:\/\/radiorevelacionfm.cl\/?p=12701' aria-hidden='false' data-av_icon='\ue805' data-av_iconfont='entypo-fontello' title='' data-avia-related-tooltip='Compartir por correo'><span class='avia_hidden_link_text'>Compartir por correo<\/span><\/a><\/li><\/ul><\/div><\/div>\n<div  style='height:50px' class='hr hr-invisible   avia-builder-el-9  el_after_av_social_share  el_before_av_comments_list '><span class='hr-inner ' ><span class='hr-inner-style'><\/span><\/span><\/div>\n<div  class='av-buildercomment  av-blog-meta-html-info-disabled av-blog-meta-tag-disabled  '><\/div>\n","protected":false},"excerpt":{"rendered":"","protected":false},"author":1,"featured_media":12702,"comment_status":"open","ping_status":"open","sticky":false,"template":"","format":"standard","meta":{"footnotes":""},"categories":[38],"tags":[],"class_list":["post-12701","post","type-post","status-publish","format-standard","has-post-thumbnail","hentry","category-regional"],"jetpack_featured_media_url":"https:\/\/radiorevelacionfm.cl\/wp-content\/uploads\/2022\/01\/Feria-itinerante-DEM-01-2-2.jpg","_links":{"self":[{"href":"https:\/\/radiorevelacionfm.cl\/index.php?rest_route=\/wp\/v2\/posts\/12701","targetHints":{"allow":["GET"]}}],"collection":[{"href":"https:\/\/radiorevelacionfm.cl\/index.php?rest_route=\/wp\/v2\/posts"}],"about":[{"href":"https:\/\/radiorevelacionfm.cl\/index.php?rest_route=\/wp\/v2\/types\/post"}],"author":[{"embeddable":true,"href":"https:\/\/radiorevelacionfm.cl\/index.php?rest_route=\/wp\/v2\/users\/1"}],"replies":[{"embeddable":true,"href":"https:\/\/radiorevelacionfm.cl\/index.php?rest_route=%2Fwp%2Fv2%2Fcomments&post=12701"}],"version-history":[{"count":2,"href":"https:\/\/radiorevelacionfm.cl\/index.php?rest_route=\/wp\/v2\/posts\/12701\/revisions"}],"predecessor-version":[{"id":12714,"href":"https:\/\/radiorevelacionfm.cl\/index.php?rest_route=\/wp\/v2\/posts\/12701\/revisions\/12714"}],"wp:featuredmedia":[{"embeddable":true,"href":"https:\/\/radiorevelacionfm.cl\/index.php?rest_route=\/wp\/v2\/media\/12702"}],"wp:attachment":[{"href":"https:\/\/radiorevelacionfm.cl\/index.php?rest_route=%2Fwp%2Fv2%2Fmedia&parent=12701"}],"wp:term":[{"taxonomy":"category","embeddable":true,"href":"https:\/\/radiorevelacionfm.cl\/index.php?rest_route=%2Fwp%2Fv2%2Fcategories&post=12701"},{"taxonomy":"post_tag","embeddable":true,"href":"https:\/\/radiorevelacionfm.cl\/index.php?rest_route=%2Fwp%2Fv2%2Ftags&post=12701"}],"curies":[{"name":"wp","href":"https:\/\/api.w.org\/{rel}","templated":true}]}}