{"id":12661,"date":"2022-01-11T09:04:37","date_gmt":"2022-01-11T12:04:37","guid":{"rendered":"https:\/\/radiorevelacionfm.cl\/?p=12661"},"modified":"2022-01-11T09:15:10","modified_gmt":"2022-01-11T12:15:10","slug":"este-viernes-se-inicia-festival-de-las-artes-aysen-uach-2022","status":"publish","type":"post","link":"https:\/\/radiorevelacionfm.cl\/?p=12661","title":{"rendered":"Esta semana se inicia el Festival de las Artes Ays\u00e9n \u2013 UACh 2022"},"content":{"rendered":"<div class=\"flex_column av_one_full  flex_column_div av-zero-column-padding first  avia-builder-el-0  el_before_av_one_full  avia-builder-el-first  \" style='border-radius:0px; '><div  class='avia-image-container  av-styling-    avia-builder-el-1  avia-builder-el-no-sibling  avia-align-center '  itemprop=\"image\" itemscope=\"itemscope\" itemtype=\"https:\/\/schema.org\/ImageObject\"  ><div class='avia-image-container-inner'><div class='avia-image-overlay-wrap'><img decoding=\"async\" class='wp-image-12662 avia-img-lazy-loading-not-12662 avia_image' src=\"https:\/\/radiorevelacionfm.cl\/wp-content\/uploads\/2022\/01\/Punto-de-prensa-I-2-2.jpeg\" alt='' title='Punto de prensa I-2-2' height=\"600\" width=\"1304\"  itemprop=\"thumbnailUrl\" srcset=\"https:\/\/radiorevelacionfm.cl\/wp-content\/uploads\/2022\/01\/Punto-de-prensa-I-2-2.jpeg 1304w, https:\/\/radiorevelacionfm.cl\/wp-content\/uploads\/2022\/01\/Punto-de-prensa-I-2-2-300x138.jpeg 300w, https:\/\/radiorevelacionfm.cl\/wp-content\/uploads\/2022\/01\/Punto-de-prensa-I-2-2-1030x474.jpeg 1030w, https:\/\/radiorevelacionfm.cl\/wp-content\/uploads\/2022\/01\/Punto-de-prensa-I-2-2-768x353.jpeg 768w, https:\/\/radiorevelacionfm.cl\/wp-content\/uploads\/2022\/01\/Punto-de-prensa-I-2-2-705x324.jpeg 705w, https:\/\/radiorevelacionfm.cl\/wp-content\/uploads\/2022\/01\/Punto-de-prensa-I-2-2-600x276.jpeg 600w\" sizes=\"(max-width: 1304px) 100vw, 1304px\" \/><\/div><\/div><\/div><\/div>\n<div class=\"flex_column av_one_full  flex_column_div av-zero-column-padding first  avia-builder-el-2  el_after_av_one_full  el_before_av_one_full  column-top-margin\" style='border-radius:0px; '><section class=\"av_textblock_section \"  itemscope=\"itemscope\" itemtype=\"https:\/\/schema.org\/BlogPosting\" itemprop=\"blogPost\" ><div class='avia_textblock  '   itemprop=\"text\" ><p style=\"text-align: center;\"><span style=\"font-size: 18pt;\"><strong>Esta semana se inicia el Festival de las Artes Ays\u00e9n \u2013 UACh 2022<\/strong><\/span><\/p>\n<div id=\"gtx-trans\" style=\"position: absolute; left: -50px; top: 4.31534px;\">\n<div class=\"gtx-trans-icon\"><\/div>\n<\/div>\n<\/div><\/section><\/div><div class=\"flex_column av_one_full  flex_column_div av-zero-column-padding first  avia-builder-el-4  el_after_av_one_full  el_before_av_hr  column-top-margin\" style='border-radius:0px; '><section class=\"av_textblock_section \"  itemscope=\"itemscope\" itemtype=\"https:\/\/schema.org\/BlogPosting\" itemprop=\"blogPost\" ><div class='avia_textblock  '   itemprop=\"text\" ><p style=\"text-align: justify;\">Este evento contar\u00e1 con la presentaci\u00f3n de 27 artistas y colectivos de m\u00fasica y artes esc\u00e9nicas, programado para los d\u00edas jueves 13, viernes 14 y s\u00e1bado 15 de enero a partir de las 16:00 horas, donde la comunidad regional podr\u00e1 ser part\u00edcipe de una variada cartelera cultural y regional, present\u00e1ndose disciplinas en torno a la m\u00fasica, teatro, danza, folclore, circo, t\u00edteres, entre otras.<\/p>\n<p style=\"text-align: justify;\">Alejandro Reyes, director del Campus Patagonia UACh, se\u00f1al\u00f3 que \u201cpara nosotros como universidad es un hito tremendamente importante, porque una de las caracter\u00edsticas de nuestra universidad es el fomento de las artes y las culturas y agradecemos la oportunidad que tenemos como Instituci\u00f3n de Educaci\u00f3n Superior, poder transmitir, participar y organizar estas actividades\u201d.<\/p>\n<p style=\"text-align: justify;\">\u201cLa Direcci\u00f3n de Vinculaci\u00f3n con el Medio de la Universidad Austral de Chile, saluda especialmente esta actividad que se desarrolla en la Regi\u00f3n de Ays\u00e9n. Nuestro agradecimiento adem\u00e1s es a las instituciones p\u00fablicas que han confiado en nosotros y nos han incorporado en este esfuerzo que busca valorar las culturas y las artes\u00a0 el patrimonio material e inmaterial de nuestra zona sur austral. El Festival de las Artes de Ays\u00e9n &#8211; UACh 2022, nos trae una hermosa oportunidad de participar del esfuerzo regional, de la dinamizaci\u00f3n de las agendas y del reconocimiento a quienes han dedicado su vida a la creaci\u00f3n y el trabajo art\u00edstico\u201d, destac\u00f3 Ronnie Reyes, director Vinculaci\u00f3n con el Medio UACh.<\/p>\n<p style=\"text-align: justify;\">Otro hito importante es que el festival contempla la inauguraci\u00f3n del \u201cEscenario M\u00f3vil\u201d, un semirremolque totalmente equipado y aut\u00f3nomo, \u00fanico a nivel nacional destinado para la realizaci\u00f3n de diferentes tipos de eventos art\u00edsticos culturales, facilitado por la Secretaria Ministerial de las Culturas, las Artes y el Patrimonio, Regi\u00f3n de Ays\u00e9n a la Universidad Austral de Chile, con el fin de promover la cultura y el arte en nuestra regi\u00f3n.<\/p>\n<p style=\"text-align: justify;\">As\u00ed lo destac\u00f3 la Seremi de las Culturas, las Artes y el Patrimonio de la Regi\u00f3n de Ays\u00e9n, Ver\u00f3nica D\u00edaz, \u201cpara nosotros es un momento muy importante porque vamos a poner a disposici\u00f3n de la ciudadan\u00eda el escenario m\u00f3vil, que fue un bien comprado por el Gobierno Regional hace varios a\u00f1os atr\u00e1s y durante el a\u00f1o pasado lo utilizamos precisamente para poder hacer capacitaciones de equipo, de especialistas y de t\u00e9cnicos que puedan hacer el montaje y una producci\u00f3n como el evento que vamos a presentar esta semana, donde invitamos a la ciudadan\u00eda a ser parte de estas actividades que se han programado en el verano cultural de la Regi\u00f3n de Ays\u00e9n\u201d.<\/p>\n<p style=\"text-align: justify;\">Cabe destacar que esta iniciativa tiene por objetivo favorecer la participaci\u00f3n de artistas y colectivos regionales, para visibilizar las obras de m\u00fasicos y artistas esc\u00e9nicos y proveer de programaci\u00f3n art\u00edstica presencial con sello regional a trav\u00e9s de un escenario m\u00f3vil en el espacio p\u00fablico de la ciudad de Coyhaique y colaborar con la reactivaci\u00f3n econ\u00f3mica de los y las artistas de la Regi\u00f3n de Ays\u00e9n.<\/p>\n<p style=\"text-align: justify;\"><strong>Cartelera Art\u00edstico &#8211; Cultural<\/strong><\/p>\n<p style=\"text-align: justify;\">Carlos Galdames, coordinador del \u00c1rea de Arte y Cultura del Campus Patagonia aludi\u00f3 a que la programaci\u00f3n contempla n\u00fameros de m\u00fasica, danza, teatro, circo, entre otros, todos de \u00edndole regional y dirigidos a toda la familia. Dentro de la programaci\u00f3n se encuentran algunos grupos y artistas de gran trayectoria como \u201cD\u00fao Trapananda\u201d, \u201cCinchando pa\u2019 no Aflojar\u201d, \u201cLa Gorda\u201d, \u201cMahindra\u201d, \u201cJorge Contreras\u201d, \u201cNaara Andariega\u201d, entre otros.<\/p>\n<p style=\"text-align: justify;\">Participar\u00e1n tambi\u00e9n grupos de otras localidades como \u201cMawun\u201d de Puerto Cisnes, \u201cBuena Yunta\u201d de Puerto Guadal, \u201cEstampa Lagoverdina\u201d de Lago Verde, \u201cLos de San Lorenzo\u201d de Cochrane, etc. Con esto, adem\u00e1s se busca poder aportar a la descentralizaci\u00f3n de artistas y colectivos de diferentes partes de la regi\u00f3n con el fin de poder ofrecer una programaci\u00f3n diversa y con un fuerte componente identitario.<\/p>\n<p style=\"text-align: justify;\">Tambi\u00e9n, se contar\u00e1 con programaci\u00f3n dedicada al p\u00fablico familiar donde se contar\u00e1 con la presencia de la Compa\u00f1\u00eda Ramillete Clown, La Compa\u00f1\u00eda de Teatro Huevo, la Compa\u00f1\u00eda de T\u00edteres Vuelo Teatro y Circo Aike.<\/p>\n<p style=\"text-align: justify;\">Adem\u00e1s, el colectivo de danzas de la Regi\u00f3n de Ays\u00e9n ser\u00e1 parte de la parrilla program\u00e1tica a trav\u00e9s de tres presentaciones llamadas \u201cLa Quinta Cuerda\u201d, \u201cColectivo Transitar\u201d y \u201cCrew Urbanos Coyhaique\u201d.<\/p>\n<p style=\"text-align: justify;\">Finalmente y como parte del plan de inclusi\u00f3n y valorizaci\u00f3n, har\u00e1 estreno por primera vez en una escenario de esta naturaleza, la artista, transformista y performance regional \u201cZafiro Stars\u201d qui\u00e9n presentar\u00e1 un n\u00famero de danza y lipsync el d\u00eda s\u00e1bado 15 de diciembre, siendo este un hito y un aporte a la visibilizar a artistas pertenecientes al Colectivo Diversa Patagonia, ONG orientada a las disidencias sexuales y apoyo en todo \u00e1mbito a la Comunidad LGBTIAQ+ de la Regi\u00f3n de Ays\u00e9n.<\/p>\n<p style=\"text-align: justify;\">El \u201cFestival de las Artes Ays\u00e9n \u2013 UACh 2022\u201d es financiado por el Ministerio de las Culturas, las Artes y el Patrimonio, Regi\u00f3n de Ays\u00e9n.<\/p>\n<\/div><\/section><\/div><\/p>\n<div  style='height:50px' class='hr hr-invisible   avia-builder-el-6  el_after_av_one_full  el_before_av_social_share '><span class='hr-inner ' ><span class='hr-inner-style'><\/span><\/span><\/div>\n<div  class='av-social-sharing-box  avia-builder-el-7  el_after_av_hr  el_before_av_hr  '><div class='av-share-box'><h5 class='av-share-link-description av-no-toc '>Compartir esta noticia<\/h5><ul class='av-share-box-list noLightbox'><li class='av-share-link av-social-link-facebook' ><a target=\"_blank\" aria-label=\"Compartir en Facebook\" href='https:\/\/www.facebook.com\/sharer.php?u=https:\/\/radiorevelacionfm.cl\/?p=12661&#038;t=Esta%20semana%20se%20inicia%20el%20Festival%20de%20las%20Artes%20Ays%C3%A9n%20%E2%80%93%20UACh%202022' aria-hidden='false' data-av_icon='\ue8f3' data-av_iconfont='entypo-fontello' title='' data-avia-related-tooltip='Compartir en Facebook' rel=\"noopener\"><span class='avia_hidden_link_text'>Compartir en Facebook<\/span><\/a><\/li><li class='av-share-link av-social-link-twitter' ><a target=\"_blank\" aria-label=\"Compartir en Twitter\" href='https:\/\/twitter.com\/share?text=Esta%20semana%20se%20inicia%20el%20Festival%20de%20las%20Artes%20Ays%C3%A9n%20%E2%80%93%20UACh%202022&#038;url=https:\/\/radiorevelacionfm.cl\/?p=12661' aria-hidden='false' data-av_icon='\ue8f1' data-av_iconfont='entypo-fontello' title='' data-avia-related-tooltip='Compartir en Twitter' rel=\"noopener\"><span class='avia_hidden_link_text'>Compartir en Twitter<\/span><\/a><\/li><li class='av-share-link av-social-link-whatsapp' ><a target=\"_blank\" aria-label=\"Compartir en Whatsapp\" href='https:\/\/api.whatsapp.com\/send?text=https:\/\/radiorevelacionfm.cl\/?p=12661' aria-hidden='false' data-av_icon='\uf232' data-av_iconfont='entypo-fontello' title='' data-avia-related-tooltip='Compartir en Whatsapp' rel=\"noopener\"><span class='avia_hidden_link_text'>Compartir en Whatsapp<\/span><\/a><\/li><li class='av-share-link av-social-link-linkedin' ><a target=\"_blank\" aria-label=\"Compartir en LinkedIn\" href='https:\/\/linkedin.com\/shareArticle?mini=true&#038;title=Esta%20semana%20se%20inicia%20el%20Festival%20de%20las%20Artes%20Ays%C3%A9n%20%E2%80%93%20UACh%202022&#038;url=https:\/\/radiorevelacionfm.cl\/?p=12661' aria-hidden='false' data-av_icon='\ue8fc' data-av_iconfont='entypo-fontello' title='' data-avia-related-tooltip='Compartir en LinkedIn' rel=\"noopener\"><span class='avia_hidden_link_text'>Compartir en LinkedIn<\/span><\/a><\/li><li class='av-share-link av-social-link-mail' ><a  aria-label=\"Compartir por correo\" href='mailto:?subject=Esta%20semana%20se%20inicia%20el%20Festival%20de%20las%20Artes%20Ays%C3%A9n%20%E2%80%93%20UACh%202022&#038;body=https:\/\/radiorevelacionfm.cl\/?p=12661' aria-hidden='false' data-av_icon='\ue805' data-av_iconfont='entypo-fontello' title='' data-avia-related-tooltip='Compartir por correo'><span class='avia_hidden_link_text'>Compartir por correo<\/span><\/a><\/li><\/ul><\/div><\/div>\n<div  style='height:50px' class='hr hr-invisible   avia-builder-el-8  el_after_av_social_share  el_before_av_comments_list '><span class='hr-inner ' ><span class='hr-inner-style'><\/span><\/span><\/div>\n<div  class='av-buildercomment  av-blog-meta-html-info-disabled av-blog-meta-tag-disabled  '><\/div>\n","protected":false},"excerpt":{"rendered":"","protected":false},"author":1,"featured_media":12662,"comment_status":"open","ping_status":"open","sticky":false,"template":"","format":"standard","meta":{"footnotes":""},"categories":[52],"tags":[],"class_list":["post-12661","post","type-post","status-publish","format-standard","has-post-thumbnail","hentry","category-cultura"],"jetpack_featured_media_url":"https:\/\/radiorevelacionfm.cl\/wp-content\/uploads\/2022\/01\/Punto-de-prensa-I-2-2.jpeg","_links":{"self":[{"href":"https:\/\/radiorevelacionfm.cl\/index.php?rest_route=\/wp\/v2\/posts\/12661","targetHints":{"allow":["GET"]}}],"collection":[{"href":"https:\/\/radiorevelacionfm.cl\/index.php?rest_route=\/wp\/v2\/posts"}],"about":[{"href":"https:\/\/radiorevelacionfm.cl\/index.php?rest_route=\/wp\/v2\/types\/post"}],"author":[{"embeddable":true,"href":"https:\/\/radiorevelacionfm.cl\/index.php?rest_route=\/wp\/v2\/users\/1"}],"replies":[{"embeddable":true,"href":"https:\/\/radiorevelacionfm.cl\/index.php?rest_route=%2Fwp%2Fv2%2Fcomments&post=12661"}],"version-history":[{"count":3,"href":"https:\/\/radiorevelacionfm.cl\/index.php?rest_route=\/wp\/v2\/posts\/12661\/revisions"}],"predecessor-version":[{"id":12673,"href":"https:\/\/radiorevelacionfm.cl\/index.php?rest_route=\/wp\/v2\/posts\/12661\/revisions\/12673"}],"wp:featuredmedia":[{"embeddable":true,"href":"https:\/\/radiorevelacionfm.cl\/index.php?rest_route=\/wp\/v2\/media\/12662"}],"wp:attachment":[{"href":"https:\/\/radiorevelacionfm.cl\/index.php?rest_route=%2Fwp%2Fv2%2Fmedia&parent=12661"}],"wp:term":[{"taxonomy":"category","embeddable":true,"href":"https:\/\/radiorevelacionfm.cl\/index.php?rest_route=%2Fwp%2Fv2%2Fcategories&post=12661"},{"taxonomy":"post_tag","embeddable":true,"href":"https:\/\/radiorevelacionfm.cl\/index.php?rest_route=%2Fwp%2Fv2%2Ftags&post=12661"}],"curies":[{"name":"wp","href":"https:\/\/api.w.org\/{rel}","templated":true}]}}